{"id":114966,"date":"2018-08-31T14:59:23","date_gmt":"2018-08-31T17:59:23","guid":{"rendered":"https:\/\/senoticias.com.br\/se\/?p=114966"},"modified":"2018-08-31T15:01:31","modified_gmt":"2018-08-31T18:01:31","slug":"prf-autua-quatro-pessoas-por-abandono-de-animais-em-n-sra-do-socorro","status":"publish","type":"post","link":"https:\/\/senoticias.com.br\/se\/prf-autua-quatro-pessoas-por-abandono-de-animais-em-n-sra-do-socorro\/","title":{"rendered":"PRF autua quatro pessoas por abandono de animais em N. Sra. do Socorro"},"content":{"rendered":"<p style=\"text-align: justify\"><span style=\"color: #000000\">Na \u00faltima quinta-feira, 30, os agentes federais lavraram Termos Circunstanciados de Ocorr\u00eancia (TCOs) para quatro pessoas, que se apresentaram como donos de animais recolhidos pelo caminh\u00e3o boiadeiro da Pol\u00edcia Rodovi\u00e1ria Federal em plant\u00f5es anteriores.<\/span><\/p>\n<div id=\"attachment_108527\" style=\"width: 570px\" class=\"wp-caption aligncenter\"><a href=\"https:\/\/senoticias.com.br\/se\/wp-content\/uploads\/2017\/11\/prf-SENOTICIAS.jpg\"><img loading=\"lazy\" decoding=\"async\" aria-describedby=\"caption-attachment-108527\" class=\"wp-image-108527 size-full\" src=\"https:\/\/senoticias.com.br\/se\/wp-content\/uploads\/2017\/11\/prf-SENOTICIAS.jpg\" alt=\"\" width=\"560\" height=\"420\" srcset=\"https:\/\/senoticias.com.br\/se\/wp-content\/uploads\/2017\/11\/prf-SENOTICIAS.jpg 560w, https:\/\/senoticias.com.br\/se\/wp-content\/uploads\/2017\/11\/prf-SENOTICIAS-300x225.jpg 300w, https:\/\/senoticias.com.br\/se\/wp-content\/uploads\/2017\/11\/prf-SENOTICIAS-45x35.jpg 45w\" sizes=\"(max-width: 560px) 100vw, 560px\" \/><\/a><p id=\"caption-attachment-108527\" class=\"wp-caption-text\">Foto: Ascom PRF<\/p><\/div>\n<p style=\"text-align: justify\"><span style=\"color: #000000\">Deixar animal solto em via p\u00fablica oferecendo risco \u00e0 popula\u00e7\u00e3o e ao tr\u00e2nsito configura Contraven\u00e7\u00e3o Penal, capitulada no Art. 31 do Decreto Lei 3688\/41. Foram adotados os procedimentos de costume para libera\u00e7\u00e3o dos animais.<\/span><\/p>\n<p style=\"text-align: justify\"><span style=\"color: #000000\">Os propriet\u00e1rios poder\u00e3o responder a den\u00fancia formalizada pelo Minist\u00e9rio P\u00fablico, em virtude do cometimento da referida contraven\u00e7\u00e3o.<\/span><\/p>\n<p>&nbsp;<\/p>\n<p><a href=\"https:\/\/senoticias.com.br\/se\/wp-content\/uploads\/2018\/08\/Logomarca-fone-SE-4-2-1-1.jpg\"><img loading=\"lazy\" decoding=\"async\" class=\"aligncenter wp-image-114484 size-full\" src=\"https:\/\/senoticias.com.br\/se\/wp-content\/uploads\/2018\/08\/Logomarca-fone-SE-4-2-1-1.jpg\" alt=\"\" width=\"599\" height=\"78\" srcset=\"https:\/\/senoticias.com.br\/se\/wp-content\/uploads\/2018\/08\/Logomarca-fone-SE-4-2-1-1.jpg 599w, https:\/\/senoticias.com.br\/se\/wp-content\/uploads\/2018\/08\/Logomarca-fone-SE-4-2-1-1-300x39.jpg 300w\" sizes=\"(max-width: 599px) 100vw, 599px\" \/><\/a><\/p>\n<p>Por Ascom PRF\/SE<\/p>\n","protected":false},"excerpt":{"rendered":"<p>Na \u00faltima quinta-feira, 30, os agentes federais lavraram Termos Circunstanciados de Ocorr\u00eancia (TCOs) para quatro pessoas, que se apresentaram como donos de animais recolhidos pelo caminh\u00e3o boiadeiro da Pol\u00edcia Rodovi\u00e1ria Federal em plant\u00f5es anteriores. Deixar animal solto em via p\u00fablica oferecendo risco \u00e0 popula\u00e7\u00e3o e ao tr\u00e2nsito configura Contraven\u00e7\u00e3o Penal, capitulada no Art. 31 do [&hellip;]<\/p>\n","protected":false},"author":6553,"featured_media":0,"comment_status":"closed","ping_status":"closed","sticky":false,"template":"","format":"standard","meta":{"footnotes":""},"categories":[15,7],"tags":[7129,1303,4464,77,223,2746,10725,3320],"class_list":{"0":"post-114966","1":"post","2":"type-post","3":"status-publish","4":"format-standard","6":"category-destaques","7":"category-policia","8":"tag-animais","9":"tag-policia","10":"tag-presos","11":"tag-prf","12":"tag-sergipe","13":"tag-socorro","14":"tag-soltos","15":"tag-transito"},"_links":{"self":[{"href":"https:\/\/senoticias.com.br\/se\/wp-json\/wp\/v2\/posts\/114966"}],"collection":[{"href":"https:\/\/senoticias.com.br\/se\/wp-json\/wp\/v2\/posts"}],"about":[{"href":"https:\/\/senoticias.com.br\/se\/wp-json\/wp\/v2\/types\/post"}],"author":[{"embeddable":true,"href":"https:\/\/senoticias.com.br\/se\/wp-json\/wp\/v2\/users\/6553"}],"replies":[{"embeddable":true,"href":"https:\/\/senoticias.com.br\/se\/wp-json\/wp\/v2\/comments?post=114966"}],"version-history":[{"count":0,"href":"https:\/\/senoticias.com.br\/se\/wp-json\/wp\/v2\/posts\/114966\/revisions"}],"wp:attachment":[{"href":"https:\/\/senoticias.com.br\/se\/wp-json\/wp\/v2\/media?parent=114966"}],"wp:term":[{"taxonomy":"category","embeddable":true,"href":"https:\/\/senoticias.com.br\/se\/wp-json\/wp\/v2\/categories?post=114966"},{"taxonomy":"post_tag","embeddable":true,"href":"https:\/\/senoticias.com.br\/se\/wp-json\/wp\/v2\/tags?post=114966"}],"curies":[{"name":"wp","href":"https:\/\/api.w.org\/{rel}","templated":true}]}}