{"id":114933,"date":"2018-08-30T09:18:51","date_gmt":"2018-08-30T12:18:51","guid":{"rendered":"https:\/\/senoticias.com.br\/se\/?p=114933"},"modified":"2018-08-30T10:09:00","modified_gmt":"2018-08-30T13:09:00","slug":"tre-proibe-joao-tarantella-e-psl-e-de-disputar-eleicao-este-ano-em-sergipe","status":"publish","type":"post","link":"https:\/\/senoticias.com.br\/se\/tre-proibe-joao-tarantella-e-psl-e-de-disputar-eleicao-este-ano-em-sergipe\/","title":{"rendered":"TRE pro\u00edbe Jo\u00e3o Tarantella e PSL e de disputar elei\u00e7\u00e3o este ano em Sergipe"},"content":{"rendered":"<p align=\"justify\">O Partido Social Liberal &#8211; PSL, diret\u00f3rio regional em Sergipe, foi considerado inabilitado para participar do pleito eleitoral de 2018 e registrar candidaturas para os cargos de governador, senador, deputado federal e deputado estadual.<\/p>\n<div id=\"attachment_114934\" style=\"width: 610px\" class=\"wp-caption alignnone\"><a href=\"https:\/\/senoticias.com.br\/se\/wp-content\/uploads\/2018\/08\/8216.jpg\"><img loading=\"lazy\" decoding=\"async\" aria-describedby=\"caption-attachment-114934\" class=\"size-full wp-image-114934\" src=\"https:\/\/senoticias.com.br\/se\/wp-content\/uploads\/2018\/08\/8216.jpg\" alt=\"\" width=\"600\" height=\"398\" srcset=\"https:\/\/senoticias.com.br\/se\/wp-content\/uploads\/2018\/08\/8216.jpg 600w, https:\/\/senoticias.com.br\/se\/wp-content\/uploads\/2018\/08\/8216-300x199.jpg 300w, https:\/\/senoticias.com.br\/se\/wp-content\/uploads\/2018\/08\/8216-90x60.jpg 90w, https:\/\/senoticias.com.br\/se\/wp-content\/uploads\/2018\/08\/8216-180x120.jpg 180w, https:\/\/senoticias.com.br\/se\/wp-content\/uploads\/2018\/08\/8216-95x64.jpg 95w\" sizes=\"(max-width: 600px) 100vw, 600px\" \/><\/a><p id=\"caption-attachment-114934\" class=\"wp-caption-text\">PSL est\u00e1 inabilitado de concorrer nas elei\u00e7\u00f5es 2018 em Sergipe. (Foto: arquivo\/TRE)<\/p><\/div>\n<p align=\"justify\">O registro do partido foi negado porque a agremia\u00e7\u00e3o partid\u00e1ria, embora intimada, n\u00e3o atendeu o percentual m\u00ednimo de candidatos por sexo, exig\u00eancia prevista no art. 20, \u00a7 2\u00ba, da Resolu\u00e7\u00e3o TSE n. 23.548\/2017.<\/p>\n<p align=\"justify\">O relator do caso, juiz\u00a0<strong>Joaby Gomes Ferreira<\/strong>, informou aos demais ju\u00edzes membros do TRE-SE que o PSL apresentou 8 candidaturas masculinas de deputado federal, perfazendo um percentual de 72,7%, e apenas 3 candidaturas do g\u00eanero feminino, n\u00famero que equivale a 26,27%.<\/p>\n<p style=\"text-align: justify;\" align=\"justify\">O magistrado, ao citar o autor Jos\u00e9 Jairo Gomes, afirmou que \u201ca inten\u00e7\u00e3o \u00e9 garantir um espa\u00e7o m\u00ednimo de participa\u00e7\u00e3o de homens e mulheres na vida pol\u00edtica do Pa\u00eds, j\u00e1 que o pluralismo constitui fundamento da Rep\u00fablica brasileira, estando entre seus objetivos a constru\u00e7\u00e3o de uma sociedade livre, justa e solid\u00e1ria, para al\u00e9m da promo\u00e7\u00e3o da dignidade da pessoa humana\u201d, afirmou.<\/p>\n<p style=\"text-align: justify;\" align=\"justify\">Fundamentando seu voto, o magistrado asseverou que o respeito ao percentual de cota por sexo (30% e 70%) constitui requisito necess\u00e1rio, sen\u00e3o essencial, a ser preenchido pelo partido pol\u00edtico que pretende se habilitar para participar das elei\u00e7\u00f5es, por visar reduzir a desigualdade de g\u00eanero na representa\u00e7\u00e3o parlamentar, considerando, inclusive, que o Brasil ocupa a 32\u00aa posi\u00e7\u00e3o em um ranking de 33 pa\u00edses latino-americanos e caribenhos sobre a participa\u00e7\u00e3o feminina em Parlamentos.<\/p>\n<p style=\"text-align: justify;\" align=\"justify\">Concluindo sua manifesta\u00e7\u00e3o o juiz Joaby assim decidiu: \u201co partido n\u00e3o sanou a irregularidade, mesmo diante da prorroga\u00e7\u00e3o do prazo concedida por parte do TRE-SE para esta finalidade, de modo a ser for\u00e7oso concluir pela negativa do pedido aqui apresentado. Diante do exposto, indefiro o pedido do PSL declarando-o inabilitado para participar das elei\u00e7\u00f5es 2018.<\/p>\n<p align=\"justify\">A decis\u00e3o pelo indeferimento foi acompanhada por\u00a0<a href=\"http:\/\/www.tre-se.jus.br\/o-tre\/composicao-do-pleno\">todos os ju\u00edzes membros<\/a>\u00a0da Corte Eleitoral de Sergipe.<\/p>\n<p align=\"justify\">\n<p align=\"justify\"><a href=\"https:\/\/senoticias.com.br\/se\/wp-content\/uploads\/2018\/08\/Logomarca-fone-SE-4-2-1-1.jpg\"><img loading=\"lazy\" decoding=\"async\" class=\"alignnone size-full wp-image-114484\" src=\"https:\/\/senoticias.com.br\/se\/wp-content\/uploads\/2018\/08\/Logomarca-fone-SE-4-2-1-1.jpg\" alt=\"\" width=\"599\" height=\"78\" srcset=\"https:\/\/senoticias.com.br\/se\/wp-content\/uploads\/2018\/08\/Logomarca-fone-SE-4-2-1-1.jpg 599w, https:\/\/senoticias.com.br\/se\/wp-content\/uploads\/2018\/08\/Logomarca-fone-SE-4-2-1-1-300x39.jpg 300w\" sizes=\"(max-width: 599px) 100vw, 599px\" \/><\/a><\/p>\n<p align=\"justify\">\n<p align=\"justify\"><em><strong>Acompanhe o SE Not\u00edcias no<\/strong><span class=\"apple-converted-space\"><b>\u00a0<\/b><\/span><a href=\"https:\/\/twitter.com\/Senoticias\" target=\"_blank\" rel=\"noopener\"><b>Twitter<\/b><\/a><strong>,<\/strong><span class=\"apple-converted-space\"><b>\u00a0<\/b><\/span><a href=\"https:\/\/www.facebook.com\/senoticias1\" target=\"_blank\" rel=\"noopener\"><b>Facebook<\/b><span class=\"apple-converted-space\"><b>\u00a0<\/b><\/span><\/a><strong>e no<\/strong><span class=\"apple-converted-space\"><b>\u00a0<\/b><\/span><a href=\"https:\/\/www.instagram.com\/senoticias\/\" target=\"_blank\" rel=\"noopener\"><b>Instagram<\/b><\/a><\/em><\/p>\n<p align=\"justify\"><em>Mat\u00e9ria extra\u00edda do site do TRE<\/em><\/p>\n","protected":false},"excerpt":{"rendered":"<p>O Partido Social Liberal &#8211; PSL, diret\u00f3rio regional em Sergipe, foi considerado inabilitado para participar do pleito eleitoral de 2018 e registrar candidaturas para os cargos de governador, senador, deputado federal e deputado estadual. O registro do partido foi negado porque a agremia\u00e7\u00e3o partid\u00e1ria, embora intimada, n\u00e3o atendeu o percentual m\u00ednimo de candidatos por sexo, [&hellip;]<\/p>\n","protected":false},"author":6552,"featured_media":114934,"comment_status":"closed","ping_status":"closed","sticky":false,"template":"","format":"standard","meta":{"footnotes":""},"categories":[15,6],"tags":[2720,10723,10724,10059],"class_list":{"0":"post-114933","1":"post","2":"type-post","3":"status-publish","4":"format-standard","5":"has-post-thumbnail","7":"category-destaques","8":"category-politica","9":"tag-eleicoes-2018","10":"tag-joao-tarantella","11":"tag-partido-social-liberal","12":"tag-psl"},"_links":{"self":[{"href":"https:\/\/senoticias.com.br\/se\/wp-json\/wp\/v2\/posts\/114933"}],"collection":[{"href":"https:\/\/senoticias.com.br\/se\/wp-json\/wp\/v2\/posts"}],"about":[{"href":"https:\/\/senoticias.com.br\/se\/wp-json\/wp\/v2\/types\/post"}],"author":[{"embeddable":true,"href":"https:\/\/senoticias.com.br\/se\/wp-json\/wp\/v2\/users\/6552"}],"replies":[{"embeddable":true,"href":"https:\/\/senoticias.com.br\/se\/wp-json\/wp\/v2\/comments?post=114933"}],"version-history":[{"count":0,"href":"https:\/\/senoticias.com.br\/se\/wp-json\/wp\/v2\/posts\/114933\/revisions"}],"wp:featuredmedia":[{"embeddable":true,"href":"https:\/\/senoticias.com.br\/se\/wp-json\/wp\/v2\/media\/114934"}],"wp:attachment":[{"href":"https:\/\/senoticias.com.br\/se\/wp-json\/wp\/v2\/media?parent=114933"}],"wp:term":[{"taxonomy":"category","embeddable":true,"href":"https:\/\/senoticias.com.br\/se\/wp-json\/wp\/v2\/categories?post=114933"},{"taxonomy":"post_tag","embeddable":true,"href":"https:\/\/senoticias.com.br\/se\/wp-json\/wp\/v2\/tags?post=114933"}],"curies":[{"name":"wp","href":"https:\/\/api.w.org\/{rel}","templated":true}]}}