{"id":114927,"date":"2018-08-29T22:27:53","date_gmt":"2018-08-30T01:27:53","guid":{"rendered":"https:\/\/senoticias.com.br\/se\/?p=114927"},"modified":"2018-08-29T22:27:53","modified_gmt":"2018-08-30T01:27:53","slug":"relacoes-publicas-da-policia-militar-participa-do-iii-congresso-sergipano-de-psicologia-na-condicao-de-debatedor","status":"publish","type":"post","link":"https:\/\/senoticias.com.br\/se\/relacoes-publicas-da-policia-militar-participa-do-iii-congresso-sergipano-de-psicologia-na-condicao-de-debatedor\/","title":{"rendered":"Rela\u00e7\u00f5es P\u00fablicas da Pol\u00edcia Militar participa do III Congresso Sergipano de Psicologia na condi\u00e7\u00e3o de debatedor"},"content":{"rendered":"<p style=\"font-weight: 400; text-align: justify;\">Na tarde desta quarta-feira, 29, o oficial da Pol\u00edcia Militar do Estado de Sergipe, major F\u00e1bio Luiz Silva Machado, que atualmente exerce a fun\u00e7\u00e3o de rela\u00e7\u00f5es p\u00fablicas na Corpora\u00e7\u00e3o, participou do III Congresso Sergipano de Psicologia, na condi\u00e7\u00e3o de debatedor na Roda de Conversa: Psicologia do Tr\u00e2nsito. O evento foi realizado na Universidade Tiradentes (Unit), campus Farol\u00e2ndia, em Aracaju.<\/p>\n<div id=\"attachment_114928\" style=\"width: 609px\" class=\"wp-caption alignnone\"><a href=\"https:\/\/senoticias.com.br\/se\/wp-content\/uploads\/2018\/08\/Major-Machado-no-debate-3.jpg\"><img loading=\"lazy\" decoding=\"async\" aria-describedby=\"caption-attachment-114928\" class=\"size-full wp-image-114928\" src=\"https:\/\/senoticias.com.br\/se\/wp-content\/uploads\/2018\/08\/Major-Machado-no-debate-3-e1535592291401.jpg\" alt=\"\" width=\"599\" height=\"899\" \/><\/a><p id=\"caption-attachment-114928\" class=\"wp-caption-text\">O convite para a participa\u00e7\u00e3o do major Machado no debate, partiu do Conselho Regional de Psicologia da 19\u1d43 Regi\u00e3o. (Foto: ascom\/PM\/SE)<\/p><\/div>\n<p style=\"font-weight: 400; text-align: justify;\">O convite para a participa\u00e7\u00e3o do major Machado no debate, partiu do Conselho Regional de Psicologia da 19\u1d43\u00a0Regi\u00e3o, entidade organizadora do congresso, em virtude da ampla atua\u00e7\u00e3o do oficial na \u00e1rea de tr\u00e2nsito em Sergipe. O policial militar, que j\u00e1 exerceu o cargo de comandante da Companhia de Policiamento de Tr\u00e2nsito (CPTran) e do Batalh\u00e3o de Pol\u00edcia Rodovi\u00e1ria da PMSE, passou por diversas capacita\u00e7\u00f5es envolvendo o tema, a exemplo do Curso de Especializa\u00e7\u00e3o de Tr\u00e2nsito Urbano, Curso de Atualiza\u00e7\u00e3o em Legisla\u00e7\u00e3o de Tr\u00e2nsito, ambos na cidade de S\u00e3o Paulo (SP) e do Curso de Aperfei\u00e7oamento em Legisla\u00e7\u00e3o de Tr\u00e2nsito, em Fortaleza (CE), entre outros.<\/p>\n<p style=\"font-weight: 400; text-align: justify;\">\n<p style=\"font-weight: 400; text-align: justify;\">Na oportunidade, a Roda de Conversa coordenada pela psic\u00f3loga perita em tr\u00e2nsito, Maria Em\u00edlia de Melo B\u00f4to, teve como tema central a Psicologia do Tr\u00e2nsito: \u201cPrevenir e Conscientizar Para Transformar Atitudes\u201d.<\/p>\n<p>&nbsp;<\/p>\n<p><a href=\"https:\/\/senoticias.com.br\/se\/wp-content\/uploads\/2018\/08\/Logomarca-fone-SE-4-2-1-1.jpg\"><img loading=\"lazy\" decoding=\"async\" class=\"alignnone size-full wp-image-114484\" src=\"https:\/\/senoticias.com.br\/se\/wp-content\/uploads\/2018\/08\/Logomarca-fone-SE-4-2-1-1.jpg\" alt=\"\" width=\"599\" height=\"78\" srcset=\"https:\/\/senoticias.com.br\/se\/wp-content\/uploads\/2018\/08\/Logomarca-fone-SE-4-2-1-1.jpg 599w, https:\/\/senoticias.com.br\/se\/wp-content\/uploads\/2018\/08\/Logomarca-fone-SE-4-2-1-1-300x39.jpg 300w\" sizes=\"(max-width: 599px) 100vw, 599px\" \/><\/a><\/p>\n<p>&nbsp;<\/p>\n<p><em><strong>Acompanhe o SE Not\u00edcias no<\/strong><span class=\"apple-converted-space\"><b>\u00a0<\/b><\/span><a href=\"https:\/\/twitter.com\/Senoticias\" target=\"_blank\" rel=\"noopener\"><b>Twitter<\/b><\/a><strong>,<\/strong><span class=\"apple-converted-space\"><b>\u00a0<\/b><\/span><a href=\"https:\/\/www.facebook.com\/senoticias1\" target=\"_blank\" rel=\"noopener\"><b>Facebook<\/b><span class=\"apple-converted-space\"><b>\u00a0<\/b><\/span><\/a><strong>e no<\/strong><span class=\"apple-converted-space\"><b>\u00a0<\/b><\/span><a href=\"https:\/\/www.instagram.com\/senoticias\/\" target=\"_blank\" rel=\"noopener\"><b>Instagram<\/b><\/a><\/em><\/p>\n<p><em>Por ascom\/PM\/SE<\/em><\/p>\n","protected":false},"excerpt":{"rendered":"<p>Na tarde desta quarta-feira, 29, o oficial da Pol\u00edcia Militar do Estado de Sergipe, major F\u00e1bio Luiz Silva Machado, que atualmente exerce a fun\u00e7\u00e3o de rela\u00e7\u00f5es p\u00fablicas na Corpora\u00e7\u00e3o, participou do III Congresso Sergipano de Psicologia, na condi\u00e7\u00e3o de debatedor na Roda de Conversa: Psicologia do Tr\u00e2nsito. O evento foi realizado na Universidade Tiradentes (Unit), [&hellip;]<\/p>\n","protected":false},"author":6552,"featured_media":114928,"comment_status":"closed","ping_status":"closed","sticky":false,"template":"","format":"standard","meta":{"footnotes":""},"categories":[15,7],"tags":[10720,10719,10722,505,10721,10718],"class_list":{"0":"post-114927","1":"post","2":"type-post","3":"status-publish","4":"format-standard","5":"has-post-thumbnail","7":"category-destaques","8":"category-policia","9":"tag-congresso-sergipano-de-psicologia","10":"tag-conselho-regional-de-psicologia","11":"tag-major-machado","12":"tag-policia-militar-do-estado-de-sergipe","13":"tag-relacoes-publicas-da-policia-militar","14":"tag-roda-de-conversa"},"_links":{"self":[{"href":"https:\/\/senoticias.com.br\/se\/wp-json\/wp\/v2\/posts\/114927"}],"collection":[{"href":"https:\/\/senoticias.com.br\/se\/wp-json\/wp\/v2\/posts"}],"about":[{"href":"https:\/\/senoticias.com.br\/se\/wp-json\/wp\/v2\/types\/post"}],"author":[{"embeddable":true,"href":"https:\/\/senoticias.com.br\/se\/wp-json\/wp\/v2\/users\/6552"}],"replies":[{"embeddable":true,"href":"https:\/\/senoticias.com.br\/se\/wp-json\/wp\/v2\/comments?post=114927"}],"version-history":[{"count":0,"href":"https:\/\/senoticias.com.br\/se\/wp-json\/wp\/v2\/posts\/114927\/revisions"}],"wp:featuredmedia":[{"embeddable":true,"href":"https:\/\/senoticias.com.br\/se\/wp-json\/wp\/v2\/media\/114928"}],"wp:attachment":[{"href":"https:\/\/senoticias.com.br\/se\/wp-json\/wp\/v2\/media?parent=114927"}],"wp:term":[{"taxonomy":"category","embeddable":true,"href":"https:\/\/senoticias.com.br\/se\/wp-json\/wp\/v2\/categories?post=114927"},{"taxonomy":"post_tag","embeddable":true,"href":"https:\/\/senoticias.com.br\/se\/wp-json\/wp\/v2\/tags?post=114927"}],"curies":[{"name":"wp","href":"https:\/\/api.w.org\/{rel}","templated":true}]}}