{"id":114907,"date":"2018-08-28T17:30:43","date_gmt":"2018-08-28T20:30:43","guid":{"rendered":"https:\/\/senoticias.com.br\/se\/?p=114907"},"modified":"2018-08-28T17:30:43","modified_gmt":"2018-08-28T20:30:43","slug":"correios-passam-a-cobrar-r15-em-encomendas-internacionais","status":"publish","type":"post","link":"https:\/\/senoticias.com.br\/se\/correios-passam-a-cobrar-r15-em-encomendas-internacionais\/","title":{"rendered":"Correios passam a cobrar R$15 em encomendas internacionais"},"content":{"rendered":"<p style=\"text-align: justify\"><span style=\"color: #000000\">Todas as encomendas internacionais que chegarem ao Brasil pelos Correios estar\u00e3o sujeitas \u00e0 cobran\u00e7a do despacho postal, no valor de R$ 15. A medida j\u00e1 est\u00e1 valendo desde a \u00faltima segunda-feira (27).\u00a0<\/span><\/p>\n<p style=\"text-align: justify\"><span style=\"color: #000000\">Nos \u00faltimos anos, o servi\u00e7o era cobrado apenas para os objetos tributados pela Receita Federal. \u201cPor\u00e9m, com o aumento das importa\u00e7\u00f5es, a empresa precisou injetar mais recursos na opera\u00e7\u00e3o para manter o padr\u00e3o do servi\u00e7o\u201d, informou os Correios, em nota.<\/span><\/p>\n<div id=\"attachment_114908\" style=\"width: 609px\" class=\"wp-caption aligncenter\"><a href=\"https:\/\/senoticias.com.br\/se\/wp-content\/uploads\/2018\/08\/agencia_dos_correios_-_foto_elza_fiuza-arquivo_agencia_brasil-e1535488190940.jpg\"><img loading=\"lazy\" decoding=\"async\" aria-describedby=\"caption-attachment-114908\" class=\"wp-image-114908 size-full\" src=\"https:\/\/senoticias.com.br\/se\/wp-content\/uploads\/2018\/08\/agencia_dos_correios_-_foto_elza_fiuza-arquivo_agencia_brasil-e1535488190940.jpg\" alt=\"\" width=\"599\" height=\"399\" \/><\/a><p id=\"caption-attachment-114908\" class=\"wp-caption-text\">Foto: Elza Fi\u00faza\/Ag\u00eancia Brasil<\/p><\/div>\n<p style=\"text-align: justify\"><span style=\"color: #000000\">Segundo a empresa, o\u00a0valor cobrado, de R$ 15, \u00e9 quatro vezes menor que a m\u00e9dia praticada por outros operadores log\u00edsticos para realizar procedimentos similares.\u00a0<\/span><\/p>\n<p style=\"text-align: justify\"><span style=\"color: #000000\">O despacho postal, entretanto, n\u00e3o deve ser confundido com tributo ou frete. De acordo com os Correios, o servi\u00e7o se refere \u00e0s atividades de suporte ao tratamento aduaneiro realizadas pelo operador postal, como o recebimento dos objetos e inspe\u00e7\u00e3o por raio X, formaliza\u00e7\u00e3o da importa\u00e7\u00e3o no sistema da Receita Federal (quando for o caso), tratamento de eventuais inconformidades (objetos proibidos, perigosos ou com exig\u00eancias espec\u00edficas), recolhimento e repasse dos impostos \u00e0 Receita Federal (quando houver tributa\u00e7\u00e3o), disponibiliza\u00e7\u00e3o de informa\u00e7\u00f5es ao importador para desembara\u00e7o da remessa via internet, entre outras.<\/span><\/p>\n<p style=\"text-align: justify\"><span style=\"color: #000000\">Os destinat\u00e1rios que estiverem aguardando encomendas do exterior devem acessar o sistema de rastreamento de objetos e realizar o pagamento do despacho postal por meio de boleto ou cart\u00e3o de cr\u00e9dito. O prazo de entrega do objeto, conforme o servi\u00e7o contratado no momento da compra, passa a contar a partir da data da confirma\u00e7\u00e3o do pagamento.<\/span><\/p>\n<p style=\"text-align: justify\"><span style=\"color: #000000\">As informa\u00e7\u00f5es e orienta\u00e7\u00f5es sobre os procedimentos de importa\u00e7\u00e3o\u00a0<a style=\"color: #000000\" href=\"https:\/\/www.correios.com.br\/encomendas-logistica\/minhas-importacoes\" target=\"_blank\" rel=\"noopener\">est\u00e3o dispon\u00edveis no site dos Correios<\/a>.\u00a0<\/span><\/p>\n<p>&nbsp;<\/p>\n<p><a href=\"https:\/\/senoticias.com.br\/se\/wp-content\/uploads\/2018\/08\/Logomarca-fone-SE-4-2-1-1.jpg\"><img loading=\"lazy\" decoding=\"async\" class=\"aligncenter wp-image-114484 size-full\" src=\"https:\/\/senoticias.com.br\/se\/wp-content\/uploads\/2018\/08\/Logomarca-fone-SE-4-2-1-1.jpg\" alt=\"\" width=\"599\" height=\"78\" srcset=\"https:\/\/senoticias.com.br\/se\/wp-content\/uploads\/2018\/08\/Logomarca-fone-SE-4-2-1-1.jpg 599w, https:\/\/senoticias.com.br\/se\/wp-content\/uploads\/2018\/08\/Logomarca-fone-SE-4-2-1-1-300x39.jpg 300w\" sizes=\"(max-width: 599px) 100vw, 599px\" \/><\/a><\/p>\n<p>Por Ag\u00eancia Brasil<\/p>\n","protected":false},"excerpt":{"rendered":"<p>Todas as encomendas internacionais que chegarem ao Brasil pelos Correios estar\u00e3o sujeitas \u00e0 cobran\u00e7a do despacho postal, no valor de R$ 15. A medida j\u00e1 est\u00e1 valendo desde a \u00faltima segunda-feira (27).\u00a0 Nos \u00faltimos anos, o servi\u00e7o era cobrado apenas para os objetos tributados pela Receita Federal. \u201cPor\u00e9m, com o aumento das importa\u00e7\u00f5es, a empresa [&hellip;]<\/p>\n","protected":false},"author":6553,"featured_media":0,"comment_status":"closed","ping_status":"closed","sticky":false,"template":"","format":"standard","meta":{"footnotes":""},"categories":[15,2961],"tags":[370,6444,3477,9760,223,9878],"class_list":{"0":"post-114907","1":"post","2":"type-post","3":"status-publish","4":"format-standard","6":"category-destaques","7":"category-nacional","8":"tag-brasil","9":"tag-cobranca","10":"tag-correios","11":"tag-internacional","12":"tag-sergipe","13":"tag-taxa"},"_links":{"self":[{"href":"https:\/\/senoticias.com.br\/se\/wp-json\/wp\/v2\/posts\/114907"}],"collection":[{"href":"https:\/\/senoticias.com.br\/se\/wp-json\/wp\/v2\/posts"}],"about":[{"href":"https:\/\/senoticias.com.br\/se\/wp-json\/wp\/v2\/types\/post"}],"author":[{"embeddable":true,"href":"https:\/\/senoticias.com.br\/se\/wp-json\/wp\/v2\/users\/6553"}],"replies":[{"embeddable":true,"href":"https:\/\/senoticias.com.br\/se\/wp-json\/wp\/v2\/comments?post=114907"}],"version-history":[{"count":0,"href":"https:\/\/senoticias.com.br\/se\/wp-json\/wp\/v2\/posts\/114907\/revisions"}],"wp:attachment":[{"href":"https:\/\/senoticias.com.br\/se\/wp-json\/wp\/v2\/media?parent=114907"}],"wp:term":[{"taxonomy":"category","embeddable":true,"href":"https:\/\/senoticias.com.br\/se\/wp-json\/wp\/v2\/categories?post=114907"},{"taxonomy":"post_tag","embeddable":true,"href":"https:\/\/senoticias.com.br\/se\/wp-json\/wp\/v2\/tags?post=114907"}],"curies":[{"name":"wp","href":"https:\/\/api.w.org\/{rel}","templated":true}]}}