{"id":114887,"date":"2018-08-27T15:11:45","date_gmt":"2018-08-27T18:11:45","guid":{"rendered":"https:\/\/senoticias.com.br\/se\/?p=114887"},"modified":"2018-08-27T15:11:45","modified_gmt":"2018-08-27T18:11:45","slug":"smtt-fara-mudanca-de-circulacao-na-avenida-augusto-franco-a-partir-de-setembro","status":"publish","type":"post","link":"https:\/\/senoticias.com.br\/se\/smtt-fara-mudanca-de-circulacao-na-avenida-augusto-franco-a-partir-de-setembro\/","title":{"rendered":"SMTT far\u00e1 mudan\u00e7a de circula\u00e7\u00e3o na avenida Augusto Franco a partir de setembro"},"content":{"rendered":"<p style=\"text-align: justify\"><span style=\"color: #000000\">A Superintend\u00eancia Municipal de Transportes e Tr\u00e2nsito de Aracaju (SMTT) informa que a partir do dia 12 de setembro, haver\u00e1 mudan\u00e7a de circula\u00e7\u00e3o no cruzamento das avenidas Augusto Franco e Nestor Sampaio, no bairro Ponto Novo.<\/span><\/p>\n<p style=\"text-align: justify\"><span style=\"color: #000000\">A convers\u00e3o \u00e0 esquerda ser\u00e1 proibida e os sem\u00e1foros do cruzamento ser\u00e3o reprogramados para reduzir o tempo de espera. A expectativa da SMTT com essas medidas \u00e9 elevar a seguran\u00e7a e dar maior agilidade ao tr\u00e1fego de ve\u00edculos na regi\u00e3o.<\/span><\/p>\n<div id=\"attachment_114888\" style=\"width: 609px\" class=\"wp-caption aligncenter\"><a href=\"https:\/\/senoticias.com.br\/se\/wp-content\/uploads\/2018\/08\/050b045b_3c98_4853_a532_a2fccd98e08f.jpg\"><img loading=\"lazy\" decoding=\"async\" aria-describedby=\"caption-attachment-114888\" class=\"wp-image-114888\" src=\"https:\/\/senoticias.com.br\/se\/wp-content\/uploads\/2018\/08\/050b045b_3c98_4853_a532_a2fccd98e08f.jpg\" alt=\"\" width=\"599\" height=\"473\" srcset=\"https:\/\/senoticias.com.br\/se\/wp-content\/uploads\/2018\/08\/050b045b_3c98_4853_a532_a2fccd98e08f.jpg 800w, https:\/\/senoticias.com.br\/se\/wp-content\/uploads\/2018\/08\/050b045b_3c98_4853_a532_a2fccd98e08f-300x237.jpg 300w, https:\/\/senoticias.com.br\/se\/wp-content\/uploads\/2018\/08\/050b045b_3c98_4853_a532_a2fccd98e08f-768x607.jpg 768w, https:\/\/senoticias.com.br\/se\/wp-content\/uploads\/2018\/08\/050b045b_3c98_4853_a532_a2fccd98e08f-45x35.jpg 45w\" sizes=\"(max-width: 599px) 100vw, 599px\" \/><\/a><p id=\"caption-attachment-114888\" class=\"wp-caption-text\">Arte: Ascom\/SMTT<\/p><\/div>\n<p style=\"text-align: justify\"><strong><span style=\"color: #000000\">Op\u00e7\u00f5es<\/span><\/strong><\/p>\n<p style=\"text-align: justify\"><span style=\"color: #000000\">O condutor que costuma acessar a avenida Nestor Sampaio convergindo \u00e0 esquerda pela Augusto Franco, a partir do dia 12, dever\u00e1 convergir ap\u00f3s o cruzamento \u00e0 direita na rua Francisco de Assis Delmondes (ao lado da sede da Empresa Municipal de Obras e Urbaniza\u00e7\u00e3o) e seguir pela rua Jo\u00e3o Soares Nascimento (atr\u00e1s do GBarbosa) at\u00e9 chegar \u00e0 avenida Nestor Sampaio. Os demais acessos permanecem os mesmos.<\/span><\/p>\n<p style=\"text-align: justify\"><span style=\"color: #000000\">Al\u00e9m da redu\u00e7\u00e3o do tempo semaf\u00f3rico, toda a sinaliza\u00e7\u00e3o vertical e horizontal da regi\u00e3o ser\u00e1 adequada para a mudan\u00e7a. Durante o per\u00edodo de adapta\u00e7\u00e3o, a SMTT colocar\u00e1 agentes de tr\u00e2nsito no local para organizar a circula\u00e7\u00e3o e orientar os condutores.<\/span><\/p>\n<p>&nbsp;<\/p>\n<p><a href=\"https:\/\/senoticias.com.br\/se\/wp-content\/uploads\/2018\/08\/Logomarca-fone-SE-4-2-1-1.jpg\"><img loading=\"lazy\" decoding=\"async\" class=\"aligncenter wp-image-114484 size-full\" src=\"https:\/\/senoticias.com.br\/se\/wp-content\/uploads\/2018\/08\/Logomarca-fone-SE-4-2-1-1.jpg\" alt=\"\" width=\"599\" height=\"78\" srcset=\"https:\/\/senoticias.com.br\/se\/wp-content\/uploads\/2018\/08\/Logomarca-fone-SE-4-2-1-1.jpg 599w, https:\/\/senoticias.com.br\/se\/wp-content\/uploads\/2018\/08\/Logomarca-fone-SE-4-2-1-1-300x39.jpg 300w\" sizes=\"(max-width: 599px) 100vw, 599px\" \/><\/a><\/p>\n<p>Por Ascom SMTT<\/p>\n<p>&nbsp;<\/p>\n","protected":false},"excerpt":{"rendered":"<p>A Superintend\u00eancia Municipal de Transportes e Tr\u00e2nsito de Aracaju (SMTT) informa que a partir do dia 12 de setembro, haver\u00e1 mudan\u00e7a de circula\u00e7\u00e3o no cruzamento das avenidas Augusto Franco e Nestor Sampaio, no bairro Ponto Novo. A convers\u00e3o \u00e0 esquerda ser\u00e1 proibida e os sem\u00e1foros do cruzamento ser\u00e3o reprogramados para reduzir o tempo de espera. [&hellip;]<\/p>\n","protected":false},"author":6553,"featured_media":0,"comment_status":"closed","ping_status":"closed","sticky":false,"template":"","format":"standard","meta":{"footnotes":""},"categories":[15,38],"tags":[339,9013,9122,223,2979,3320],"class_list":{"0":"post-114887","1":"post","2":"type-post","3":"status-publish","4":"format-standard","6":"category-destaques","7":"category-municipios","8":"tag-aracaju","9":"tag-augusto-franco","10":"tag-nestor-sampaio","11":"tag-sergipe","12":"tag-smtt","13":"tag-transito"},"_links":{"self":[{"href":"https:\/\/senoticias.com.br\/se\/wp-json\/wp\/v2\/posts\/114887"}],"collection":[{"href":"https:\/\/senoticias.com.br\/se\/wp-json\/wp\/v2\/posts"}],"about":[{"href":"https:\/\/senoticias.com.br\/se\/wp-json\/wp\/v2\/types\/post"}],"author":[{"embeddable":true,"href":"https:\/\/senoticias.com.br\/se\/wp-json\/wp\/v2\/users\/6553"}],"replies":[{"embeddable":true,"href":"https:\/\/senoticias.com.br\/se\/wp-json\/wp\/v2\/comments?post=114887"}],"version-history":[{"count":0,"href":"https:\/\/senoticias.com.br\/se\/wp-json\/wp\/v2\/posts\/114887\/revisions"}],"wp:attachment":[{"href":"https:\/\/senoticias.com.br\/se\/wp-json\/wp\/v2\/media?parent=114887"}],"wp:term":[{"taxonomy":"category","embeddable":true,"href":"https:\/\/senoticias.com.br\/se\/wp-json\/wp\/v2\/categories?post=114887"},{"taxonomy":"post_tag","embeddable":true,"href":"https:\/\/senoticias.com.br\/se\/wp-json\/wp\/v2\/tags?post=114887"}],"curies":[{"name":"wp","href":"https:\/\/api.w.org\/{rel}","templated":true}]}}