{"id":114807,"date":"2018-08-21T16:07:09","date_gmt":"2018-08-21T19:07:09","guid":{"rendered":"https:\/\/senoticias.com.br\/se\/?p=114807"},"modified":"2018-08-21T16:07:09","modified_gmt":"2018-08-21T19:07:09","slug":"prefeitura-de-aracaju-realiza-manutencao-nos-calcadoes-do-centro","status":"publish","type":"post","link":"https:\/\/senoticias.com.br\/se\/prefeitura-de-aracaju-realiza-manutencao-nos-calcadoes-do-centro\/","title":{"rendered":"Prefeitura de Aracaju realiza manuten\u00e7\u00e3o nos cal\u00e7ad\u00f5es do Centro"},"content":{"rendered":"<p style=\"text-align: justify\"><span style=\"color: #000000\">A Prefeitura de Aracaju, por meio da Empresa Municipal de Obras e Urbaniza\u00e7\u00e3o (Emurb), voltou a fazer pequenas interven\u00e7\u00f5es na \u00e1rea a fim de resolver problemas no pavimento e regulariza\u00e7\u00e3o de canaletas. As equipes da empresa municipal passaram os \u00faltimos dias atuando na recomposi\u00e7\u00e3o de trechos danificados das pedras portuguesas que integram o pavimento dos cal\u00e7ad\u00f5es das ruas Jo\u00e3o Pessoa e Laranjeiras.<\/span><\/p>\n<div id=\"attachment_114808\" style=\"width: 609px\" class=\"wp-caption aligncenter\"><a href=\"https:\/\/senoticias.com.br\/se\/wp-content\/uploads\/2018\/08\/8.jpg\"><img loading=\"lazy\" decoding=\"async\" aria-describedby=\"caption-attachment-114808\" class=\"wp-image-114808 size-full\" src=\"https:\/\/senoticias.com.br\/se\/wp-content\/uploads\/2018\/08\/8-e1534878356582.jpg\" alt=\"\" width=\"599\" height=\"382\" \/><\/a><p id=\"caption-attachment-114808\" class=\"wp-caption-text\">Equipes da Emurb atuaram na recomposi\u00e7\u00e3o de trechos danificados das pedras portuguesas (Foto: Silvio Rocha)<\/p><\/div>\n<p style=\"text-align: justify\"><span style=\"color: #000000\">As medidas s\u00e3o importantes para garantir a seguran\u00e7a das pessoas que frequentam o local, conhecido por se tratar de um com\u00e9rcio diversificado que atrai diariamente centenas de pessoas, entre funcion\u00e1rios das lojas, consumidores, turistas e visitantes de v\u00e1rias partes do estado. O vendedor ambulante Cleudo Pereira da Silva trabalha no cal\u00e7ad\u00e3o h\u00e1 dezessete anos. Segundo ele, j\u00e1 presenciou v\u00e1rias pessoas caindo devido alguns buracos. Com a manuten\u00e7\u00e3o, transitar pelo local ser\u00e1 bem melhor. \u201cO prefeito Edvaldo Nogueira costuma cumprir com o que promete. Eu sabia que ele ia ajeitar o piso do cal\u00e7ad\u00e3o. Agora, d\u00e1 para andar com seguran\u00e7a, principalmente o pessoal idoso\u201d, contou.<\/span><\/p>\n<p style=\"text-align: justify\"><span style=\"color: #000000\">Para o professor Roberto Amorim, obras nesse sentido s\u00e3o necess\u00e1rias para melhorar a locomo\u00e7\u00e3o de quem passa diariamente pela regi\u00e3o. \u201cN\u00f3s ficamos satisfeitos quando percebemos a gest\u00e3o fazendo a parte dela, fazendo o bem para os aracajuanos. Esse cal\u00e7ad\u00e3o sempre apresenta problemas. Agora, vai melhorar de forma significativa\u201d, afirmou.<\/span><\/p>\n<p style=\"text-align: justify\"><span style=\"color: #000000\">A estudante Alice Moreira de Souza passa todos os dias pelo local e disse que ficou feliz quando percebeu que estava sendo feita a manuten\u00e7\u00e3o do cal\u00e7ad\u00e3o. \u201cN\u00f3s precisamos caminhar de forma tranquila. Antes, eram muitos os buracos e a gente precisava desviar dos mesmos. A aten\u00e7\u00e3o era sempre redobrada. Claro, que vamos continuar prestando aten\u00e7\u00e3o, mas s\u00f3 em ver que a recupera\u00e7\u00e3o est\u00e1 sendo feita, traz al\u00edvio para n\u00f3s\u201d, disse.<\/span><\/p>\n<p>&nbsp;<\/p>\n<p>&nbsp;<\/p>\n<p><a href=\"https:\/\/senoticias.com.br\/se\/wp-content\/uploads\/2018\/08\/Logomarca-fone-SE-4-2-1-1.jpg\"><img loading=\"lazy\" decoding=\"async\" class=\"aligncenter wp-image-114484 size-full\" src=\"https:\/\/senoticias.com.br\/se\/wp-content\/uploads\/2018\/08\/Logomarca-fone-SE-4-2-1-1.jpg\" alt=\"\" width=\"599\" height=\"78\" srcset=\"https:\/\/senoticias.com.br\/se\/wp-content\/uploads\/2018\/08\/Logomarca-fone-SE-4-2-1-1.jpg 599w, https:\/\/senoticias.com.br\/se\/wp-content\/uploads\/2018\/08\/Logomarca-fone-SE-4-2-1-1-300x39.jpg 300w\" sizes=\"(max-width: 599px) 100vw, 599px\" \/><\/a><\/p>\n<p>Com informa\u00e7\u00f5es da Ag\u00eancia Aracaju de Not\u00edcias<\/p>\n","protected":false},"excerpt":{"rendered":"<p>A Prefeitura de Aracaju, por meio da Empresa Municipal de Obras e Urbaniza\u00e7\u00e3o (Emurb), voltou a fazer pequenas interven\u00e7\u00f5es na \u00e1rea a fim de resolver problemas no pavimento e regulariza\u00e7\u00e3o de canaletas. As equipes da empresa municipal passaram os \u00faltimos dias atuando na recomposi\u00e7\u00e3o de trechos danificados das pedras portuguesas que integram o pavimento dos [&hellip;]<\/p>\n","protected":false},"author":6553,"featured_media":0,"comment_status":"closed","ping_status":"closed","sticky":false,"template":"","format":"standard","meta":{"footnotes":""},"categories":[15,38],"tags":[339,7652,5222,2863,4542,2884,223],"class_list":{"0":"post-114807","1":"post","2":"type-post","3":"status-publish","4":"format-standard","6":"category-destaques","7":"category-municipios","8":"tag-aracaju","9":"tag-calcadao","10":"tag-centro","11":"tag-comercio","12":"tag-emurb","13":"tag-prefeitura","14":"tag-sergipe"},"_links":{"self":[{"href":"https:\/\/senoticias.com.br\/se\/wp-json\/wp\/v2\/posts\/114807"}],"collection":[{"href":"https:\/\/senoticias.com.br\/se\/wp-json\/wp\/v2\/posts"}],"about":[{"href":"https:\/\/senoticias.com.br\/se\/wp-json\/wp\/v2\/types\/post"}],"author":[{"embeddable":true,"href":"https:\/\/senoticias.com.br\/se\/wp-json\/wp\/v2\/users\/6553"}],"replies":[{"embeddable":true,"href":"https:\/\/senoticias.com.br\/se\/wp-json\/wp\/v2\/comments?post=114807"}],"version-history":[{"count":0,"href":"https:\/\/senoticias.com.br\/se\/wp-json\/wp\/v2\/posts\/114807\/revisions"}],"wp:attachment":[{"href":"https:\/\/senoticias.com.br\/se\/wp-json\/wp\/v2\/media?parent=114807"}],"wp:term":[{"taxonomy":"category","embeddable":true,"href":"https:\/\/senoticias.com.br\/se\/wp-json\/wp\/v2\/categories?post=114807"},{"taxonomy":"post_tag","embeddable":true,"href":"https:\/\/senoticias.com.br\/se\/wp-json\/wp\/v2\/tags?post=114807"}],"curies":[{"name":"wp","href":"https:\/\/api.w.org\/{rel}","templated":true}]}}