{"id":114783,"date":"2018-08-20T15:24:51","date_gmt":"2018-08-20T18:24:51","guid":{"rendered":"https:\/\/senoticias.com.br\/se\/?p=114783"},"modified":"2018-08-20T16:13:48","modified_gmt":"2018-08-20T19:13:48","slug":"corpo-de-bebe-e-encontrado-dentro-de-sacola-no-bairro-parque-dos-farois","status":"publish","type":"post","link":"https:\/\/senoticias.com.br\/se\/corpo-de-bebe-e-encontrado-dentro-de-sacola-no-bairro-parque-dos-farois\/","title":{"rendered":"Corpo de beb\u00ea \u00e9 encontrado dentro de sacola no Bairro Parque dos Far\u00f3is"},"content":{"rendered":"<p style=\"text-align: justify\"><span style=\"color: #000000\">O corpo de um beb\u00ea foi encontrado nesta segunda-feira (20) no Parque dos Far\u00f3is, em Nossa Senhora do Socorro (SE).<\/span><\/p>\n<div id=\"attachment_114784\" style=\"width: 605px\" class=\"wp-caption aligncenter\"><a href=\"https:\/\/senoticias.com.br\/se\/wp-content\/uploads\/2018\/08\/50908283-bebe-encontrado-morto-e1534789583896.png\"><img loading=\"lazy\" decoding=\"async\" aria-describedby=\"caption-attachment-114784\" class=\"wp-image-114784 size-full\" src=\"https:\/\/senoticias.com.br\/se\/wp-content\/uploads\/2018\/08\/50908283-bebe-encontrado-morto-e1534789583896.png\" alt=\"\" width=\"595\" height=\"599\" \/><\/a><p id=\"caption-attachment-114784\" class=\"wp-caption-text\">Foto: redes sociais<\/p><\/div>\n<p style=\"text-align: justify\"><span style=\"color: #000000\">Segundo informa\u00e7\u00f5es de testemunhas, o beb\u00ea foi encontrado dentro de uma sacola em um terreno baldio do bairro.<\/span><\/p>\n<p style=\"text-align: justify\"><span style=\"color: #000000\">O Instituto M\u00e9dico Legal informou que o corpo \u00e9 de uma menina e que o laudo das causas da morte deve ser divulgado em at\u00e9 30 dias.<\/span><\/p>\n<p>&nbsp;<\/p>\n<p><a href=\"https:\/\/senoticias.com.br\/se\/wp-content\/uploads\/2018\/08\/Logomarca-fone-SE-4-2-1-1.jpg\"><img loading=\"lazy\" decoding=\"async\" class=\"aligncenter wp-image-114484 size-full\" src=\"https:\/\/senoticias.com.br\/se\/wp-content\/uploads\/2018\/08\/Logomarca-fone-SE-4-2-1-1.jpg\" alt=\"\" width=\"599\" height=\"78\" srcset=\"https:\/\/senoticias.com.br\/se\/wp-content\/uploads\/2018\/08\/Logomarca-fone-SE-4-2-1-1.jpg 599w, https:\/\/senoticias.com.br\/se\/wp-content\/uploads\/2018\/08\/Logomarca-fone-SE-4-2-1-1-300x39.jpg 300w\" sizes=\"(max-width: 599px) 100vw, 599px\" \/><\/a><\/p>\n<p><em><strong>Acompanhe o SE Not\u00edcias no<\/strong><span class=\"apple-converted-space\"><b>\u00a0<\/b><\/span><a href=\"https:\/\/twitter.com\/Senoticias\" target=\"_blank\" rel=\"noopener\"><b>Twitter<\/b><\/a><strong>,<\/strong><span class=\"apple-converted-space\"><b>\u00a0<\/b><\/span><a href=\"https:\/\/www.facebook.com\/senoticias1\" target=\"_blank\" rel=\"noopener\"><b>Facebook<\/b><span class=\"apple-converted-space\"><b>\u00a0<\/b><\/span><\/a><strong>e no<\/strong><span class=\"apple-converted-space\"><b>\u00a0<\/b><\/span><a href=\"https:\/\/www.instagram.com\/senoticias\/\" target=\"_blank\" rel=\"noopener\"><b>Instagram<\/b><\/a><\/em><\/p>\n<p>Com informa\u00e7\u00f5es do G1 SE<\/p>\n","protected":false},"excerpt":{"rendered":"<p>O corpo de um beb\u00ea foi encontrado nesta segunda-feira (20) no Parque dos Far\u00f3is, em Nossa Senhora do Socorro (SE). Segundo informa\u00e7\u00f5es de testemunhas, o beb\u00ea foi encontrado dentro de uma sacola em um terreno baldio do bairro. O Instituto M\u00e9dico Legal informou que o corpo \u00e9 de uma menina e que o laudo das [&hellip;]<\/p>\n","protected":false},"author":6553,"featured_media":0,"comment_status":"closed","ping_status":"closed","sticky":false,"template":"","format":"standard","meta":{"footnotes":""},"categories":[15,7],"tags":[10658,373,10659,223,2746,857],"class_list":{"0":"post-114783","1":"post","2":"type-post","3":"status-publish","4":"format-standard","6":"category-destaques","7":"category-policia","8":"tag-bebe","9":"tag-morte","10":"tag-parque-dos-farois","11":"tag-sergipe","12":"tag-socorro","13":"tag-violencia"},"_links":{"self":[{"href":"https:\/\/senoticias.com.br\/se\/wp-json\/wp\/v2\/posts\/114783"}],"collection":[{"href":"https:\/\/senoticias.com.br\/se\/wp-json\/wp\/v2\/posts"}],"about":[{"href":"https:\/\/senoticias.com.br\/se\/wp-json\/wp\/v2\/types\/post"}],"author":[{"embeddable":true,"href":"https:\/\/senoticias.com.br\/se\/wp-json\/wp\/v2\/users\/6553"}],"replies":[{"embeddable":true,"href":"https:\/\/senoticias.com.br\/se\/wp-json\/wp\/v2\/comments?post=114783"}],"version-history":[{"count":0,"href":"https:\/\/senoticias.com.br\/se\/wp-json\/wp\/v2\/posts\/114783\/revisions"}],"wp:attachment":[{"href":"https:\/\/senoticias.com.br\/se\/wp-json\/wp\/v2\/media?parent=114783"}],"wp:term":[{"taxonomy":"category","embeddable":true,"href":"https:\/\/senoticias.com.br\/se\/wp-json\/wp\/v2\/categories?post=114783"},{"taxonomy":"post_tag","embeddable":true,"href":"https:\/\/senoticias.com.br\/se\/wp-json\/wp\/v2\/tags?post=114783"}],"curies":[{"name":"wp","href":"https:\/\/api.w.org\/{rel}","templated":true}]}}