{"id":114779,"date":"2018-08-20T15:06:57","date_gmt":"2018-08-20T18:06:57","guid":{"rendered":"https:\/\/senoticias.com.br\/se\/?p=114779"},"modified":"2018-08-20T16:39:25","modified_gmt":"2018-08-20T19:39:25","slug":"prefeitura-de-nossa-senhora-da-gloria-abre-inscricoes-para-concurso-publico","status":"publish","type":"post","link":"https:\/\/senoticias.com.br\/se\/prefeitura-de-nossa-senhora-da-gloria-abre-inscricoes-para-concurso-publico\/","title":{"rendered":"Prefeitura de Nossa Senhora da Gl\u00f3ria abre inscri\u00e7\u00f5es para concurso p\u00fablico"},"content":{"rendered":"<p style=\"text-align: justify\"><span style=\"color: #000000\">Est\u00e3o abertas a partir desta segunda-feira (20) as inscri\u00e7\u00f5es para o concurso p\u00fablico da Prefeitura de Nossa Senhora da Gl\u00f3ria (SE).<\/span><\/p>\n<div id=\"attachment_113549\" style=\"width: 609px\" class=\"wp-caption aligncenter\"><a href=\"https:\/\/senoticias.com.br\/se\/wp-content\/uploads\/2018\/06\/concurso-e1528504348621.jpg\"><img loading=\"lazy\" decoding=\"async\" aria-describedby=\"caption-attachment-113549\" class=\"size-full wp-image-113549\" src=\"https:\/\/senoticias.com.br\/se\/wp-content\/uploads\/2018\/06\/concurso-e1528504348621.jpg\" alt=\"\" width=\"599\" height=\"396\" \/><\/a><p id=\"caption-attachment-113549\" class=\"wp-caption-text\">As Provas Objetivas est\u00e3o previstas para o dia 18 de novembro de 2018. (Foto: arquivo\/ASN)<\/p><\/div>\n<p style=\"text-align: justify\">Com jornadas de trabalho de 20 a 40 horas semanais e remunera\u00e7\u00f5es entre R$ 954,00 a R$ 11.353,14.<\/p>\n<p style=\"text-align: justify\">As vagas s\u00e3o para preenchimento dos cargos de Agentes de Servi\u00e7os Gerais, Motorista, Operador de M\u00e1quinas, Pedreiro, Pintor, Eletricista, Agente de Vigil\u00e2ncia Epidemiol\u00f3gica, Agente Comunit\u00e1rio de Sa\u00fade, Assistente Administrativo, Auxiliar de Dentista, Cuidador, Fiscal de Higiene Sanit\u00e1ria, Fiscal de Tributos, Monitor Multi-Social, T\u00e9cnico em Agrimensura, T\u00e9cnico Agropecu\u00e1rio, T\u00e9cnico em Enfermagem, T\u00e9cnico em Laborat\u00f3rio, T\u00e9cnico em Manuten\u00e7\u00e3o de Equipamentos de Inform\u00e1tica, Agente de Tr\u00e2nsito Municipal, Arquiteto, Assistente Social, Bibliotec\u00e1rio, Biom\u00e9dico, Enfermeiro, Engenheiro Civil, Farmac\u00eautico, Fisioterapeuta, Fonoaudi\u00f3logo, Instrutor Musical, M\u00e9dico, Nutricionista, Odont\u00f3logo, Psic\u00f3logo Cl\u00ednico, Procurador Municipal e Professor.<\/p>\n<p style=\"text-align: justify\">Os interessados poder\u00e3o saber mais sobre o concurso, por meio do endere\u00e7o eletr\u00f4nico\u00a0<a href=\"http:\/\/www.amigapublica.com.br\/\" target=\"_blank\" rel=\"noopener\">http:\/\/www.amigapublica.com.br<\/a>. As taxas de inscri\u00e7\u00e3o variam de R$ 66,00 (fundamental) at\u00e9 R$147,00 (superior).<\/p>\n<p>&nbsp;<\/p>\n<p><a href=\"https:\/\/senoticias.com.br\/se\/wp-content\/uploads\/2018\/08\/Logomarca-fone-SE-4-2-1-1.jpg\"><img loading=\"lazy\" decoding=\"async\" class=\"aligncenter wp-image-114484 size-full\" src=\"https:\/\/senoticias.com.br\/se\/wp-content\/uploads\/2018\/08\/Logomarca-fone-SE-4-2-1-1.jpg\" alt=\"\" width=\"599\" height=\"78\" srcset=\"https:\/\/senoticias.com.br\/se\/wp-content\/uploads\/2018\/08\/Logomarca-fone-SE-4-2-1-1.jpg 599w, https:\/\/senoticias.com.br\/se\/wp-content\/uploads\/2018\/08\/Logomarca-fone-SE-4-2-1-1-300x39.jpg 300w\" sizes=\"(max-width: 599px) 100vw, 599px\" \/><\/a><\/p>\n<p>&nbsp;<\/p>\n<p><em><strong>Acompanhe o SE Not\u00edcias no<\/strong><span class=\"apple-converted-space\"><b>\u00a0<\/b><\/span><a href=\"https:\/\/twitter.com\/Senoticias\" target=\"_blank\" rel=\"noopener\"><b>Twitter<\/b><\/a><strong>,<\/strong><span class=\"apple-converted-space\"><b>\u00a0<\/b><\/span><a href=\"https:\/\/www.facebook.com\/senoticias1\" target=\"_blank\" rel=\"noopener\"><b>Facebook<\/b><span class=\"apple-converted-space\"><b>\u00a0<\/b><\/span><\/a><strong>e no<\/strong><span class=\"apple-converted-space\"><b>\u00a0<\/b><\/span><a href=\"https:\/\/www.instagram.com\/senoticias\/\" target=\"_blank\" rel=\"noopener\"><b>Instagram<\/b><\/a><\/em><\/p>\n<p><em>Com informa\u00e7\u00f5es do G1 e site da Prefeitura de Nossa Senhora da Gl\u00f3ria<\/em><\/p>\n","protected":false},"excerpt":{"rendered":"<p>Est\u00e3o abertas a partir desta segunda-feira (20) as inscri\u00e7\u00f5es para o concurso p\u00fablico da Prefeitura de Nossa Senhora da Gl\u00f3ria (SE). Com jornadas de trabalho de 20 a 40 horas semanais e remunera\u00e7\u00f5es entre R$ 954,00 a R$ 11.353,14. As vagas s\u00e3o para preenchimento dos cargos de Agentes de Servi\u00e7os Gerais, Motorista, Operador de M\u00e1quinas, [&hellip;]<\/p>\n","protected":false},"author":6553,"featured_media":113549,"comment_status":"closed","ping_status":"closed","sticky":false,"template":"","format":"standard","meta":{"footnotes":""},"categories":[9,15,10],"tags":[412,9893,10656,5360,5193,2884,223,5194,3902,3028],"class_list":{"0":"post-114779","1":"post","2":"type-post","3":"status-publish","4":"format-standard","5":"has-post-thumbnail","7":"category-concursos","8":"category-destaques","9":"category-empregos","10":"tag-concurso","11":"tag-ensino","12":"tag-fundamental","13":"tag-gloria","14":"tag-medio","15":"tag-prefeitura","16":"tag-sergipe","17":"tag-superior","18":"tag-tecnico","19":"tag-vagas"},"_links":{"self":[{"href":"https:\/\/senoticias.com.br\/se\/wp-json\/wp\/v2\/posts\/114779"}],"collection":[{"href":"https:\/\/senoticias.com.br\/se\/wp-json\/wp\/v2\/posts"}],"about":[{"href":"https:\/\/senoticias.com.br\/se\/wp-json\/wp\/v2\/types\/post"}],"author":[{"embeddable":true,"href":"https:\/\/senoticias.com.br\/se\/wp-json\/wp\/v2\/users\/6553"}],"replies":[{"embeddable":true,"href":"https:\/\/senoticias.com.br\/se\/wp-json\/wp\/v2\/comments?post=114779"}],"version-history":[{"count":0,"href":"https:\/\/senoticias.com.br\/se\/wp-json\/wp\/v2\/posts\/114779\/revisions"}],"wp:featuredmedia":[{"embeddable":true,"href":"https:\/\/senoticias.com.br\/se\/wp-json\/wp\/v2\/media\/113549"}],"wp:attachment":[{"href":"https:\/\/senoticias.com.br\/se\/wp-json\/wp\/v2\/media?parent=114779"}],"wp:term":[{"taxonomy":"category","embeddable":true,"href":"https:\/\/senoticias.com.br\/se\/wp-json\/wp\/v2\/categories?post=114779"},{"taxonomy":"post_tag","embeddable":true,"href":"https:\/\/senoticias.com.br\/se\/wp-json\/wp\/v2\/tags?post=114779"}],"curies":[{"name":"wp","href":"https:\/\/api.w.org\/{rel}","templated":true}]}}