{"id":114755,"date":"2018-08-19T18:14:45","date_gmt":"2018-08-19T21:14:45","guid":{"rendered":"https:\/\/senoticias.com.br\/se\/?p=114755"},"modified":"2018-08-19T18:14:45","modified_gmt":"2018-08-19T21:14:45","slug":"com-deyverson-inspirado-palmeiras-vence-e-afunda-vitoria-na-zona-da-degola","status":"publish","type":"post","link":"https:\/\/senoticias.com.br\/se\/com-deyverson-inspirado-palmeiras-vence-e-afunda-vitoria-na-zona-da-degola\/","title":{"rendered":"Com Deyverson inspirado, Palmeiras vence e afunda Vit\u00f3ria na zona da degola"},"content":{"rendered":"<p style=\"text-align: justify;\">O Palmeiras voltou a ganhar como visitante pelo Campeonato Brasileiro na tarde deste domingo. Com Deyverson inspirado, o time alternativo armado pelo t\u00e9cnico Luiz Felipe Scolari bateu o Vit\u00f3ria por 3 a 0 e triunfou longe de casa ap\u00f3s s\u00e9rie de quatro jogos (tr\u00eas empates e uma derrota).<\/p>\n<div id=\"attachment_114756\" style=\"width: 578px\" class=\"wp-caption aligncenter\"><a href=\"https:\/\/senoticias.com.br\/se\/wp-content\/uploads\/2018\/08\/frm20180819088_Q322yYX.jpg\"><img loading=\"lazy\" decoding=\"async\" aria-describedby=\"caption-attachment-114756\" class=\"size-full wp-image-114756\" src=\"https:\/\/senoticias.com.br\/se\/wp-content\/uploads\/2018\/08\/frm20180819088_Q322yYX.jpg\" alt=\"\" width=\"568\" height=\"360\" srcset=\"https:\/\/senoticias.com.br\/se\/wp-content\/uploads\/2018\/08\/frm20180819088_Q322yYX.jpg 568w, https:\/\/senoticias.com.br\/se\/wp-content\/uploads\/2018\/08\/frm20180819088_Q322yYX-300x190.jpg 300w, https:\/\/senoticias.com.br\/se\/wp-content\/uploads\/2018\/08\/frm20180819088_Q322yYX-120x76.jpg 120w, https:\/\/senoticias.com.br\/se\/wp-content\/uploads\/2018\/08\/frm20180819088_Q322yYX-265x168.jpg 265w, https:\/\/senoticias.com.br\/se\/wp-content\/uploads\/2018\/08\/frm20180819088_Q322yYX-284x180.jpg 284w, https:\/\/senoticias.com.br\/se\/wp-content\/uploads\/2018\/08\/frm20180819088_Q322yYX-274x173.jpg 274w, https:\/\/senoticias.com.br\/se\/wp-content\/uploads\/2018\/08\/frm20180819088_Q322yYX-220x140.jpg 220w, https:\/\/senoticias.com.br\/se\/wp-content\/uploads\/2018\/08\/frm20180819088_Q322yYX-567x360.jpg 567w\" sizes=\"(max-width: 568px) 100vw, 568px\" \/><\/a><p id=\"caption-attachment-114756\" class=\"wp-caption-text\">Deyverson comemora um de seus dois gols pelo Palmeiras (Foto: Marcelo Malaquias\/Estad\u00e3o Conte\u00fado)<\/p><\/div>\n<p style=\"text-align: justify;\">Com 33 pontos ganhos, o Palmeiras figura na sexta posi\u00e7\u00e3o. O Internacional, atual primeiro colocado do Campeonato Brasileiro, contabiliza 38 pontos. J\u00e1 o Vit\u00f3ria, agora sob o comando de Paulo C\u00e9sar Carpegiani, fica com 19 pontos no 17\u00ba lugar, o primeiro dentro da zona de rebaixamento.<\/p>\n<p style=\"text-align: justify;\">Pela 20\u00aa rodada do torneio nacional, \u00e0s 21 horas (de Bras\u00edlia) desta quarta-feira, o Palmeiras volta a campo para enfrentar o Botafogo, no Allianz Parque. J\u00e1 o Vit\u00f3ria, \u00e0s 19h30 de quinta, encara o Flamengo em um duelo de rubro-negros, no Est\u00e1dio do Maracan\u00e3.<\/p>\n<p style=\"text-align: justify;\"><strong>O Jogo \u2013<\/strong> O Palmeiras mandou no jogo desde o in\u00edcio e conseguiu inaugurar o marcador logo aos 10 minutos da etapa inicial. Marcos Rocha recebeu lan\u00e7amento de Dudu pela direita e, inteligentemente, ajeitou para Deyverson. Da entrada da \u00e1rea, o atacante finalizou com precis\u00e3o.<\/p>\n<p style=\"text-align: justify;\">Em uma jogada iniciada pelo lado direito, o Vit\u00f3ria chegou ao de forma consistente ao ataque pela \u00fanica vez no primeiro tempo. Ap\u00f3s cruzamento de Erick, Gomez cortou. Na sobra, Rodrigo Andrade chutou para defesa de Weverton. Neilton pegou o rebote e foi desarmado por Marcos Rocha.<\/p>\n<p style=\"text-align: justify;\">O time alviverde manteve a superioridade e ampliou a vantagem aos 28 minutos da etapa inicial. Dudu cobrou escanteio pela direita e Deyverson, posicionado na primeira trave, cabeceou firme. Antes do intervalo, Dudu ainda acertou o travess\u00e3o do goleiro Ronaldo.<\/p>\n<p style=\"text-align: justify;\">O Palmeiras marcou seu terceiro gol no Barrad\u00e3o aos 13 minutos da etapa complementar. Lucas Lima recebeu cruzamento de Marcos Rocha e dominou para dentro. Dudu se antecipou ao companheiro, limpou a marca\u00e7\u00e3o e tocou na sa\u00edda de Ronaldo.<\/p>\n<p style=\"text-align: justify;\">A equipe dirigida por Luiz Felipe Scolari desperdi\u00e7ou uma grande chance de anotar o quarto com Victor Luis. Ap\u00f3s chute ruim de Hyoran, Deyverson completou para defesa de Ronaldo. No rebote, de frente para o gol, o lateral esquerdo conseguiu chutar por cima.<\/p>\n<p style=\"text-align: justify;\">Com uma vantagem confort\u00e1vel no marcador, Felip\u00e3o aproveitou para descansar Dudu e Marcos Rocha, trocados por Diogo Barbosa e Mayke, respectivamente \u2013 Mois\u00e9s j\u00e1 havia substitu\u00eddo Bruno Henrique no intervalo. Sem correr riscos na defesa, o time alviverde controlou a partida at\u00e9 o final.<\/p>\n<p>FICHA T\u00c9CNICA<br \/>\nVIT\u00d3RIA 0 x 3 PALMEIRAS<\/p>\n<p style=\"text-align: justify;\"><strong>Local:<\/strong> Barrad\u00e3o, Salvador (BA)<br \/>\n<strong>Data:<\/strong> 19 de agosto de 2018, domingo<br \/>\n<strong>Hor\u00e1rio:<\/strong> 16h (de Bras\u00edlia)<br \/>\n<strong>\u00c1rbitro:<\/strong> Rodrigo Batista Raposo \u2013 DF<br \/>\n<strong>Assistentes:<\/strong> Jose Reinaldo Nascimento J\u00fanior e Luciano Benevides de Souza \u2013 DF<br \/>\n<strong>Cart\u00f5es amarelos:<\/strong> Rodrigo Andrade e Neilton (VIT); Bruno Henrique (PAL)<br \/>\n<strong>Gols:<\/strong><br \/>\n<strong>PALMEIRAS:<\/strong> Deyverson, aos 10 e aos 28 minutos do 1\u00ba Tempo, e Dudu, aos 13 minutos do 2\u00ba Tempo<\/p>\n<p style=\"text-align: justify;\"><strong>VIT\u00d3RIA:<\/strong> Ronaldo; Jeferson, Aderllan, Ruan Renato e Benitez; Ramon, Rodrigo Andrade e Yago (Andr\u00e9 Lima); Neilton, Erick (Lucas Fernandes) e walter Bou (Wallyson)<br \/>\n<strong>T\u00e9cnico:<\/strong> Paulo C\u00e9sar Carpegiani<\/p>\n<p style=\"text-align: justify;\"><strong>PALMEIRAS:<\/strong> Weverton; Marcos Rocha (Mayke), Gustavo Gomez, Luan e Victor Luis; Thiago Santos, Bruno Henrique (Mois\u00e9s) e Lucas Lima; Hyoran, Dudu (Diogo Barbosa) e Deyverson<br \/>\n<strong>T\u00e9cnico:<\/strong> Luiz Felipe Scolari<\/p>\n<p><em><strong>Acompanhe o SE Not\u00edcias no<\/strong><span class=\"apple-converted-space\"><b>\u00a0<\/b><\/span><a href=\"https:\/\/twitter.com\/Senoticias\" target=\"_blank\" rel=\"noopener\"><b>Twitter<\/b><\/a><strong>,<\/strong><span class=\"apple-converted-space\"><b>\u00a0<\/b><\/span><a href=\"https:\/\/www.facebook.com\/senoticias1\" target=\"_blank\" rel=\"noopener\"><b>Facebook<\/b><span class=\"apple-converted-space\"><b>\u00a0<\/b><\/span><\/a><strong>e no<\/strong><span class=\"apple-converted-space\"><b>\u00a0<\/b><\/span><a href=\"https:\/\/www.instagram.com\/senoticias\/\" target=\"_blank\" rel=\"noopener\"><b>Instagram<\/b><\/a><\/em><\/p>\n<p>&nbsp;<\/p>\n<p><a href=\"https:\/\/senoticias.com.br\/se\/wp-content\/uploads\/2018\/08\/Logomarca-fone-SE-4-2-1-1.jpg\"><img loading=\"lazy\" decoding=\"async\" class=\"aligncenter size-full wp-image-114484\" src=\"https:\/\/senoticias.com.br\/se\/wp-content\/uploads\/2018\/08\/Logomarca-fone-SE-4-2-1-1.jpg\" alt=\"\" width=\"599\" height=\"78\" srcset=\"https:\/\/senoticias.com.br\/se\/wp-content\/uploads\/2018\/08\/Logomarca-fone-SE-4-2-1-1.jpg 599w, https:\/\/senoticias.com.br\/se\/wp-content\/uploads\/2018\/08\/Logomarca-fone-SE-4-2-1-1-300x39.jpg 300w\" sizes=\"(max-width: 599px) 100vw, 599px\" \/><\/a><\/p>\n<p><em>Reda\u00e7\u00e3o Gazeta Esportiva<\/em><\/p>\n","protected":false},"excerpt":{"rendered":"<p>O Palmeiras voltou a ganhar como visitante pelo Campeonato Brasileiro na tarde deste domingo. Com Deyverson inspirado, o time alternativo armado pelo t\u00e9cnico Luiz Felipe Scolari bateu o Vit\u00f3ria por 3 a 0 e triunfou longe de casa ap\u00f3s s\u00e9rie de quatro jogos (tr\u00eas empates e uma derrota). Com 33 pontos ganhos, o Palmeiras figura [&hellip;]<\/p>\n","protected":false},"author":6552,"featured_media":114756,"comment_status":"closed","ping_status":"closed","sticky":false,"template":"","format":"standard","meta":{"footnotes":""},"categories":[15,26],"tags":[10649,938,10650,5287],"class_list":{"0":"post-114755","1":"post","2":"type-post","3":"status-publish","4":"format-standard","5":"has-post-thumbnail","7":"category-destaques","8":"category-esportes","9":"tag-deyverson","10":"tag-palmeiras","11":"tag-palmeiras-vence-o-vitoria","12":"tag-vitoria"},"_links":{"self":[{"href":"https:\/\/senoticias.com.br\/se\/wp-json\/wp\/v2\/posts\/114755"}],"collection":[{"href":"https:\/\/senoticias.com.br\/se\/wp-json\/wp\/v2\/posts"}],"about":[{"href":"https:\/\/senoticias.com.br\/se\/wp-json\/wp\/v2\/types\/post"}],"author":[{"embeddable":true,"href":"https:\/\/senoticias.com.br\/se\/wp-json\/wp\/v2\/users\/6552"}],"replies":[{"embeddable":true,"href":"https:\/\/senoticias.com.br\/se\/wp-json\/wp\/v2\/comments?post=114755"}],"version-history":[{"count":0,"href":"https:\/\/senoticias.com.br\/se\/wp-json\/wp\/v2\/posts\/114755\/revisions"}],"wp:featuredmedia":[{"embeddable":true,"href":"https:\/\/senoticias.com.br\/se\/wp-json\/wp\/v2\/media\/114756"}],"wp:attachment":[{"href":"https:\/\/senoticias.com.br\/se\/wp-json\/wp\/v2\/media?parent=114755"}],"wp:term":[{"taxonomy":"category","embeddable":true,"href":"https:\/\/senoticias.com.br\/se\/wp-json\/wp\/v2\/categories?post=114755"},{"taxonomy":"post_tag","embeddable":true,"href":"https:\/\/senoticias.com.br\/se\/wp-json\/wp\/v2\/tags?post=114755"}],"curies":[{"name":"wp","href":"https:\/\/api.w.org\/{rel}","templated":true}]}}