{"id":114737,"date":"2018-08-17T14:52:50","date_gmt":"2018-08-17T17:52:50","guid":{"rendered":"https:\/\/senoticias.com.br\/se\/?p=114737"},"modified":"2018-08-17T17:24:16","modified_gmt":"2018-08-17T20:24:16","slug":"tite-convoca-para-amistosos-paqueta-pedro-e-arthur","status":"publish","type":"post","link":"https:\/\/senoticias.com.br\/se\/tite-convoca-para-amistosos-paqueta-pedro-e-arthur\/","title":{"rendered":"Tite convoca para amistosos Paquet\u00e1, Pedro e Arthur"},"content":{"rendered":"<p style=\"text-align: justify;\">Destaques no campeonato brasileiro deste ano, Lucas Paquet\u00e1 (Flamengo), Pedro (Fluminense) e Everton (Gr\u00eamio) s\u00e3o novidades na primeira convoca\u00e7\u00e3o de Tite ap\u00f3s a Copa do Mundo de 2018. Outro jogador que ter\u00e1 sua primeira oportunidade na sele\u00e7\u00e3o \u00e9 Arthur, que tamb\u00e9m mostrou bom futebol na competi\u00e7\u00e3o pelo Gr\u00eamio e se transferiu recentemente para o Barcelona.<\/p>\n<p style=\"text-align: justify;\">Tamb\u00e9m pelas boas atua\u00e7\u00f5es no futebol nacional, retorna \u00e0 sele\u00e7\u00e3o o zagueiro Ded\u00e9 (Cruzeiro), que j\u00e1 vestiu a camisa da sele\u00e7\u00e3o mas ter\u00e1 sua primeira chance com Tite. O treinador elogiou ainda Bruno Henrique, do Palmeiras, e disse que ele poderia ter sido convocado.<\/p>\n<div id=\"attachment_112943\" style=\"width: 609px\" class=\"wp-caption aligncenter\"><a href=\"https:\/\/senoticias.com.br\/se\/wp-content\/uploads\/2018\/05\/6-e1526319664359.jpg\"><img loading=\"lazy\" decoding=\"async\" aria-describedby=\"caption-attachment-112943\" class=\"wp-image-112943 size-full\" src=\"https:\/\/senoticias.com.br\/se\/wp-content\/uploads\/2018\/05\/6-e1526319664359.jpg\" alt=\"\" width=\"599\" height=\"394\" \/><\/a><p id=\"caption-attachment-112943\" class=\"wp-caption-text\">T\u00e9cnico Tite fala sobre os novos convocados. (Foto: Andr\u00e9 Dur\u00e3o)<\/p><\/div>\n<p style=\"text-align: justify;\">Os convocados participar\u00e3o de dois amistosos. O primeiro deles no dia 7 de setembro, em Nova Jersey, contra os Estados Unidos. O segundo em 11 de setembro, contra El Salvador, em Washington.<\/p>\n<p style=\"text-align: justify;\">Houve a decis\u00e3o de convocar no m\u00e1ximo um jogador de cada clube brasileiro para n\u00e3o prejudicar os clubes nas competi\u00e7\u00f5es. &#8220;Procurei ser o mais justo poss\u00edvel. Minha responsabilidade \u00e9 com a sele\u00e7\u00e3o, mas tamb\u00e9m tenho que olhar o outro lado. Tentei equilibrar isso chamando apenas um de cada grupo. Mas eu tenho que dar a oportunidade aos atletas que merecem isso&#8221;, explicou Tite.<\/p>\n<p style=\"text-align: justify;\">Outra decis\u00e3o da comiss\u00e3o t\u00e9cnica \u00e9 convocar, a partir de agora, sempre um jogador sub-20 para contribuir com a transi\u00e7\u00e3o de atletas com potencial. Quem ganhou uma oportunidade, dessa vez, foi Hugo, goleiro de 18 anos, do Flamengo.<\/p>\n<p><strong>Renova\u00e7\u00e3o<\/strong><\/p>\n<p style=\"text-align: justify;\">Ao todo, 11 jogadores selecionados n\u00e3o disputaram a competi\u00e7\u00e3o na R\u00fassia. Seis deles foram convocados para a sele\u00e7\u00e3o principal pela primeira vez: Hugo, Andreas Pereira, Arthur, Lucas Paquet\u00e1, \u00c9verton e Pedro. Ser\u00e3o realizadas outras duas convocat\u00f3rias ainda esse ano, nos dias 21 de setembro e 26 de agosto. &#8220;A prioridade \u00e9 dar oportunidades, mantendo uma equipe base. No ano que vem, a prioridade \u00e9 a prepara\u00e7\u00e3o para a Copa Am\u00e9rica&#8221;, disse Tite. O treinador disse ainda que trabalha com a ideia de jogar dois jogos no Brasil. &#8220;Pode ser novembro ou mar\u00e7o. A ideia \u00e9 trazer para o nosso p\u00fablico e fazer uma esp\u00e9cie de prepara\u00e7\u00e3o para a Copa Am\u00e9rica&#8221;, acrescentou.<\/p>\n<p style=\"text-align: justify;\">Apesar da renova\u00e7\u00e3o, Tite fez um balan\u00e7o positivo da Copa do Mundo e disse que o futebol apresentado pelo Brasil o coloca entre as quatro melhores equipes, ao lado de Fran\u00e7a, Cro\u00e1cia e B\u00e9lgica, que eliminou a sele\u00e7\u00e3o brasileira nas quartas de final. Ele avaliou ainda que a an\u00e1lise deve levar em conta tamb\u00e9m a classifica\u00e7\u00e3o para o mundial. &#8220;Pegando o desempenho, n\u00e3o s\u00f3 da Copa, cada um que fa\u00e7a o seu julgamento. N\u00e3o posso desvincular a Copa das eliminat\u00f3rias. Seria injusto&#8221;.<\/p>\n<p style=\"text-align: justify;\">Tite lembrou ainda que assumiu o comando da sele\u00e7\u00e3o durante as eliminat\u00f3rias e agora poder\u00e1 iniciar o ciclo de quatro anos at\u00e9 a pr\u00f3xima Copa do Mundo. No entanto, disse n\u00e3o ter total seguran\u00e7a de que estar\u00e1 no Catar em 2022, uma vez que o futebol \u00e9 din\u00e2mico e exige resultados. &#8220;Ao longo da hist\u00f3ria foram Zagallo, Parreira e Dunga que permaneceram o ciclo todo. Tomara que eu consiga, a ideia \u00e9 essa&#8221;.<\/p>\n<p><strong>Confira a lista completa dos 24 jogadores:<\/strong><\/p>\n<p style=\"text-align: justify;\">Goleiros: Alisson (Liverpool), Neto (Val\u00eancia), Hugo (Flamengo)<\/p>\n<p style=\"text-align: justify;\">Defensores: Marquinhos (PSG), Thiago Silva (PSG), Ded\u00e9 (Cruzeiro), Felipe (Porto)<\/p>\n<p style=\"text-align: justify;\">Laterais: Fabinho (Liverpool), Fagner (Corinthians), Filipe Luis (Atl\u00e9tico de Madrid), Alex Sandro (Juventus)<\/p>\n<p style=\"text-align: justify;\">Meias: Andreas Pereira (Manchester United), Arthur (Barcelona), Casemiro (Real Madrid), Fred (Manchester United), Lucas Paquet\u00e1 (Flamengo), Phillipe Coutinho (Barcelona), Renato Augusto (Bejing Guoan)<\/p>\n<p style=\"text-align: justify;\">Atacantes: Douglas Costa (Juventus), Firmino (Liverpool), Neymar (PSG), Willian (Chelsea), \u00c9verton (Gr\u00eamio), Pedro (Fluminense).<\/p>\n<p>&nbsp;<\/p>\n<p>&nbsp;<\/p>\n<p><a href=\"https:\/\/senoticias.com.br\/se\/wp-content\/uploads\/2018\/08\/Logomarca-fone-SE-4-2-1-1.jpg\"><img loading=\"lazy\" decoding=\"async\" class=\"aligncenter wp-image-114484 size-full\" src=\"https:\/\/senoticias.com.br\/se\/wp-content\/uploads\/2018\/08\/Logomarca-fone-SE-4-2-1-1.jpg\" alt=\"\" width=\"599\" height=\"78\" srcset=\"https:\/\/senoticias.com.br\/se\/wp-content\/uploads\/2018\/08\/Logomarca-fone-SE-4-2-1-1.jpg 599w, https:\/\/senoticias.com.br\/se\/wp-content\/uploads\/2018\/08\/Logomarca-fone-SE-4-2-1-1-300x39.jpg 300w\" sizes=\"(max-width: 599px) 100vw, 599px\" \/><\/a><\/p>\n<p><em><strong>Acompanhe o SE Not\u00edcias no<\/strong><span class=\"apple-converted-space\"><b>\u00a0<\/b><\/span><a href=\"https:\/\/twitter.com\/Senoticias\" target=\"_blank\" rel=\"noopener\"><b>Twitter<\/b><\/a><strong>,<\/strong><span class=\"apple-converted-space\"><b>\u00a0<\/b><\/span><a href=\"https:\/\/www.facebook.com\/senoticias1\" target=\"_blank\" rel=\"noopener\"><b>Facebook<\/b><span class=\"apple-converted-space\"><b>\u00a0<\/b><\/span><\/a><strong>e no<\/strong><span class=\"apple-converted-space\"><b>\u00a0<\/b><\/span><a href=\"https:\/\/www.instagram.com\/senoticias\/\" target=\"_blank\" rel=\"noopener\"><b>Instagram<\/b><\/a><\/em><\/p>\n<p>Por Ag\u00eancia Brasil<\/p>\n","protected":false},"excerpt":{"rendered":"<p>Destaques no campeonato brasileiro deste ano, Lucas Paquet\u00e1 (Flamengo), Pedro (Fluminense) e Everton (Gr\u00eamio) s\u00e3o novidades na primeira convoca\u00e7\u00e3o de Tite ap\u00f3s a Copa do Mundo de 2018. Outro jogador que ter\u00e1 sua primeira oportunidade na sele\u00e7\u00e3o \u00e9 Arthur, que tamb\u00e9m mostrou bom futebol na competi\u00e7\u00e3o pelo Gr\u00eamio e se transferiu recentemente para o Barcelona. [&hellip;]<\/p>\n","protected":false},"author":6553,"featured_media":0,"comment_status":"closed","ping_status":"closed","sticky":false,"template":"","format":"standard","meta":{"footnotes":""},"categories":[26],"tags":[9015,370,392,4159,223,5135],"class_list":{"0":"post-114737","1":"post","2":"type-post","3":"status-publish","4":"format-standard","6":"category-esportes","7":"tag-amistoso","8":"tag-brasil","9":"tag-flamengo","10":"tag-selecao","11":"tag-sergipe","12":"tag-tite"},"_links":{"self":[{"href":"https:\/\/senoticias.com.br\/se\/wp-json\/wp\/v2\/posts\/114737"}],"collection":[{"href":"https:\/\/senoticias.com.br\/se\/wp-json\/wp\/v2\/posts"}],"about":[{"href":"https:\/\/senoticias.com.br\/se\/wp-json\/wp\/v2\/types\/post"}],"author":[{"embeddable":true,"href":"https:\/\/senoticias.com.br\/se\/wp-json\/wp\/v2\/users\/6553"}],"replies":[{"embeddable":true,"href":"https:\/\/senoticias.com.br\/se\/wp-json\/wp\/v2\/comments?post=114737"}],"version-history":[{"count":0,"href":"https:\/\/senoticias.com.br\/se\/wp-json\/wp\/v2\/posts\/114737\/revisions"}],"wp:attachment":[{"href":"https:\/\/senoticias.com.br\/se\/wp-json\/wp\/v2\/media?parent=114737"}],"wp:term":[{"taxonomy":"category","embeddable":true,"href":"https:\/\/senoticias.com.br\/se\/wp-json\/wp\/v2\/categories?post=114737"},{"taxonomy":"post_tag","embeddable":true,"href":"https:\/\/senoticias.com.br\/se\/wp-json\/wp\/v2\/tags?post=114737"}],"curies":[{"name":"wp","href":"https:\/\/api.w.org\/{rel}","templated":true}]}}