{"id":114735,"date":"2018-08-17T13:23:22","date_gmt":"2018-08-17T16:23:22","guid":{"rendered":"https:\/\/senoticias.com.br\/se\/?p=114735"},"modified":"2018-08-17T13:23:22","modified_gmt":"2018-08-17T16:23:22","slug":"juiz-determina-a-suspensao-do-teste-de-aptidao-fisica-para-o-curso-de-soldado-da-policia-militar","status":"publish","type":"post","link":"https:\/\/senoticias.com.br\/se\/juiz-determina-a-suspensao-do-teste-de-aptidao-fisica-para-o-curso-de-soldado-da-policia-militar\/","title":{"rendered":"Juiz determina a suspens\u00e3o do Teste de Aptid\u00e3o F\u00edsica para o curso de soldado da Pol\u00edcia Militar"},"content":{"rendered":"<p style=\"text-align: justify;\">\nNo in\u00edcio da tarde desta sexta-feira (17), o juiz Manoel da Costa Neto, da 1\u00aa Vara C\u00edvel de S\u00e3o Crist\u00f3v\u00e3o, determinou a suspens\u00e3o do Teste de Aptid\u00e3o F\u00edsica (TAF) para o concurso de soldado da Pol\u00edcia Militar de Sergipe, previsto para o per\u00edodo de 20 a 22 de agosto.<\/p>\n<div id=\"attachment_114736\" style=\"width: 609px\" class=\"wp-caption aligncenter\"><a href=\"https:\/\/senoticias.com.br\/se\/wp-content\/uploads\/2018\/08\/IMG_1510-e1522686916778-1.jpg\"><img loading=\"lazy\" decoding=\"async\" aria-describedby=\"caption-attachment-114736\" class=\"size-full wp-image-114736\" src=\"https:\/\/senoticias.com.br\/se\/wp-content\/uploads\/2018\/08\/IMG_1510-e1522686916778-1.jpg\" alt=\"\" width=\"599\" height=\"399\" srcset=\"https:\/\/senoticias.com.br\/se\/wp-content\/uploads\/2018\/08\/IMG_1510-e1522686916778-1.jpg 599w, https:\/\/senoticias.com.br\/se\/wp-content\/uploads\/2018\/08\/IMG_1510-e1522686916778-1-300x200.jpg 300w, https:\/\/senoticias.com.br\/se\/wp-content\/uploads\/2018\/08\/IMG_1510-e1522686916778-1-90x60.jpg 90w, https:\/\/senoticias.com.br\/se\/wp-content\/uploads\/2018\/08\/IMG_1510-e1522686916778-1-180x120.jpg 180w, https:\/\/senoticias.com.br\/se\/wp-content\/uploads\/2018\/08\/IMG_1510-e1522686916778-1-95x64.jpg 95w\" sizes=\"(max-width: 599px) 100vw, 599px\" \/><\/a><p id=\"caption-attachment-114736\" class=\"wp-caption-text\">Prova do TAF estava prevista para ser realizada de 20 a 22 de agosto. (Foto: arquivo\/SE Not\u00edcias)<\/p><\/div>\n<p style=\"text-align: justify;\">Em sua decis\u00e3o, ele determinou ainda a suspens\u00e3o da validade de duas quest\u00f5es da prova objetiva (87 e 88).<\/p>\n<p style=\"text-align: justify;\">Ainda de acordo com o magistrado, caso n\u00e3o seja cumprida a determina\u00e7\u00e3o ser\u00e1 aplicada uma multa di\u00e1ria de R$ 100 mil.<\/p>\n<p style=\"text-align: justify;\">A Secretaria de Planejamento, Or\u00e7amento e Gest\u00e3o (Seplag) ainda n\u00e3o se pronunciou sobre o assunto.<\/p>\n<p style=\"text-align: justify;\"><strong>Entenda o caso<\/strong><\/p>\n<p>As provas foram realizadas no dia 1\u00ba de julho, quando dois homens foram presos em flagrante na tentativa de fraudar o concurso.<\/p>\n<p style=\"text-align: justify;\">No dia 14 de agosto, o magistrado j\u00e1 tinha anulado a quest\u00e3o para uma outra candidata que havia entrado com uma a\u00e7\u00e3o. No \u00faltimo dia 2, o Manoel da Costa Neto tinha concedido uma liminar suspendendo o concurso da Pol\u00edcia Militar de Sergipe atendendo a um pedido de dois candidatos que participaram da prova objetiva e se sentiram prejudicados pela suspeita de fraude.<\/p>\n<p style=\"text-align: justify;\">O desembargador Roberto Eug\u00eanio da Fonseca Porto, suspendeu a liminar no dia 10 de agosto. Em seu entendimento, ele destacou que o concurso se mant\u00e9m \u00edntegro, uma vez que as tentativas de fraude foram neutralizadas pela empresa organizadora e a Pol\u00edcia Militar de Sergipe.<\/p>\n<p style=\"text-align: justify;\">Um deles foi submetido a exame de raio-x onde foi detectado um aparelho de celular escondido dentro de um gesso que protegia o bra\u00e7o esquerdo. O outro estava com um aparelho celular colado com fita embaixo da mesa da prova.<\/p>\n<p>Os suspeitos da fraude permanecem presos e as investiga\u00e7\u00f5es continuam para apurar se existem novos envolvidos no caso.<\/p>\n<p>&nbsp;<\/p>\n<p><em><strong>Acompanhe o SE Not\u00edcias no<\/strong><span class=\"apple-converted-space\"><b>\u00a0<\/b><\/span><a href=\"https:\/\/twitter.com\/Senoticias\" target=\"_blank\" rel=\"noopener\"><b>Twitter<\/b><\/a><strong>,<\/strong><span class=\"apple-converted-space\"><b>\u00a0<\/b><\/span><a href=\"https:\/\/www.facebook.com\/senoticias1\" target=\"_blank\" rel=\"noopener\"><b>Facebook<\/b><span class=\"apple-converted-space\"><b>\u00a0<\/b><\/span><\/a><strong>e no<\/strong><span class=\"apple-converted-space\"><b>\u00a0<\/b><\/span><a href=\"https:\/\/www.instagram.com\/senoticias\/\" target=\"_blank\" rel=\"noopener\"><b>Instagram<\/b><\/a><\/em><\/p>\n<p><a href=\"https:\/\/senoticias.com.br\/se\/wp-content\/uploads\/2018\/08\/Logomarca-fone-SE-4-2-1-1.jpg\"><img loading=\"lazy\" decoding=\"async\" class=\"aligncenter size-full wp-image-114484\" src=\"https:\/\/senoticias.com.br\/se\/wp-content\/uploads\/2018\/08\/Logomarca-fone-SE-4-2-1-1.jpg\" alt=\"\" width=\"599\" height=\"78\" srcset=\"https:\/\/senoticias.com.br\/se\/wp-content\/uploads\/2018\/08\/Logomarca-fone-SE-4-2-1-1.jpg 599w, https:\/\/senoticias.com.br\/se\/wp-content\/uploads\/2018\/08\/Logomarca-fone-SE-4-2-1-1-300x39.jpg 300w\" sizes=\"(max-width: 599px) 100vw, 599px\" \/><\/a><\/p>\n<p><em>Com informa\u00e7\u00f5es do <a href=\"https:\/\/g1.globo.com\/se\/sergipe\/noticia\/2018\/08\/17\/juiz-determina-a-suspensao-do-teste-de-aptidao-fisica-para-o-curso-de-soldado-da-policia-militar.ghtml\"><strong>G1<\/strong> <\/a>SE<\/em><\/p>\n","protected":false},"excerpt":{"rendered":"<p>No in\u00edcio da tarde desta sexta-feira (17), o juiz Manoel da Costa Neto, da 1\u00aa Vara C\u00edvel de S\u00e3o Crist\u00f3v\u00e3o, determinou a suspens\u00e3o do Teste de Aptid\u00e3o F\u00edsica (TAF) para o concurso de soldado da Pol\u00edcia Militar de Sergipe, previsto para o per\u00edodo de 20 a 22 de agosto. Em sua decis\u00e3o, ele determinou ainda [&hellip;]<\/p>\n","protected":false},"author":6552,"featured_media":114736,"comment_status":"closed","ping_status":"closed","sticky":false,"template":"","format":"standard","meta":{"footnotes":""},"categories":[15],"tags":[10450,10636,10606,10637],"class_list":{"0":"post-114735","1":"post","2":"type-post","3":"status-publish","4":"format-standard","5":"has-post-thumbnail","7":"category-destaques","8":"tag-concurso-da-policia-militar","9":"tag-concurso-do-taf","10":"tag-juiz-manoel-da-costa-neto","11":"tag-teste-de-aptidao-fisica"},"_links":{"self":[{"href":"https:\/\/senoticias.com.br\/se\/wp-json\/wp\/v2\/posts\/114735"}],"collection":[{"href":"https:\/\/senoticias.com.br\/se\/wp-json\/wp\/v2\/posts"}],"about":[{"href":"https:\/\/senoticias.com.br\/se\/wp-json\/wp\/v2\/types\/post"}],"author":[{"embeddable":true,"href":"https:\/\/senoticias.com.br\/se\/wp-json\/wp\/v2\/users\/6552"}],"replies":[{"embeddable":true,"href":"https:\/\/senoticias.com.br\/se\/wp-json\/wp\/v2\/comments?post=114735"}],"version-history":[{"count":0,"href":"https:\/\/senoticias.com.br\/se\/wp-json\/wp\/v2\/posts\/114735\/revisions"}],"wp:featuredmedia":[{"embeddable":true,"href":"https:\/\/senoticias.com.br\/se\/wp-json\/wp\/v2\/media\/114736"}],"wp:attachment":[{"href":"https:\/\/senoticias.com.br\/se\/wp-json\/wp\/v2\/media?parent=114735"}],"wp:term":[{"taxonomy":"category","embeddable":true,"href":"https:\/\/senoticias.com.br\/se\/wp-json\/wp\/v2\/categories?post=114735"},{"taxonomy":"post_tag","embeddable":true,"href":"https:\/\/senoticias.com.br\/se\/wp-json\/wp\/v2\/tags?post=114735"}],"curies":[{"name":"wp","href":"https:\/\/api.w.org\/{rel}","templated":true}]}}