{"id":114722,"date":"2018-08-16T16:10:24","date_gmt":"2018-08-16T19:10:24","guid":{"rendered":"https:\/\/senoticias.com.br\/se\/?p=114722"},"modified":"2018-08-16T16:11:26","modified_gmt":"2018-08-16T19:11:26","slug":"outras-duas-questoes-da-prova-para-soldado-da-pm-de-sergipe-sao-anuladas","status":"publish","type":"post","link":"https:\/\/senoticias.com.br\/se\/outras-duas-questoes-da-prova-para-soldado-da-pm-de-sergipe-sao-anuladas\/","title":{"rendered":"Outros candidatos conseguem anula\u00e7\u00e3o de quest\u00f5es da prova para soldado da PM de Sergipe"},"content":{"rendered":"<p style=\"text-align: justify\"><span style=\"color: #000000\">Outros candidatos conseguiram com o ju\u00edz Manuel da Costa Neto, da 1\u00aa Vara C\u00edvel de S\u00e3o Crist\u00f3v\u00e3o, a suspens\u00e3o de quest\u00f5es da prova objetiva para soldado da Pol\u00edcia Militar.<\/span><\/p>\n<p style=\"text-align: justify\"><span style=\"color: #000000\">Pela determina\u00e7\u00e3o, deixam de ser v\u00e1lidas quest\u00f5es em que o conte\u00fado n\u00e3o estava previsto no edital. A banca examinadora tamb\u00e9m ir\u00e1 refazer o c\u00e1lculo da nota dos candidatos que entraram com a a\u00e7\u00e3o. Em caso de descumprimento, a multa di\u00e1ria \u00e9 de R$ 100 mil.<\/span><\/p>\n<div id=\"attachment_112553\" style=\"width: 590px\" class=\"wp-caption aligncenter\"><a href=\"https:\/\/senoticias.com.br\/se\/wp-content\/uploads\/2018\/04\/d3fc0d5bf712660397bfabaeb125c7dc-e1524769035534.jpg\"><img loading=\"lazy\" decoding=\"async\" aria-describedby=\"caption-attachment-112553\" class=\"wp-image-112553 size-full\" src=\"https:\/\/senoticias.com.br\/se\/wp-content\/uploads\/2018\/04\/d3fc0d5bf712660397bfabaeb125c7dc-e1524769035534.jpg\" alt=\"\" width=\"580\" height=\"387\" \/><\/a><p id=\"caption-attachment-112553\" class=\"wp-caption-text\">Foto: Andr\u00e9 Moreira\/ASN<\/p><\/div>\n<p style=\"text-align: justify\"><span style=\"color: #000000\">Em nota, o Governo do Estado disse que vai recorrer de todas as liminares concedidas pelo juiz que anula as quest\u00f5es 87 e 88, por se referirem a assuntos n\u00e3o previstos no edital do concurso.<\/span><\/p>\n<p style=\"text-align: justify\"><span style=\"color: #000000\">O Governo que as duas quest\u00f5es foram elaboradas, baseado na garantia do IBFC, Instituto que realizou o concurso, em conformidade com o edital.<\/span><\/p>\n<p style=\"text-align: justify\"><span style=\"color: #000000\">O edital do concurso deve ser respeitado em todas as suas regras, n\u00e3o podendo ser desconsiderado sob pena de invalida\u00e7\u00e3o de todo o processo administrativo, por for\u00e7a do princ\u00edpio da vincula\u00e7\u00e3o ao instrumento convocat\u00f3rio e isonomia.<\/span><\/p>\n<p style=\"text-align: justify\"><span style=\"color: #000000\">O governo tamb\u00e9m informou que a liminar do juiz vai ser acatada e ser\u00e1 mantido o Teste de Aptid\u00e3o F\u00edsica (TAF) para os classificados no concurso de soldado, no per\u00edodo de 20 a 22 de agosto, visto que a decis\u00e3o do ju\u00edzo da Comarca de S\u00e3o Crist\u00f3v\u00e3o n\u00e3o atinge a realiza\u00e7\u00e3o do TAF.<\/span><\/p>\n<p style=\"text-align: justify\"><strong><span style=\"color: #000000\">Outra decis\u00e3o<\/span><\/strong><\/p>\n<p style=\"text-align: justify\"><span style=\"color: #000000\">A ju\u00edza Herc\u00edlia Maria Fonseca Lima Brito, da 3\u00aa Vara C\u00edvel, concedeu nesta quinta-feira (16) uma liminar para uma candidata do concurso para soldado da PM suspendendo para ela a quest\u00e3o 87.<\/span><\/p>\n<p>&nbsp;<\/p>\n<p><a href=\"https:\/\/senoticias.com.br\/se\/wp-content\/uploads\/2018\/08\/Logomarca-fone-SE-4-2-1-1.jpg\"><img loading=\"lazy\" decoding=\"async\" class=\"aligncenter wp-image-114484 size-full\" src=\"https:\/\/senoticias.com.br\/se\/wp-content\/uploads\/2018\/08\/Logomarca-fone-SE-4-2-1-1.jpg\" alt=\"\" width=\"599\" height=\"78\" srcset=\"https:\/\/senoticias.com.br\/se\/wp-content\/uploads\/2018\/08\/Logomarca-fone-SE-4-2-1-1.jpg 599w, https:\/\/senoticias.com.br\/se\/wp-content\/uploads\/2018\/08\/Logomarca-fone-SE-4-2-1-1-300x39.jpg 300w\" sizes=\"(max-width: 599px) 100vw, 599px\" \/><\/a><\/p>\n<p>Com informa\u00e7\u00f5es do G1 SE<\/p>\n","protected":false},"excerpt":{"rendered":"<p>Outros candidatos conseguiram com o ju\u00edz Manuel da Costa Neto, da 1\u00aa Vara C\u00edvel de S\u00e3o Crist\u00f3v\u00e3o, a suspens\u00e3o de quest\u00f5es da prova objetiva para soldado da Pol\u00edcia Militar. Pela determina\u00e7\u00e3o, deixam de ser v\u00e1lidas quest\u00f5es em que o conte\u00fado n\u00e3o estava previsto no edital. A banca examinadora tamb\u00e9m ir\u00e1 refazer o c\u00e1lculo da nota [&hellip;]<\/p>\n","protected":false},"author":6553,"featured_media":0,"comment_status":"closed","ping_status":"closed","sticky":false,"template":"","format":"standard","meta":{"footnotes":""},"categories":[15,7],"tags":[412,10628,2799,2952,1303,223],"class_list":{"0":"post-114722","1":"post","2":"type-post","3":"status-publish","4":"format-standard","6":"category-destaques","7":"category-policia","8":"tag-concurso","9":"tag-ibfc","10":"tag-justica","11":"tag-pm","12":"tag-policia","13":"tag-sergipe"},"_links":{"self":[{"href":"https:\/\/senoticias.com.br\/se\/wp-json\/wp\/v2\/posts\/114722"}],"collection":[{"href":"https:\/\/senoticias.com.br\/se\/wp-json\/wp\/v2\/posts"}],"about":[{"href":"https:\/\/senoticias.com.br\/se\/wp-json\/wp\/v2\/types\/post"}],"author":[{"embeddable":true,"href":"https:\/\/senoticias.com.br\/se\/wp-json\/wp\/v2\/users\/6553"}],"replies":[{"embeddable":true,"href":"https:\/\/senoticias.com.br\/se\/wp-json\/wp\/v2\/comments?post=114722"}],"version-history":[{"count":0,"href":"https:\/\/senoticias.com.br\/se\/wp-json\/wp\/v2\/posts\/114722\/revisions"}],"wp:attachment":[{"href":"https:\/\/senoticias.com.br\/se\/wp-json\/wp\/v2\/media?parent=114722"}],"wp:term":[{"taxonomy":"category","embeddable":true,"href":"https:\/\/senoticias.com.br\/se\/wp-json\/wp\/v2\/categories?post=114722"},{"taxonomy":"post_tag","embeddable":true,"href":"https:\/\/senoticias.com.br\/se\/wp-json\/wp\/v2\/tags?post=114722"}],"curies":[{"name":"wp","href":"https:\/\/api.w.org\/{rel}","templated":true}]}}