{"id":114713,"date":"2018-08-16T11:25:28","date_gmt":"2018-08-16T14:25:28","guid":{"rendered":"https:\/\/senoticias.com.br\/se\/?p=114713"},"modified":"2018-08-16T11:25:28","modified_gmt":"2018-08-16T14:25:28","slug":"policia-federal-deflagra-operacao-marcha-a-re-em-sergipe","status":"publish","type":"post","link":"https:\/\/senoticias.com.br\/se\/policia-federal-deflagra-operacao-marcha-a-re-em-sergipe\/","title":{"rendered":"Pol\u00edcia Federal deflagra &#8220;Opera\u00e7\u00e3o Marcha \u00e0 r\u00e9&#8221;, em Sergipe"},"content":{"rendered":"<p style=\"text-align: justify;\">A <strong>Pol\u00edcia Federal<\/strong> deflagrou, em parceria com o Minist\u00e9rio da Transpar\u00eancia e Controladoria-Geral da Uni\u00e3o (CGU), nesta quinta-feira, 16\/08, a <strong>OPERA\u00c7\u00c3O MARCHA \u00c0 R\u00c9<\/strong>, com o objetivo de apurar irregularidades na aplica\u00e7\u00e3o de recursos p\u00fablicos federais do Programa Nacional de Apoio ao Transporte Escolar (PNATE).<\/p>\n<p style=\"text-align: justify;\">Fiscaliza\u00e7\u00f5es feitas pela <strong>CGU<\/strong> e dilig\u00eancias realizadas pela PF identificaram inconformidades na defini\u00e7\u00e3o do pre\u00e7o de refer\u00eancia do Preg\u00e3o Eletr\u00f4nico no 432\/2013, por meio do qual o Governo do Estado de Sergipe celebrou diversos contratos de presta\u00e7\u00e3o de servi\u00e7o de transporte escolar entre os anos de 2014 e 2017, bem como apontaram ind\u00edcios de forma\u00e7\u00e3o de cartel e conluio entre empresas participantes da licita\u00e7\u00e3o, a fim de frustrar a leg\u00edtima concorr\u00eancia e majorar pre\u00e7os indevidamente.<\/p>\n<div id=\"attachment_114714\" style=\"width: 609px\" class=\"wp-caption aligncenter\"><a href=\"https:\/\/senoticias.com.br\/se\/wp-content\/uploads\/2018\/08\/pff.jpg\"><img loading=\"lazy\" decoding=\"async\" aria-describedby=\"caption-attachment-114714\" class=\"size-full wp-image-114714\" src=\"https:\/\/senoticias.com.br\/se\/wp-content\/uploads\/2018\/08\/pff-e1534429131108.jpg\" alt=\"\" width=\"599\" height=\"337\" \/><\/a><p id=\"caption-attachment-114714\" class=\"wp-caption-text\">Cerca de 70 policiais federais e seis auditores da CGU cumprem 13 mandados de busca e apreens\u00e3o em sete munic\u00edpios sergipanos (Foto: Aascom\/Pol\u00edcia Federal)<\/p><\/div>\n<p style=\"text-align: justify;\">\n<p>Foram verificados, tamb\u00e9m, ind\u00edcios de superfaturamentos decorrentes das seguintes pr\u00e1ticas:<\/p>\n<p style=\"text-align: justify;\">a) pagamento por servi\u00e7os n\u00e3o prestados;<\/p>\n<p style=\"text-align: justify;\">b) incid\u00eancia de custos diretos inferiores aos declarados pelas empresas em suas composi\u00e7\u00f5es de pre\u00e7os nas ocorr\u00eancias de subcontrata\u00e7\u00e3o;<\/p>\n<p style=\"text-align: justify;\">c) pagamentos baseados em quilometragem superior \u00e0 efetivamente percorrida pelos ve\u00edculos contratados;<br \/>\ne<\/p>\n<p style=\"text-align: justify;\">d) pagamentos por quantidade de ve\u00edculos superior \u00e0 efetivamente disponibilizada por determinada empresa.<\/p>\n<p style=\"text-align: justify;\">Entre 2014 e 2017, os recursos envolvidos na contrata\u00e7\u00e3o de transporte escolar pelo Governo do Estado de Sergipe alcan\u00e7aram o montante de R$ 285 milh\u00f5es, sendo cerca de R$ 13 milh\u00f5es oriundos de verba federal do PNATE, vinculado ao Fundo Nacional de Desenvolvimento da Educa\u00e7\u00e3o (FNDE). O efetivo preju\u00edzo aos cofres do Estado e da Uni\u00e3o ser\u00e3o calculados no decorrer das apura\u00e7\u00f5es.<\/p>\n<p style=\"text-align: justify;\">S\u00e3o cumpridos 13 (treze) mandados de busca e apreens\u00e3o nas sedes da SEED e das empresas envolvidas, em Aracaju, Boquim, Est\u00e2ncia, Lagarto, Nossa Senhora das Dores, Nossa Senhora do Socorro e S\u00e3o Crist\u00f3v\u00e3o, com a participa\u00e7\u00e3o de 72 policiais federais e 6 auditores da CGU.<\/p>\n<p><strong>Seed sobre a Opera\u00e7\u00e3o Marcha R\u00e9 deflagrada pela Pol\u00edcia Federal<\/strong><\/p>\n<p style=\"text-align: justify;\"><em>A Secretaria de Estado da Educa\u00e7\u00e3o informa que contribuiu com a a\u00e7\u00e3o da Pol\u00edcia Federal e, de antem\u00e3o, informa que todos os contratos referentes a preg\u00f5es eletr\u00f4nicos s\u00e3o auditados, acompanhados e fiscalizados por t\u00e9cnicos auditores.<\/em><\/p>\n<p style=\"text-align: justify;\"><em>A Secretaria de Estado da Educa\u00e7\u00e3o destaca ainda que n\u00e3o se op\u00f5e as atividades di\u00e1rias de fiscaliza\u00e7\u00e3o. Medidas como essas corroboraram com a transpar\u00eancia dos processos que envolvem verbas p\u00fablicas<\/em>.<\/p>\n<p>Com informa\u00e7\u00f5es da Assessoria Comunica\u00e7\u00e3o Social da Pol\u00edcia Federal em Sergipe e da ascom\/Seed<\/p>\n<p>&nbsp;<\/p>\n<p><a href=\"https:\/\/senoticias.com.br\/se\/wp-content\/uploads\/2018\/08\/Logomarca-fone-SE-4-2-1-1.jpg\"><img loading=\"lazy\" decoding=\"async\" class=\"aligncenter size-full wp-image-114484\" src=\"https:\/\/senoticias.com.br\/se\/wp-content\/uploads\/2018\/08\/Logomarca-fone-SE-4-2-1-1.jpg\" alt=\"\" width=\"599\" height=\"78\" srcset=\"https:\/\/senoticias.com.br\/se\/wp-content\/uploads\/2018\/08\/Logomarca-fone-SE-4-2-1-1.jpg 599w, https:\/\/senoticias.com.br\/se\/wp-content\/uploads\/2018\/08\/Logomarca-fone-SE-4-2-1-1-300x39.jpg 300w\" sizes=\"(max-width: 599px) 100vw, 599px\" \/><\/a><\/p>\n<p>&nbsp;<\/p>\n<p><em><strong>Acompanhe o SE Not\u00edcias no<\/strong><span class=\"apple-converted-space\"><b>\u00a0<\/b><\/span><a href=\"https:\/\/twitter.com\/Senoticias\" target=\"_blank\" rel=\"noopener\"><b>Twitter<\/b><\/a><strong>,<\/strong><span class=\"apple-converted-space\"><b>\u00a0<\/b><\/span><a href=\"https:\/\/www.facebook.com\/senoticias1\" target=\"_blank\" rel=\"noopener\"><b>Facebook<\/b><span class=\"apple-converted-space\"><b>\u00a0<\/b><\/span><\/a><strong>e no<\/strong><span class=\"apple-converted-space\"><b>\u00a0<\/b><\/span><a href=\"https:\/\/www.instagram.com\/senoticias\/\" target=\"_blank\" rel=\"noopener\"><b>Instagram<\/b><\/a><\/em><\/p>\n<p>&nbsp;<\/p>\n","protected":false},"excerpt":{"rendered":"<p>A Pol\u00edcia Federal deflagrou, em parceria com o Minist\u00e9rio da Transpar\u00eancia e Controladoria-Geral da Uni\u00e3o (CGU), nesta quinta-feira, 16\/08, a OPERA\u00c7\u00c3O MARCHA \u00c0 R\u00c9, com o objetivo de apurar irregularidades na aplica\u00e7\u00e3o de recursos p\u00fablicos federais do Programa Nacional de Apoio ao Transporte Escolar (PNATE). Fiscaliza\u00e7\u00f5es feitas pela CGU e dilig\u00eancias realizadas pela PF identificaram [&hellip;]<\/p>\n","protected":false},"author":6552,"featured_media":114714,"comment_status":"closed","ping_status":"closed","sticky":false,"template":"","format":"standard","meta":{"footnotes":""},"categories":[15,7,1],"tags":[10623,10622,1947,10621,4522],"class_list":{"0":"post-114713","1":"post","2":"type-post","3":"status-publish","4":"format-standard","5":"has-post-thumbnail","7":"category-destaques","8":"category-policia","9":"category-sem-categoria","10":"tag-fundo-nacional-de-desenvolvimento-da-educacao","11":"tag-operacao-marcha-a-re","12":"tag-policia-federal","13":"tag-policiais-federais","14":"tag-seed"},"_links":{"self":[{"href":"https:\/\/senoticias.com.br\/se\/wp-json\/wp\/v2\/posts\/114713"}],"collection":[{"href":"https:\/\/senoticias.com.br\/se\/wp-json\/wp\/v2\/posts"}],"about":[{"href":"https:\/\/senoticias.com.br\/se\/wp-json\/wp\/v2\/types\/post"}],"author":[{"embeddable":true,"href":"https:\/\/senoticias.com.br\/se\/wp-json\/wp\/v2\/users\/6552"}],"replies":[{"embeddable":true,"href":"https:\/\/senoticias.com.br\/se\/wp-json\/wp\/v2\/comments?post=114713"}],"version-history":[{"count":0,"href":"https:\/\/senoticias.com.br\/se\/wp-json\/wp\/v2\/posts\/114713\/revisions"}],"wp:featuredmedia":[{"embeddable":true,"href":"https:\/\/senoticias.com.br\/se\/wp-json\/wp\/v2\/media\/114714"}],"wp:attachment":[{"href":"https:\/\/senoticias.com.br\/se\/wp-json\/wp\/v2\/media?parent=114713"}],"wp:term":[{"taxonomy":"category","embeddable":true,"href":"https:\/\/senoticias.com.br\/se\/wp-json\/wp\/v2\/categories?post=114713"},{"taxonomy":"post_tag","embeddable":true,"href":"https:\/\/senoticias.com.br\/se\/wp-json\/wp\/v2\/tags?post=114713"}],"curies":[{"name":"wp","href":"https:\/\/api.w.org\/{rel}","templated":true}]}}