{"id":114688,"date":"2018-08-14T21:32:07","date_gmt":"2018-08-15T00:32:07","guid":{"rendered":"https:\/\/senoticias.com.br\/se\/?p=114688"},"modified":"2018-08-14T22:03:55","modified_gmt":"2018-08-15T01:03:55","slug":"juiz-determina-suspensao-de-duas-questoes-da-prova-para-soldado-da-policia-militar-de-sergipe","status":"publish","type":"post","link":"https:\/\/senoticias.com.br\/se\/juiz-determina-suspensao-de-duas-questoes-da-prova-para-soldado-da-policia-militar-de-sergipe\/","title":{"rendered":"Juiz determina suspens\u00e3o de duas quest\u00f5es da prova para soldado da Pol\u00edcia Militar de Sergipe"},"content":{"rendered":"<p>&nbsp;<\/p>\n<p style=\"text-align: justify;\">O juiz Manoel da Costa Neto, da 1\u00aa Vara C\u00edvel de S\u00e3o Crist\u00f3v\u00e3o, determinou na tarde desta ter\u00e7a-feira (14) a suspens\u00e3o de duas quest\u00f5es da prova objetiva para soldado da Pol\u00edcia Militar.<\/p>\n<div id=\"attachment_98486\" style=\"width: 609px\" class=\"wp-caption aligncenter\"><a href=\"https:\/\/senoticias.com.br\/se\/wp-content\/uploads\/2016\/12\/Manoel-Costa-Neto-SE-Noticias-e1480859497778.jpg\"><img loading=\"lazy\" decoding=\"async\" aria-describedby=\"caption-attachment-98486\" class=\"size-full wp-image-98486\" src=\"https:\/\/senoticias.com.br\/se\/wp-content\/uploads\/2016\/12\/Manoel-Costa-Neto-SE-Noticias-e1480859497778.jpg\" alt=\"\" width=\"599\" height=\"337\" \/><\/a><p id=\"caption-attachment-98486\" class=\"wp-caption-text\">Segundo o juiz Dr Manoel Costa Neto, quest\u00f5es n\u00e3o estavam previstas na prova. (Foto: Or\u00e1cio Oliveira\/SE Not\u00edcias)<\/p><\/div>\n<p style=\"text-align: justify;\">A decis\u00e3o acatou o pedido de uma candidata. Pela determina\u00e7\u00e3o, deixam de ser v\u00e1lidas as quest\u00f5es 87 e 88, pois o conte\u00fado n\u00e3o estava previsto no edital.<\/p>\n<p style=\"text-align: justify;\">O juiz determinou ainda que a banca examinadora fa\u00e7a o rec\u00e1lculo da nota da candidata que entrou com a a\u00e7\u00e3o. Em caso de descumprimento, a multa di\u00e1ria \u00e9 de R$ 100 mil.<\/p>\n<p>A Secretaria de Estado do Planejamento (Seplag) informou que ainda n\u00e3o foi notificada da decis\u00e3o.<\/p>\n<p style=\"text-align: justify;\">No \u00faltimo dia 2 de julho, o <a href=\"https:\/\/senoticias.com.br\/se\/justica-determina-suspensao-de-concurso-da-policia-militar-de-sergipe\/\"><strong>Manoel da Costa Neto tinha concedido uma liminar suspendendo o concurso da Pol\u00edcia Militar de Sergipe<\/strong><\/a> atendendo a um pedido de dois candidatos que participaram da prova objetiva e se sentiram prejudicados pela suspeita de fraude.<\/p>\n<p style=\"text-align: justify;\">O desembargador Roberto Eug\u00eanio da Fonseca Porto, suspendeu a liminar no dia 10 de julho. Em seu entendimento, ele destacou que o concurso se mant\u00e9m \u00edntegro, uma vez que as tentativas de fraude foram neutralizadas pela empresa organizadora e a Pol\u00edcia Militar de Sergipe.<\/p>\n<p><strong>Entenda o caso<\/strong><\/p>\n<p style=\"text-align: justify;\">As provas foram realizadas no dia 1\u00ba de julho, quando <a href=\"https:\/\/senoticias.com.br\/se\/irmaos-sao-presos-por-tentarem-fraudar-o-concurso-da-pm-de-sergipe\/\"><strong>dois homens foram presos em flagrante<\/strong><\/a> na tentativa de fraudar o concurso.<\/p>\n<p>Um deles foi submetido a exame de raio-x onde foi detectado um aparelho de celular escondido dentro de um gesso que protegia o bra\u00e7o esquerdo. O outro estava com um aparelho celular colado com fita embaixo da mesa da prova.<\/p>\n<p style=\"text-align: justify;\">A delegada Rosana Freitas informou que os suspeitos da fraude permanecem presos e as investiga\u00e7\u00f5es continuam para apurar se existem novos envolvidos no caso.<\/p>\n<p>N\u00famero do processo:\u00a0<strong>201883000835<\/strong><\/p>\n<p>&nbsp;<\/p>\n<p><em><strong>Acompanhe o SE Not\u00edcias no<\/strong><span class=\"apple-converted-space\"><b>\u00a0<\/b><\/span><a href=\"https:\/\/twitter.com\/Senoticias\" target=\"_blank\" rel=\"noopener\"><b>Twitter<\/b><\/a><strong>,<\/strong><span class=\"apple-converted-space\"><b>\u00a0<\/b><\/span><a href=\"https:\/\/www.facebook.com\/senoticias1\" target=\"_blank\" rel=\"noopener\"><b>Facebook<\/b><span class=\"apple-converted-space\"><b>\u00a0<\/b><\/span><\/a><strong>e no<\/strong><span class=\"apple-converted-space\"><b>\u00a0<\/b><\/span><a href=\"https:\/\/www.instagram.com\/senoticias\/\" target=\"_blank\" rel=\"noopener\"><b>Instagram<\/b><\/a><\/em><\/p>\n<p>&nbsp;<\/p>\n<p><a href=\"https:\/\/senoticias.com.br\/se\/wp-content\/uploads\/2018\/08\/Logomarca-fone-SE-4-2-1-1.jpg\"><img loading=\"lazy\" decoding=\"async\" class=\"aligncenter size-full wp-image-114484\" src=\"https:\/\/senoticias.com.br\/se\/wp-content\/uploads\/2018\/08\/Logomarca-fone-SE-4-2-1-1.jpg\" alt=\"\" width=\"599\" height=\"78\" srcset=\"https:\/\/senoticias.com.br\/se\/wp-content\/uploads\/2018\/08\/Logomarca-fone-SE-4-2-1-1.jpg 599w, https:\/\/senoticias.com.br\/se\/wp-content\/uploads\/2018\/08\/Logomarca-fone-SE-4-2-1-1-300x39.jpg 300w\" sizes=\"(max-width: 599px) 100vw, 599px\" \/><\/a><\/p>\n<p>&nbsp;<\/p>\n<p><em>Com informa\u00e7\u00f5es do G1 SE<\/em><\/p>\n","protected":false},"excerpt":{"rendered":"<p>&nbsp; O juiz Manoel da Costa Neto, da 1\u00aa Vara C\u00edvel de S\u00e3o Crist\u00f3v\u00e3o, determinou na tarde desta ter\u00e7a-feira (14) a suspens\u00e3o de duas quest\u00f5es da prova objetiva para soldado da Pol\u00edcia Militar. A decis\u00e3o acatou o pedido de uma candidata. Pela determina\u00e7\u00e3o, deixam de ser v\u00e1lidas as quest\u00f5es 87 e 88, pois o conte\u00fado [&hellip;]<\/p>\n","protected":false},"author":6552,"featured_media":98486,"comment_status":"closed","ping_status":"closed","sticky":false,"template":"","format":"standard","meta":{"footnotes":""},"categories":[15,7],"tags":[10605,10450,10606,10604],"class_list":{"0":"post-114688","1":"post","2":"type-post","3":"status-publish","4":"format-standard","5":"has-post-thumbnail","7":"category-destaques","8":"category-policia","9":"tag-1a-vara-civel-de-sao-cristovao","10":"tag-concurso-da-policia-militar","11":"tag-juiz-manoel-da-costa-neto","12":"tag-manoel-da-costa-neto"},"_links":{"self":[{"href":"https:\/\/senoticias.com.br\/se\/wp-json\/wp\/v2\/posts\/114688"}],"collection":[{"href":"https:\/\/senoticias.com.br\/se\/wp-json\/wp\/v2\/posts"}],"about":[{"href":"https:\/\/senoticias.com.br\/se\/wp-json\/wp\/v2\/types\/post"}],"author":[{"embeddable":true,"href":"https:\/\/senoticias.com.br\/se\/wp-json\/wp\/v2\/users\/6552"}],"replies":[{"embeddable":true,"href":"https:\/\/senoticias.com.br\/se\/wp-json\/wp\/v2\/comments?post=114688"}],"version-history":[{"count":0,"href":"https:\/\/senoticias.com.br\/se\/wp-json\/wp\/v2\/posts\/114688\/revisions"}],"wp:featuredmedia":[{"embeddable":true,"href":"https:\/\/senoticias.com.br\/se\/wp-json\/wp\/v2\/media\/98486"}],"wp:attachment":[{"href":"https:\/\/senoticias.com.br\/se\/wp-json\/wp\/v2\/media?parent=114688"}],"wp:term":[{"taxonomy":"category","embeddable":true,"href":"https:\/\/senoticias.com.br\/se\/wp-json\/wp\/v2\/categories?post=114688"},{"taxonomy":"post_tag","embeddable":true,"href":"https:\/\/senoticias.com.br\/se\/wp-json\/wp\/v2\/tags?post=114688"}],"curies":[{"name":"wp","href":"https:\/\/api.w.org\/{rel}","templated":true}]}}