{"id":114675,"date":"2018-08-14T16:40:55","date_gmt":"2018-08-14T19:40:55","guid":{"rendered":"https:\/\/senoticias.com.br\/se\/?p=114675"},"modified":"2018-08-14T17:37:45","modified_gmt":"2018-08-14T20:37:45","slug":"fundat-esta-com-vaga-de-emprego-para-professor-tutor-ead-com-deficiencia","status":"publish","type":"post","link":"https:\/\/senoticias.com.br\/se\/fundat-esta-com-vaga-de-emprego-para-professor-tutor-ead-com-deficiencia\/","title":{"rendered":"Fundat est\u00e1 com vaga de emprego para professor tutor EAD com defici\u00eancia"},"content":{"rendered":"<p style=\"text-align: justify;\"><span style=\"color: #000000;\">A Funda\u00e7\u00e3o Municipal de Forma\u00e7\u00e3o para o Trabalho (Fundat), por meio da Ag\u00eancia do Trabalhador, setor respons\u00e1vel pelo encaminhamento de cidad\u00e3os ao mercado de trabalho, est\u00e1 com oportunidade de emprego destinada \u00e0 pessoa com defici\u00eancia (PCD). Desta vez, a vaga \u00e9 para professor tutor virtual de cursos de gradua\u00e7\u00e3o de Ensino a Dist\u00e2ncia (EAD).<\/span><\/p>\n<p><a href=\"https:\/\/senoticias.com.br\/se\/wp-content\/uploads\/2017\/10\/fundat-SENOTICIAS-e1507224328720.jpg\"><img loading=\"lazy\" decoding=\"async\" class=\"aligncenter wp-image-107173 size-full\" src=\"https:\/\/senoticias.com.br\/se\/wp-content\/uploads\/2017\/10\/fundat-SENOTICIAS-e1507224328720.jpg\" alt=\"\" width=\"599\" height=\"450\" \/><\/a><\/p>\n<p style=\"text-align: justify;\"><span style=\"color: #000000;\">Para participar do processo seletivo, \u00e9 necess\u00e1rio ter ensino superior completo em Neg\u00f3cios e Finan\u00e7as, An\u00e1lise e Desenvolvimento de Sistemas, Licenciaturas, Log\u00edstica ou Servi\u00e7o Social. Al\u00e9m disso, o candidato tamb\u00e9m precisa ter o curso de p\u00f3s-gradua\u00e7\u00e3o lato sensu (especializa\u00e7\u00e3o, MBA) conclu\u00eddo.<\/span><\/p>\n<p style=\"text-align: justify;\"><span style=\"color: #000000;\">Os interessados em concorrer \u00e0 vaga devem enviar o curr\u00edculo lattes para o e-mail agencia.trabalhador@aracaju.se.gov.br.<\/span><\/p>\n<p>&nbsp;<\/p>\n<p><a href=\"https:\/\/senoticias.com.br\/se\/wp-content\/uploads\/2018\/08\/Logomarca-fone-SE-4-2-1-1.jpg\"><img loading=\"lazy\" decoding=\"async\" class=\"aligncenter wp-image-114484 size-full\" src=\"https:\/\/senoticias.com.br\/se\/wp-content\/uploads\/2018\/08\/Logomarca-fone-SE-4-2-1-1.jpg\" alt=\"\" width=\"599\" height=\"78\" srcset=\"https:\/\/senoticias.com.br\/se\/wp-content\/uploads\/2018\/08\/Logomarca-fone-SE-4-2-1-1.jpg 599w, https:\/\/senoticias.com.br\/se\/wp-content\/uploads\/2018\/08\/Logomarca-fone-SE-4-2-1-1-300x39.jpg 300w\" sizes=\"(max-width: 599px) 100vw, 599px\" \/><\/a><\/p>\n<p>&nbsp;<\/p>\n<p><em><strong>Acompanhe o SE Not\u00edcias no<\/strong><span class=\"apple-converted-space\"><b>\u00a0<\/b><\/span><a href=\"https:\/\/twitter.com\/Senoticias\" target=\"_blank\" rel=\"noopener\"><b>Twitter<\/b><\/a><strong>,<\/strong><span class=\"apple-converted-space\"><b>\u00a0<\/b><\/span><a href=\"https:\/\/www.facebook.com\/senoticias1\" target=\"_blank\" rel=\"noopener\"><b>Facebook<\/b><span class=\"apple-converted-space\"><b>\u00a0<\/b><\/span><\/a><strong>e no<\/strong><span class=\"apple-converted-space\"><b>\u00a0<\/b><\/span><a href=\"https:\/\/www.instagram.com\/senoticias\/\" target=\"_blank\" rel=\"noopener\"><b>Instagram<\/b><\/a><\/em><\/p>\n<p>Por Ascom Fundat<\/p>\n","protected":false},"excerpt":{"rendered":"<p>A Funda\u00e7\u00e3o Municipal de Forma\u00e7\u00e3o para o Trabalho (Fundat), por meio da Ag\u00eancia do Trabalhador, setor respons\u00e1vel pelo encaminhamento de cidad\u00e3os ao mercado de trabalho, est\u00e1 com oportunidade de emprego destinada \u00e0 pessoa com defici\u00eancia (PCD). Desta vez, a vaga \u00e9 para professor tutor virtual de cursos de gradua\u00e7\u00e3o de Ensino a Dist\u00e2ncia (EAD). Para [&hellip;]<\/p>\n","protected":false},"author":6553,"featured_media":0,"comment_status":"closed","ping_status":"closed","sticky":false,"template":"","format":"standard","meta":{"footnotes":""},"categories":[10,6],"tags":[339,10596,641,10594,10595,2700,223,3028],"class_list":{"0":"post-114675","1":"post","2":"type-post","3":"status-publish","4":"format-standard","6":"category-empregos","7":"category-politica","8":"tag-aracaju","9":"tag-ead","10":"tag-fundat","11":"tag-pcd","12":"tag-pessoa-com-deficiencia","13":"tag-professor","14":"tag-sergipe","15":"tag-vagas"},"_links":{"self":[{"href":"https:\/\/senoticias.com.br\/se\/wp-json\/wp\/v2\/posts\/114675"}],"collection":[{"href":"https:\/\/senoticias.com.br\/se\/wp-json\/wp\/v2\/posts"}],"about":[{"href":"https:\/\/senoticias.com.br\/se\/wp-json\/wp\/v2\/types\/post"}],"author":[{"embeddable":true,"href":"https:\/\/senoticias.com.br\/se\/wp-json\/wp\/v2\/users\/6553"}],"replies":[{"embeddable":true,"href":"https:\/\/senoticias.com.br\/se\/wp-json\/wp\/v2\/comments?post=114675"}],"version-history":[{"count":0,"href":"https:\/\/senoticias.com.br\/se\/wp-json\/wp\/v2\/posts\/114675\/revisions"}],"wp:attachment":[{"href":"https:\/\/senoticias.com.br\/se\/wp-json\/wp\/v2\/media?parent=114675"}],"wp:term":[{"taxonomy":"category","embeddable":true,"href":"https:\/\/senoticias.com.br\/se\/wp-json\/wp\/v2\/categories?post=114675"},{"taxonomy":"post_tag","embeddable":true,"href":"https:\/\/senoticias.com.br\/se\/wp-json\/wp\/v2\/tags?post=114675"}],"curies":[{"name":"wp","href":"https:\/\/api.w.org\/{rel}","templated":true}]}}