{"id":114663,"date":"2018-08-14T08:07:44","date_gmt":"2018-08-14T11:07:44","guid":{"rendered":"https:\/\/senoticias.com.br\/se\/?p=114663"},"modified":"2018-08-14T18:41:06","modified_gmt":"2018-08-14T21:41:06","slug":"prefeito-de-sao-cristovao-participa-de-seminario-internacional-sobre-gestao-das-cidades-historicas","status":"publish","type":"post","link":"https:\/\/senoticias.com.br\/se\/prefeito-de-sao-cristovao-participa-de-seminario-internacional-sobre-gestao-das-cidades-historicas\/","title":{"rendered":"Prefeito de S\u00e3o Crist\u00f3v\u00e3o participa de semin\u00e1rio internacional sobre gest\u00e3o das cidades hist\u00f3ricas"},"content":{"rendered":"<p>&nbsp;<\/p>\n<p style=\"text-align: justify;\">Representantes dos 14 s\u00edtios culturais no Brasil reconhecidos como Patrim\u00f4nio Mundial participam, desde ontem (13), at\u00e9 quarta-feira (15), do Semin\u00e1rio Internacional Gest\u00e3o de S\u00edtios Culturais do Patrim\u00f4nio Mundial no Brasil, na Cidade de Goi\u00e1s (GO). S\u00e3o Crist\u00f3v\u00e3o est\u00e1 presente ao evento, atrav\u00e9s do prefeito Marcos Santana, e do presidente da Funda\u00e7\u00e3o de Cultura e Turismo Jo\u00e3o Bebe \u00c1gua, Everaldo Pinto Fontes (Gaspeu).<\/p>\n<div id=\"attachment_114664\" style=\"width: 609px\" class=\"wp-caption aligncenter\"><a href=\"https:\/\/senoticias.com.br\/se\/wp-content\/uploads\/2018\/08\/untitled.pngCidades--e1534244049674.png\"><img loading=\"lazy\" decoding=\"async\" aria-describedby=\"caption-attachment-114664\" class=\"size-full wp-image-114664\" src=\"https:\/\/senoticias.com.br\/se\/wp-content\/uploads\/2018\/08\/untitled.pngCidades--e1534244049674.png\" alt=\"\" width=\"599\" height=\"449\" \/><\/a><p id=\"caption-attachment-114664\" class=\"wp-caption-text\">Em Goi\u00e1s, o prefeito Marcos Santana participa do \u2018Semin\u00e1rio Internacional de Gest\u00e3o de S\u00edtios Culturais do Patrim\u00f4nio Mundial no Brasil\u2019<\/p><\/div>\n<p style=\"text-align: justify;\">O objetivo do encontro \u00e9 promover a troca de experi\u00eancias que auxiliem a gest\u00e3o de 14 s\u00edtios culturais brasileiros de valor para a humanidade, a exemplo da Pra\u00e7a S\u00e3o Francisco, e como eles podem se tornar um vetor de desenvolvimento.<\/p>\n<p style=\"text-align: justify;\">Ao final do encontro, os representantes dos 14 s\u00edtios culturais brasileiros assinar\u00e3o com a presidente do Iphan a Carta de Goi\u00e1s, documento que busca garantir a continuidade de investimentos federais, estaduais e municipais na requalifica\u00e7\u00e3o urbana de cidades hist\u00f3ricas.<\/p>\n<p>O evento \u00e9 organizado pelo Instituto do Patrim\u00f4nio Hist\u00f3rico e Art\u00edstico Nacional (Iphan) e re\u00fane representantes do Centro do Patrim\u00f4nio Mundial e de cidades reconhecidas pela Unesco, na Europa e Am\u00e9rica Latina.<\/p>\n<p><strong>Os 14 s\u00edtios culturais no Brasil reconhecidos como Patrim\u00f4nio Mundial da Humanidade:<\/strong><\/p>\n<p>Bras\u00edlia (DF)<br \/>\nCais do Valongo, Rio de Janeiro (RJ)<br \/>\nCentro Hist\u00f3rico de Goi\u00e1s (GO)<br \/>\nCentro Hist\u00f3rico de Diamantina (MG)<br \/>\nCentro Hist\u00f3rico de Ouro Preto (MG)<br \/>\nCentro Hist\u00f3rico de Olinda (PE)<br \/>\nCentro Hist\u00f3rico de S\u00e3o Lu\u00eds (MA)<br \/>\nCentro Hist\u00f3rico de Salvador (BA)<br \/>\nConjunto Moderno da Pampulha, Belo Horizonte (MG)<br \/>\nRu\u00ednas de S\u00e3o Miguel das Miss\u00f5es (RS)<br \/>\nParque Nacional Serra da Capivara (PI)<br \/>\n<strong>Pra\u00e7a S\u00e3o Francisco, em S\u00e3o Crist\u00f3v\u00e3o (SE)<\/strong><br \/>\nRio de Janeiro, paisagens cariocas entre a montanha e o mar (RJ)<br \/>\nSantu\u00e1rio do Bom Jesus de Matosinhos, Congonhas (MG)<\/p>\n<p style=\"text-align: justify;\">Tamb\u00e9m participam do evento a presidente do IPHAN Nacional, K\u00e1tia Bogea, a Superintendente do IPHAN em Sergipe, Catarina Arag\u00e3o e a t\u00e9cnica do IPHAN\/ Sergipe Cynara Ramos.<\/p>\n<p>&nbsp;<\/p>\n<p><em><strong>Acompanhe o SE Not\u00edcias no<\/strong><span class=\"apple-converted-space\"><b>\u00a0<\/b><\/span><a href=\"https:\/\/twitter.com\/Senoticias\" target=\"_blank\" rel=\"noopener\"><b>Twitter<\/b><\/a><strong>,<\/strong><span class=\"apple-converted-space\"><b>\u00a0<\/b><\/span><a href=\"https:\/\/www.facebook.com\/senoticias1\" target=\"_blank\" rel=\"noopener\"><b>Facebook<\/b><span class=\"apple-converted-space\"><b>\u00a0<\/b><\/span><\/a><strong>e no<\/strong><span class=\"apple-converted-space\"><b>\u00a0<\/b><\/span><a href=\"https:\/\/www.instagram.com\/senoticias\/\" target=\"_blank\" rel=\"noopener\"><b>Instagram<\/b><\/a><\/em><\/p>\n<p>&nbsp;<\/p>\n<p><a href=\"https:\/\/senoticias.com.br\/se\/wp-content\/uploads\/2018\/08\/Logomarca-fone-SE-4-2-1-1.jpg\"><img loading=\"lazy\" decoding=\"async\" class=\"aligncenter size-full wp-image-114484\" src=\"https:\/\/senoticias.com.br\/se\/wp-content\/uploads\/2018\/08\/Logomarca-fone-SE-4-2-1-1.jpg\" alt=\"\" width=\"599\" height=\"78\" srcset=\"https:\/\/senoticias.com.br\/se\/wp-content\/uploads\/2018\/08\/Logomarca-fone-SE-4-2-1-1.jpg 599w, https:\/\/senoticias.com.br\/se\/wp-content\/uploads\/2018\/08\/Logomarca-fone-SE-4-2-1-1-300x39.jpg 300w\" sizes=\"(max-width: 599px) 100vw, 599px\" \/><\/a><\/p>\n<p><em>Com informa\u00e7\u00f5es da ascom\/IPHAN\u00a0<\/em><\/p>\n","protected":false},"excerpt":{"rendered":"<p>&nbsp; Representantes dos 14 s\u00edtios culturais no Brasil reconhecidos como Patrim\u00f4nio Mundial participam, desde ontem (13), at\u00e9 quarta-feira (15), do Semin\u00e1rio Internacional Gest\u00e3o de S\u00edtios Culturais do Patrim\u00f4nio Mundial no Brasil, na Cidade de Goi\u00e1s (GO). S\u00e3o Crist\u00f3v\u00e3o est\u00e1 presente ao evento, atrav\u00e9s do prefeito Marcos Santana, e do presidente da Funda\u00e7\u00e3o de Cultura e [&hellip;]<\/p>\n","protected":false},"author":6552,"featured_media":114664,"comment_status":"closed","ping_status":"closed","sticky":false,"template":"","format":"standard","meta":{"footnotes":""},"categories":[38,6],"tags":[10587,10589,10586,10588,4901,4589,335],"class_list":{"0":"post-114663","1":"post","2":"type-post","3":"status-publish","4":"format-standard","5":"has-post-thumbnail","7":"category-municipios","8":"category-politica","9":"tag-14-sitios-culturais-no-brasil","10":"tag-fundacao-de-cultura-e-turismo-joao-bebe-agua","11":"tag-iphan-nacional","12":"tag-patrimonio-mundial","13":"tag-praca-sao-francisco","14":"tag-prefeito-marcos-santana","15":"tag-sao-cristovao"},"_links":{"self":[{"href":"https:\/\/senoticias.com.br\/se\/wp-json\/wp\/v2\/posts\/114663"}],"collection":[{"href":"https:\/\/senoticias.com.br\/se\/wp-json\/wp\/v2\/posts"}],"about":[{"href":"https:\/\/senoticias.com.br\/se\/wp-json\/wp\/v2\/types\/post"}],"author":[{"embeddable":true,"href":"https:\/\/senoticias.com.br\/se\/wp-json\/wp\/v2\/users\/6552"}],"replies":[{"embeddable":true,"href":"https:\/\/senoticias.com.br\/se\/wp-json\/wp\/v2\/comments?post=114663"}],"version-history":[{"count":0,"href":"https:\/\/senoticias.com.br\/se\/wp-json\/wp\/v2\/posts\/114663\/revisions"}],"wp:featuredmedia":[{"embeddable":true,"href":"https:\/\/senoticias.com.br\/se\/wp-json\/wp\/v2\/media\/114664"}],"wp:attachment":[{"href":"https:\/\/senoticias.com.br\/se\/wp-json\/wp\/v2\/media?parent=114663"}],"wp:term":[{"taxonomy":"category","embeddable":true,"href":"https:\/\/senoticias.com.br\/se\/wp-json\/wp\/v2\/categories?post=114663"},{"taxonomy":"post_tag","embeddable":true,"href":"https:\/\/senoticias.com.br\/se\/wp-json\/wp\/v2\/tags?post=114663"}],"curies":[{"name":"wp","href":"https:\/\/api.w.org\/{rel}","templated":true}]}}