{"id":114651,"date":"2018-08-13T15:42:36","date_gmt":"2018-08-13T18:42:36","guid":{"rendered":"https:\/\/senoticias.com.br\/se\/?p=114651"},"modified":"2018-08-13T15:42:36","modified_gmt":"2018-08-13T18:42:36","slug":"supermercados-da-rede-gbarbosa-sao-autuados-por-fiscais-do-procon","status":"publish","type":"post","link":"https:\/\/senoticias.com.br\/se\/supermercados-da-rede-gbarbosa-sao-autuados-por-fiscais-do-procon\/","title":{"rendered":"Supermercados da rede GBarbosa s\u00e3o autuados por fiscais do Procon"},"content":{"rendered":"<p style=\"text-align: justify\"><span style=\"color: #000000\">A Coordenadoria Estadual de Defesa do Consumidor (Procon) autuou dois supermercados da rede GBarbosa, durante uma fiscaliza\u00e7\u00e3o de rotina realizada na\u00a0<\/span><span style=\"color: #000000\">\u00faltima sexta-feira, 10. Na filial do bairro S\u00e3o Jos\u00e9, o diretor do Procon, Andrews Matheus, verificou que o refrigerador de alimentos estava numa temperatura diferente da permitida por lei. Os produtos deveriam estar refrigerados a menos 10 graus, mas o term\u00f4metro marcava menos 14,8\u00ba C.<\/span><\/p>\n<div id=\"attachment_114652\" style=\"width: 459px\" class=\"wp-caption aligncenter\"><a href=\"https:\/\/senoticias.com.br\/se\/wp-content\/uploads\/2018\/08\/tempertura-baixa-e1534185197725.jpg\"><img loading=\"lazy\" decoding=\"async\" aria-describedby=\"caption-attachment-114652\" class=\"wp-image-114652 size-full\" src=\"https:\/\/senoticias.com.br\/se\/wp-content\/uploads\/2018\/08\/tempertura-baixa-e1534185197725.jpg\" alt=\"\" width=\"449\" height=\"599\" \/><\/a><p id=\"caption-attachment-114652\" class=\"wp-caption-text\">Foto cedida pelo Procon\/SE<\/p><\/div>\n<p style=\"text-align: justify\"><span style=\"color: #000000\">Numa outra prateleira, onde estavam expostas diversas marcas de iogurtes, o term\u00f4metro do refrigerador marcava menos 16\u00ba C, enquanto que o recomendado seria<\/span><br \/>\n<span style=\"color: #000000\">menos 10\u00ba C. O coordenador Andrews Matheus disse que a empresa foi autuada e tem 10 dias \u2013 a partir da data a autua\u00e7\u00e3o \u2013 para apresentar defesa.<\/span><\/p>\n<p style=\"text-align: justify\"><span style=\"color: #000000\">O Procon tamb\u00e9m foi at\u00e9 uma filial do GBarbosa, no bairro Farol\u00e2ndia, onde encontrou carne mo\u00edda previamente embalada para venda. Al\u00e9m desse procedimento ser proibido por lei municipal, a embalagem do produto n\u00e3o continha a data de fabrica\u00e7\u00e3o, validade e tipo de carne que foi mo\u00edda. O Procon lavrou um auto de infra\u00e7\u00e3o e a empresa tem 10 dias para a defesa.<\/span><\/p>\n<p style=\"text-align: justify\"><span style=\"color: #000000\">A lei municipal 5.010, de 5 de janeiro deste ano, diz, no seu artigo primeiro \u201cque fica proibida a comercializa\u00e7\u00e3o de carne previamente mo\u00edda, devendo os\u00a0 estabelecimentos comerciais proceder \u00e0 moagem de qualquer tipo de carne no ato da venda e na presen\u00e7a do consumidor, sendo vedada a cobran\u00e7a de qualquer taxa ou acr\u00e9scimo em raz\u00e3o desse servi\u00e7o\u201d.<\/span><\/p>\n<p style=\"text-align: justify\"><span style=\"color: #000000\">Essa proibi\u00e7\u00e3o se estende \u201ca a\u00e7ougues, frigor\u00edficos, supermercados, padarias o qualquer outros estabelecimentos que comercializem qualquer g\u00eanero aliment\u00edcio indistintamente\u201d. A lei municipal estabelece as seguintes puni\u00e7\u00f5es para esses casos: advert\u00eancia, multa de R$ 1 mil, em caso de reincid\u00eancia o valor da multa \u00e9 duplicado; na terceira infra\u00e7\u00e3o, suspens\u00e3o tempor\u00e1ria das atividades por at\u00e9 30 dias e, por fim, a cassa\u00e7\u00e3o do alvar\u00e1 de funcionamento.<\/span><\/p>\n<p>&nbsp;<\/p>\n<p><a href=\"https:\/\/senoticias.com.br\/se\/wp-content\/uploads\/2018\/08\/Logomarca-fone-SE-4-2-1-1.jpg\"><img loading=\"lazy\" decoding=\"async\" class=\"aligncenter wp-image-114484 size-full\" src=\"https:\/\/senoticias.com.br\/se\/wp-content\/uploads\/2018\/08\/Logomarca-fone-SE-4-2-1-1.jpg\" alt=\"\" width=\"599\" height=\"78\" srcset=\"https:\/\/senoticias.com.br\/se\/wp-content\/uploads\/2018\/08\/Logomarca-fone-SE-4-2-1-1.jpg 599w, https:\/\/senoticias.com.br\/se\/wp-content\/uploads\/2018\/08\/Logomarca-fone-SE-4-2-1-1-300x39.jpg 300w\" sizes=\"(max-width: 599px) 100vw, 599px\" \/><\/a><\/p>\n<p>Por Ascom Procon<\/p>\n","protected":false},"excerpt":{"rendered":"<p>A Coordenadoria Estadual de Defesa do Consumidor (Procon) autuou dois supermercados da rede GBarbosa, durante uma fiscaliza\u00e7\u00e3o de rotina realizada na\u00a0\u00faltima sexta-feira, 10. Na filial do bairro S\u00e3o Jos\u00e9, o diretor do Procon, Andrews Matheus, verificou que o refrigerador de alimentos estava numa temperatura diferente da permitida por lei. Os produtos deveriam estar refrigerados a [&hellip;]<\/p>\n","protected":false},"author":6553,"featured_media":0,"comment_status":"closed","ping_status":"closed","sticky":false,"template":"","format":"standard","meta":{"footnotes":""},"categories":[15,38],"tags":[339,6982,6847,4810,10576,223],"class_list":{"0":"post-114651","1":"post","2":"type-post","3":"status-publish","4":"format-standard","6":"category-destaques","7":"category-municipios","8":"tag-aracaju","9":"tag-autuacao","10":"tag-gbarbosa","11":"tag-procon","12":"tag-refrigeracao","13":"tag-sergipe"},"_links":{"self":[{"href":"https:\/\/senoticias.com.br\/se\/wp-json\/wp\/v2\/posts\/114651"}],"collection":[{"href":"https:\/\/senoticias.com.br\/se\/wp-json\/wp\/v2\/posts"}],"about":[{"href":"https:\/\/senoticias.com.br\/se\/wp-json\/wp\/v2\/types\/post"}],"author":[{"embeddable":true,"href":"https:\/\/senoticias.com.br\/se\/wp-json\/wp\/v2\/users\/6553"}],"replies":[{"embeddable":true,"href":"https:\/\/senoticias.com.br\/se\/wp-json\/wp\/v2\/comments?post=114651"}],"version-history":[{"count":0,"href":"https:\/\/senoticias.com.br\/se\/wp-json\/wp\/v2\/posts\/114651\/revisions"}],"wp:attachment":[{"href":"https:\/\/senoticias.com.br\/se\/wp-json\/wp\/v2\/media?parent=114651"}],"wp:term":[{"taxonomy":"category","embeddable":true,"href":"https:\/\/senoticias.com.br\/se\/wp-json\/wp\/v2\/categories?post=114651"},{"taxonomy":"post_tag","embeddable":true,"href":"https:\/\/senoticias.com.br\/se\/wp-json\/wp\/v2\/tags?post=114651"}],"curies":[{"name":"wp","href":"https:\/\/api.w.org\/{rel}","templated":true}]}}