{"id":114648,"date":"2018-08-13T15:07:30","date_gmt":"2018-08-13T18:07:30","guid":{"rendered":"https:\/\/senoticias.com.br\/se\/?p=114648"},"modified":"2018-08-13T16:21:28","modified_gmt":"2018-08-13T19:21:28","slug":"preso-policia-militar-recem-formado-que-assassinou-pedinte-em-loja-de-conveniencia-em-aracaju","status":"publish","type":"post","link":"https:\/\/senoticias.com.br\/se\/preso-policia-militar-recem-formado-que-assassinou-pedinte-em-loja-de-conveniencia-em-aracaju\/","title":{"rendered":"Preso policial militar rec\u00e9m-formado que assassinou pedinte em loja de conveni\u00eancia, em Aracaju"},"content":{"rendered":"<p style=\"text-align: justify;\">A pedido do Minist\u00e9rio P\u00fablico de Sergipe, o Poder Judici\u00e1rio Sergipano decretou, no \u00faltimo dia 06, a pris\u00e3o preventiva do policial Bruno Lima Nogueira, acusado de, munido de arma de fogo calibre 40, assassinar o pedinte conhecido por Alex, no dia 13 de dezembro de 2017, por volta das 0H e 10 minutos, no Supermercado \u201cSupertem\u201d, localizado no Posto Petrox do Bairro 13 de julho em Aracaju.<\/p>\n<div id=\"attachment_114653\" style=\"width: 609px\" class=\"wp-caption aligncenter\"><a href=\"https:\/\/senoticias.com.br\/se\/wp-content\/uploads\/2018\/08\/POSTO-TREZE-SENOTICIAS-e1534185533716.png\"><img loading=\"lazy\" decoding=\"async\" aria-describedby=\"caption-attachment-114653\" class=\"size-full wp-image-114653\" src=\"https:\/\/senoticias.com.br\/se\/wp-content\/uploads\/2018\/08\/POSTO-TREZE-SENOTICIAS-e1534185533716.png\" alt=\"\" width=\"599\" height=\"422\" \/><\/a><p id=\"caption-attachment-114653\" class=\"wp-caption-text\">Segundo\u00a0 MPE, o policial militar rec\u00e9m-formado teria assassinado o pedinte na loja de conveni\u00eancia do Supertem no Posto Petrox (Foto: Google Maps)<\/p><\/div>\n<p style=\"text-align: justify;\">O Ju\u00edzo da 8\u00aa Vara Criminal de Aracaju decretou a pris\u00e3o preventiva de Bruno e o mandado foi cumprido na \u00faltima sexta-feita (10), quando Bruno foi preso e encaminhado a um estabelecimento prisional. Na decis\u00e3o, a magistrada registrou que a conduta delitiva imputada ao representado \u00e9 a de homic\u00eddio qualificado, crime doloso, pun\u00edvel com pena privativa de liberdade superior a 04 (quatro) anos.<\/p>\n<p style=\"text-align: justify;\">Vale ressaltar que o policial \u201crec\u00e9m-formado\u201d, apesar de ter sido reprovado no exame psicol\u00f3gico da Pol\u00edcia Militar, conseguiu ingressar no quadro da Pol\u00edcia, atrav\u00e9s de uma liminar deferida pelo Justi\u00e7a sergipana. \u201cverifico que a pris\u00e3o cautelar do representado se faz necess\u00e1ria para garantir a ordem p\u00fablica, em raz\u00e3o da gravidade do crime praticado, de forma violenta e aparentemente gratuita, com ineg\u00e1vel abuso de autoridade\u201d, pontuou a ju\u00edza na decis\u00e3o.<\/p>\n<p style=\"text-align: justify;\">Segundo o MPE, \u201cal\u00e9m de garantir a ordem p\u00fablica, por conveni\u00eancia da instru\u00e7\u00e3o criminal e para assegurar a aplica\u00e7\u00e3o da lei penal, o MP requereu a pris\u00e3o preventiva de Bruno Lima Nogueira, at\u00e9 a finaliza\u00e7\u00e3o do processo.<\/p>\n<p>&nbsp;<\/p>\n<p><em><strong>Acompanhe o SE Not\u00edcias no<\/strong><span class=\"apple-converted-space\"><b>\u00a0<\/b><\/span><a href=\"https:\/\/twitter.com\/Senoticias\" target=\"_blank\" rel=\"noopener\"><b>Twitter<\/b><\/a><strong>,<\/strong><span class=\"apple-converted-space\"><b>\u00a0<\/b><\/span><a href=\"https:\/\/www.facebook.com\/senoticias1\" target=\"_blank\" rel=\"noopener\"><b>Facebook<\/b><span class=\"apple-converted-space\"><b>\u00a0<\/b><\/span><\/a><strong>e no<\/strong><span class=\"apple-converted-space\"><b>\u00a0<\/b><\/span><a href=\"https:\/\/www.instagram.com\/senoticias\/\" target=\"_blank\" rel=\"noopener\"><b>Instagram<\/b><\/a><\/em><\/p>\n<p>&nbsp;<\/p>\n<p><a href=\"https:\/\/senoticias.com.br\/se\/wp-content\/uploads\/2018\/08\/Logomarca-fone-SE-4-2-1-1.jpg\"><img loading=\"lazy\" decoding=\"async\" class=\"aligncenter size-full wp-image-114484\" src=\"https:\/\/senoticias.com.br\/se\/wp-content\/uploads\/2018\/08\/Logomarca-fone-SE-4-2-1-1.jpg\" alt=\"\" width=\"599\" height=\"78\" srcset=\"https:\/\/senoticias.com.br\/se\/wp-content\/uploads\/2018\/08\/Logomarca-fone-SE-4-2-1-1.jpg 599w, https:\/\/senoticias.com.br\/se\/wp-content\/uploads\/2018\/08\/Logomarca-fone-SE-4-2-1-1-300x39.jpg 300w\" sizes=\"(max-width: 599px) 100vw, 599px\" \/><\/a><\/p>\n<p>&nbsp;<\/p>\n<p><em>Por ascom\/MPE<\/em><\/p>\n","protected":false},"excerpt":{"rendered":"<p>A pedido do Minist\u00e9rio P\u00fablico de Sergipe, o Poder Judici\u00e1rio Sergipano decretou, no \u00faltimo dia 06, a pris\u00e3o preventiva do policial Bruno Lima Nogueira, acusado de, munido de arma de fogo calibre 40, assassinar o pedinte conhecido por Alex, no dia 13 de dezembro de 2017, por volta das 0H e 10 minutos, no Supermercado [&hellip;]<\/p>\n","protected":false},"author":6552,"featured_media":114653,"comment_status":"closed","ping_status":"closed","sticky":false,"template":"","format":"standard","meta":{"footnotes":""},"categories":[15,7],"tags":[10580,10578,10577,10579],"class_list":{"0":"post-114648","1":"post","2":"type-post","3":"status-publish","4":"format-standard","5":"has-post-thumbnail","7":"category-destaques","8":"category-policia","9":"tag-8a-vara-criminal-de-aracaju","10":"tag-loja-super-tem","11":"tag-pedinte-assassinado","12":"tag-preso-policia-militar"},"_links":{"self":[{"href":"https:\/\/senoticias.com.br\/se\/wp-json\/wp\/v2\/posts\/114648"}],"collection":[{"href":"https:\/\/senoticias.com.br\/se\/wp-json\/wp\/v2\/posts"}],"about":[{"href":"https:\/\/senoticias.com.br\/se\/wp-json\/wp\/v2\/types\/post"}],"author":[{"embeddable":true,"href":"https:\/\/senoticias.com.br\/se\/wp-json\/wp\/v2\/users\/6552"}],"replies":[{"embeddable":true,"href":"https:\/\/senoticias.com.br\/se\/wp-json\/wp\/v2\/comments?post=114648"}],"version-history":[{"count":0,"href":"https:\/\/senoticias.com.br\/se\/wp-json\/wp\/v2\/posts\/114648\/revisions"}],"wp:featuredmedia":[{"embeddable":true,"href":"https:\/\/senoticias.com.br\/se\/wp-json\/wp\/v2\/media\/114653"}],"wp:attachment":[{"href":"https:\/\/senoticias.com.br\/se\/wp-json\/wp\/v2\/media?parent=114648"}],"wp:term":[{"taxonomy":"category","embeddable":true,"href":"https:\/\/senoticias.com.br\/se\/wp-json\/wp\/v2\/categories?post=114648"},{"taxonomy":"post_tag","embeddable":true,"href":"https:\/\/senoticias.com.br\/se\/wp-json\/wp\/v2\/tags?post=114648"}],"curies":[{"name":"wp","href":"https:\/\/api.w.org\/{rel}","templated":true}]}}