{"id":114643,"date":"2018-08-13T14:52:29","date_gmt":"2018-08-13T17:52:29","guid":{"rendered":"https:\/\/senoticias.com.br\/se\/?p=114643"},"modified":"2018-08-13T16:25:35","modified_gmt":"2018-08-13T19:25:35","slug":"fundat-anuncia-vaga-de-emprego-para-a-funcao-de-saladeiroa","status":"publish","type":"post","link":"https:\/\/senoticias.com.br\/se\/fundat-anuncia-vaga-de-emprego-para-a-funcao-de-saladeiroa\/","title":{"rendered":"Fundat anuncia vaga de emprego para a fun\u00e7\u00e3o de saladeiro(a)"},"content":{"rendered":"<p style=\"text-align: justify;\"><span style=\"color: #000000;\">A Funda\u00e7\u00e3o Municipal de Forma\u00e7\u00e3o para o Trabalho (Fundat), por meio da Ag\u00eancia do Trabalhador, setor respons\u00e1vel pelo encaminhamento de cidad\u00e3os ao mercado de trabalho, est\u00e1 com oportunidade de emprego para saladeiro(a), fun\u00e7\u00e3o respons\u00e1vel por preparar e fazer a decora\u00e7\u00e3o de saladas diversas, corte de legumes e verduras e prepara\u00e7\u00e3o de molhos e pastas.<\/span><\/p>\n<div id=\"attachment_114644\" style=\"width: 479px\" class=\"wp-caption aligncenter\"><a href=\"https:\/\/senoticias.com.br\/se\/wp-content\/uploads\/2018\/08\/Img_CozinhaEscola-SALADEIRO.png\"><img loading=\"lazy\" decoding=\"async\" aria-describedby=\"caption-attachment-114644\" class=\"wp-image-114644 size-full\" src=\"https:\/\/senoticias.com.br\/se\/wp-content\/uploads\/2018\/08\/Img_CozinhaEscola-SALADEIRO.png\" alt=\"\" width=\"469\" height=\"271\" srcset=\"https:\/\/senoticias.com.br\/se\/wp-content\/uploads\/2018\/08\/Img_CozinhaEscola-SALADEIRO.png 469w, https:\/\/senoticias.com.br\/se\/wp-content\/uploads\/2018\/08\/Img_CozinhaEscola-SALADEIRO-300x173.png 300w\" sizes=\"(max-width: 469px) 100vw, 469px\" \/><\/a><p id=\"caption-attachment-114644\" class=\"wp-caption-text\">Foto: via Sindirefei\u00e7\u00f5es<\/p><\/div>\n<p style=\"text-align: justify;\"><span style=\"color: #000000;\">Para participar do processo seletivo, \u00e9 necess\u00e1rio ter ensino fundamental completo e experi\u00eancia na \u00e1rea. Os interessados em concorrer \u00e0 vaga devem comparecer \u00e0 sede da Fundat at\u00e9 a ter\u00e7a-feira, 14 de agosto de 2018. O hor\u00e1rio de atendimento da sede da Fundat \u00e9 de segunda a sexta, das 7h30 \u00e0s 17h.<\/span><\/p>\n<p>&nbsp;<\/p>\n<p><a href=\"https:\/\/senoticias.com.br\/se\/wp-content\/uploads\/2018\/08\/Logomarca-fone-SE-4-2-1-1.jpg\"><img loading=\"lazy\" decoding=\"async\" class=\"aligncenter wp-image-114484 size-full\" src=\"https:\/\/senoticias.com.br\/se\/wp-content\/uploads\/2018\/08\/Logomarca-fone-SE-4-2-1-1.jpg\" alt=\"\" width=\"599\" height=\"78\" srcset=\"https:\/\/senoticias.com.br\/se\/wp-content\/uploads\/2018\/08\/Logomarca-fone-SE-4-2-1-1.jpg 599w, https:\/\/senoticias.com.br\/se\/wp-content\/uploads\/2018\/08\/Logomarca-fone-SE-4-2-1-1-300x39.jpg 300w\" sizes=\"(max-width: 599px) 100vw, 599px\" \/><\/a><\/p>\n<p><em><strong>Acompanhe o SE Not\u00edcias no<\/strong><span class=\"apple-converted-space\"><b>\u00a0<\/b><\/span><a href=\"https:\/\/twitter.com\/Senoticias\" target=\"_blank\" rel=\"noopener\"><b>Twitter<\/b><\/a><strong>,<\/strong><span class=\"apple-converted-space\"><b>\u00a0<\/b><\/span><a href=\"https:\/\/www.facebook.com\/senoticias1\" target=\"_blank\" rel=\"noopener\"><b>Facebook<\/b><span class=\"apple-converted-space\"><b>\u00a0<\/b><\/span><\/a><strong>e no<\/strong><span class=\"apple-converted-space\"><b>\u00a0<\/b><\/span><a href=\"https:\/\/www.instagram.com\/senoticias\/\" target=\"_blank\" rel=\"noopener\"><b>Instagram<\/b><\/a><\/em><\/p>\n<p>Por Ascom Fundat<\/p>\n","protected":false},"excerpt":{"rendered":"<p>A Funda\u00e7\u00e3o Municipal de Forma\u00e7\u00e3o para o Trabalho (Fundat), por meio da Ag\u00eancia do Trabalhador, setor respons\u00e1vel pelo encaminhamento de cidad\u00e3os ao mercado de trabalho, est\u00e1 com oportunidade de emprego para saladeiro(a), fun\u00e7\u00e3o respons\u00e1vel por preparar e fazer a decora\u00e7\u00e3o de saladas diversas, corte de legumes e verduras e prepara\u00e7\u00e3o de molhos e pastas. Para [&hellip;]<\/p>\n","protected":false},"author":6553,"featured_media":0,"comment_status":"closed","ping_status":"closed","sticky":false,"template":"","format":"standard","meta":{"footnotes":""},"categories":[10,6],"tags":[339,3027,641,10575,223,4039],"class_list":{"0":"post-114643","1":"post","2":"type-post","3":"status-publish","4":"format-standard","6":"category-empregos","7":"category-politica","8":"tag-aracaju","9":"tag-emprego","10":"tag-fundat","11":"tag-saladeiro","12":"tag-sergipe","13":"tag-vaga"},"_links":{"self":[{"href":"https:\/\/senoticias.com.br\/se\/wp-json\/wp\/v2\/posts\/114643"}],"collection":[{"href":"https:\/\/senoticias.com.br\/se\/wp-json\/wp\/v2\/posts"}],"about":[{"href":"https:\/\/senoticias.com.br\/se\/wp-json\/wp\/v2\/types\/post"}],"author":[{"embeddable":true,"href":"https:\/\/senoticias.com.br\/se\/wp-json\/wp\/v2\/users\/6553"}],"replies":[{"embeddable":true,"href":"https:\/\/senoticias.com.br\/se\/wp-json\/wp\/v2\/comments?post=114643"}],"version-history":[{"count":0,"href":"https:\/\/senoticias.com.br\/se\/wp-json\/wp\/v2\/posts\/114643\/revisions"}],"wp:attachment":[{"href":"https:\/\/senoticias.com.br\/se\/wp-json\/wp\/v2\/media?parent=114643"}],"wp:term":[{"taxonomy":"category","embeddable":true,"href":"https:\/\/senoticias.com.br\/se\/wp-json\/wp\/v2\/categories?post=114643"},{"taxonomy":"post_tag","embeddable":true,"href":"https:\/\/senoticias.com.br\/se\/wp-json\/wp\/v2\/tags?post=114643"}],"curies":[{"name":"wp","href":"https:\/\/api.w.org\/{rel}","templated":true}]}}