{"id":114637,"date":"2018-08-13T12:07:58","date_gmt":"2018-08-13T15:07:58","guid":{"rendered":"https:\/\/senoticias.com.br\/se\/?p=114637"},"modified":"2018-08-13T12:36:41","modified_gmt":"2018-08-13T15:36:41","slug":"casa-de-farinha-pode-ser-reaberta-apos-parceria-da-ufs-mpt-e-prefeitura-de-sao-cristovao","status":"publish","type":"post","link":"https:\/\/senoticias.com.br\/se\/casa-de-farinha-pode-ser-reaberta-apos-parceria-da-ufs-mpt-e-prefeitura-de-sao-cristovao\/","title":{"rendered":"Casa de Farinha pode ser reaberta ap\u00f3s parceria da UFS, MPT e Prefeitura de S\u00e3o Crist\u00f3v\u00e3o"},"content":{"rendered":"<p style=\"text-align: justify;\">A partir de uma iniciativa do prefeito Marcos Santana, foi realizada no s\u00e1bado, 11, em S\u00e3o Crist\u00f3v\u00e3o, uma reuni\u00e3o entre um grupo de professores e estudantes da Universidade Federal de Sergipe (UFS), o procurador do Minist\u00e9rio P\u00fablico do Trabalho em Sergipe (MPT\/SE), Dr. Adroaldo Bispo, membros da ONG \u201cColetivo Abrigo\u201d, e moradores do Povoado Ca\u00edpe Velho. \u201cO que nos motivou a realizar esta reuni\u00e3o foi a convic\u00e7\u00e3o de que a parceria democr\u00e1tica e transparente entre a gest\u00e3o e as comunidades, juntamente com institui\u00e7\u00f5es p\u00fablicas, privadas, e organiza\u00e7\u00f5es da sociedade civil, representa um caminho vi\u00e1vel para melhorar a vida das pessoas\u201d, afirmou o prefeito na abertura.<\/p>\n<div id=\"attachment_114640\" style=\"width: 609px\" class=\"wp-caption aligncenter\"><a href=\"https:\/\/senoticias.com.br\/se\/wp-content\/uploads\/2018\/08\/casa-de-farinha-se-noticias-se-e1534173927503.png\"><img loading=\"lazy\" decoding=\"async\" aria-describedby=\"caption-attachment-114640\" class=\"size-full wp-image-114640\" src=\"https:\/\/senoticias.com.br\/se\/wp-content\/uploads\/2018\/08\/casa-de-farinha-se-noticias-se-e1534173927503.png\" alt=\"\" width=\"599\" height=\"449\" \/><\/a><p id=\"caption-attachment-114640\" class=\"wp-caption-text\">Casa de Farinha do Ca\u00edpe Velho pode ser reaberta ap\u00f3s parceria da UFS, MPT e Prefeitura de S\u00e3o Crist\u00f3v\u00e3o. (Foto: ascom\/PMSC)<\/p><\/div>\n<p style=\"text-align: justify;\">O encontro aconteceu na sede da Associa\u00e7\u00e3o de Moradores e Amigos do Ca\u00edpe Velho (AMOACAV), tendo como principal objetivo a discuss\u00e3o das principais demandas da comunidade e as formas como as institui\u00e7\u00f5es participantes, especialmente a Prefeitura Municipal e a Universidade Federal de Sergipe, poderiam atuar para conjuntamente para atend\u00ea-las. Sob a coordena\u00e7\u00e3o do prefeito Marcos Santana e do professor Roberto Rodrigues, diretor do Centro de Ci\u00eancias Exatas e Tecnol\u00f3gicas da <strong>UFS<\/strong> (CCET), a reuni\u00e3o contou com participa\u00e7\u00e3o efetiva de moradores e lideran\u00e7as comunit\u00e1rias, que puderam expor suas dificuldades e ouvir as avalia\u00e7\u00f5es e explica\u00e7\u00f5es sobre poss\u00edveis a\u00e7\u00f5es a serem desenvolvidas para viabiliz\u00e1-las.<\/p>\n<div id=\"attachment_114638\" style=\"width: 609px\" class=\"wp-caption aligncenter\"><a href=\"https:\/\/senoticias.com.br\/se\/wp-content\/uploads\/2018\/08\/CASA-DE-FARINHA-SE-NOTICIAS.png\"><img loading=\"lazy\" decoding=\"async\" aria-describedby=\"caption-attachment-114638\" class=\"size-full wp-image-114638\" src=\"https:\/\/senoticias.com.br\/se\/wp-content\/uploads\/2018\/08\/CASA-DE-FARINHA-SE-NOTICIAS-e1534173100893.png\" alt=\"\" width=\"599\" height=\"301\" \/><\/a><p id=\"caption-attachment-114638\" class=\"wp-caption-text\">Prefeito re\u00fane professores e estudantes da UFS, membro do MPT e ONG, na comunidade do Ca\u00edpe Velho para discutir reabertura da casa de Farinha (Foto: ascom\/PMSC)<\/p><\/div>\n<p style=\"text-align: justify;\">De acordo com Manoel Messias, presidente da <strong>AMOACAV<\/strong>, a aspira\u00e7\u00e3o mais imediata da comunidade \u00e9 a coloca\u00e7\u00e3o em funcionamento de uma \u201cCasa de Farinha\u201d cujos equipamentos j\u00e1 existem, embora ainda n\u00e3o tenham sido instalados em raz\u00e3o de dificuldades com a instala\u00e7\u00e3o el\u00e9trica. \u201cExiste uma tradi\u00e7\u00e3o entre as fam\u00edlias do Ca\u00edpe Velho de cultivo da mandioca e de outras ra\u00edzes, que vem perdendo for\u00e7a ao longo do tempo em raz\u00e3o das dificuldades para o beneficiamento e a comercializa\u00e7\u00e3o da produ\u00e7\u00e3o\u201d, afirmou. J\u00e1 a jovem Luana Santos, secret\u00e1ria da associa\u00e7\u00e3o e representante no Conselho Gestor do Programa de Educa\u00e7\u00e3o Ambiental com Comunidades Costeiras (Peac), voltado para as a\u00e7\u00f5es de compensa\u00e7\u00e3o ambiental da Petrobras, h\u00e1 uma aspira\u00e7\u00e3o por parte da comunidade no sentido de se criar uma horta comunit\u00e1ria baseada em princ\u00edpios agroecol\u00f3gicos, al\u00e9m da constru\u00e7\u00e3o de um campo de futebol para que as crian\u00e7as e jovens possam realizar atividades f\u00edsicas e esportivas.<\/p>\n<p style=\"text-align: justify;\"><strong>Parcerias baseadas no protagonismo da comunidade<\/strong><\/p>\n<p style=\"text-align: justify;\">Dr. Adroaldo Bispo (MPT\/SE), destacou a necessidade de se garantir efetividade nos desdobramentos do que foi discutido na reuni\u00e3o, ressaltando o compromisso demonstrado pelo gestor municipal, assim como das demais institui\u00e7\u00f5es p\u00fablicas ali representadas, algo fundamental, na sua avalia\u00e7\u00e3o, para que os objetivos definidos sejam alcan\u00e7ados. \u201cCom parcerias desse tipo \u00e9 poss\u00edvel garantir o empoderamento da comunidade na busca pela melhoria da sua qualidade de vida, ao contr\u00e1rio do tradicional assistencialismo\u201d, explicou.<\/p>\n<p style=\"text-align: justify;\">Possibilidade de se garantir autonomia para que a comunidade seja a respons\u00e1vel pelo seu pr\u00f3prio destino, de forma democr\u00e1tica e autossustent\u00e1vel \u2013 essa foi a forma como o professor Roberto Rodrigues definiu o seu sentimento a respeito da reuni\u00e3o, destacando a forma aberta e transparente de atua\u00e7\u00e3o do prefeito Marcos Santana. J\u00e1 Felipe Prudente, propriet\u00e1rio de um s\u00edtio na localidade e membro do <strong>Coletivo Abrigo<\/strong>, que desenvolve projetos nas \u00e1reas de reciclagem, capacita\u00e7\u00e3o profissional e ecoturismo, avaliou como positiva a iniciativa, sobretudo pela op\u00e7\u00e3o da gest\u00e3o municipal e das demais institui\u00e7\u00f5es parceiras em garantir o protagonismo da comunidade, algo inovador.<\/p>\n<p style=\"text-align: justify;\">Participaram da reuni\u00e3o, ainda, os professores da UFS: Jefferson Arlen (Dept\u00ba de Engenharia Ambiental), Nelson Salazar (Dept\u00ba de F\u00edsica), Midori Sussuchi (Dept\u00ba de Qu\u00edmica), Jodnes Sobreira (Dept\u00ba de Zootecnica), Edilayne e Ricardo Salgueiro (Dept\u00ba de Ci\u00eancia da Computa\u00e7\u00e3o), Daniel Lima (Dept\u00ba de Engenharia Civil), e Tereza Raquel (Dept\u00ba de Fonoaudiologia); al\u00e9m da arquiteta Daniele Santana e do marceneiro e artista pl\u00e1stico Wagner Ferraz (Coletivo Abrigo), da professora Sandra Santana (primeira-dama), dos secret\u00e1rios municipais M\u00e1rio Freire (Chefe de Gabinete) e Fernando Carvalho (Planejamento, Or\u00e7amento e Gest\u00e3o).<\/p>\n<p>&nbsp;<\/p>\n<p><em><strong>Acompanhe o SE Not\u00edcias no<\/strong><span class=\"apple-converted-space\"><b>\u00a0<\/b><\/span><a href=\"https:\/\/twitter.com\/Senoticias\" target=\"_blank\" rel=\"noopener\"><b>Twitter<\/b><\/a><strong>,<\/strong><span class=\"apple-converted-space\"><b>\u00a0<\/b><\/span><a href=\"https:\/\/www.facebook.com\/senoticias1\" target=\"_blank\" rel=\"noopener\"><b>Facebook<\/b><span class=\"apple-converted-space\"><b>\u00a0<\/b><\/span><\/a><strong>e no<\/strong><span class=\"apple-converted-space\"><b>\u00a0<\/b><\/span><a href=\"https:\/\/www.instagram.com\/senoticias\/\" target=\"_blank\" rel=\"noopener\"><b>Instagram<\/b><\/a><\/em><\/p>\n<p>&nbsp;<\/p>\n<p><a href=\"https:\/\/senoticias.com.br\/se\/wp-content\/uploads\/2018\/08\/Logomarca-fone-SE-4-2-1-1.jpg\"><img loading=\"lazy\" decoding=\"async\" class=\"aligncenter size-full wp-image-114484\" src=\"https:\/\/senoticias.com.br\/se\/wp-content\/uploads\/2018\/08\/Logomarca-fone-SE-4-2-1-1.jpg\" alt=\"\" width=\"599\" height=\"78\" srcset=\"https:\/\/senoticias.com.br\/se\/wp-content\/uploads\/2018\/08\/Logomarca-fone-SE-4-2-1-1.jpg 599w, https:\/\/senoticias.com.br\/se\/wp-content\/uploads\/2018\/08\/Logomarca-fone-SE-4-2-1-1-300x39.jpg 300w\" sizes=\"(max-width: 599px) 100vw, 599px\" \/><\/a><\/p>\n<p><em>Com informa\u00e7\u00f5es da Ascom\/PMSC<\/em><\/p>\n","protected":false},"excerpt":{"rendered":"<p>A partir de uma iniciativa do prefeito Marcos Santana, foi realizada no s\u00e1bado, 11, em S\u00e3o Crist\u00f3v\u00e3o, uma reuni\u00e3o entre um grupo de professores e estudantes da Universidade Federal de Sergipe (UFS), o procurador do Minist\u00e9rio P\u00fablico do Trabalho em Sergipe (MPT\/SE), Dr. Adroaldo Bispo, membros da ONG \u201cColetivo Abrigo\u201d, e moradores do Povoado Ca\u00edpe [&hellip;]<\/p>\n","protected":false},"author":6552,"featured_media":114640,"comment_status":"closed","ping_status":"closed","sticky":false,"template":"","format":"standard","meta":{"footnotes":""},"categories":[15,38],"tags":[10574,10573,1498,10572,335,2299],"class_list":{"0":"post-114637","1":"post","2":"type-post","3":"status-publish","4":"format-standard","5":"has-post-thumbnail","7":"category-destaques","8":"category-municipios","9":"tag-casa-de-farinha","10":"tag-coletivo-abrigo","11":"tag-marcos-santana","12":"tag-povoado-caipe-velho","13":"tag-sao-cristovao","14":"tag-ufs"},"_links":{"self":[{"href":"https:\/\/senoticias.com.br\/se\/wp-json\/wp\/v2\/posts\/114637"}],"collection":[{"href":"https:\/\/senoticias.com.br\/se\/wp-json\/wp\/v2\/posts"}],"about":[{"href":"https:\/\/senoticias.com.br\/se\/wp-json\/wp\/v2\/types\/post"}],"author":[{"embeddable":true,"href":"https:\/\/senoticias.com.br\/se\/wp-json\/wp\/v2\/users\/6552"}],"replies":[{"embeddable":true,"href":"https:\/\/senoticias.com.br\/se\/wp-json\/wp\/v2\/comments?post=114637"}],"version-history":[{"count":0,"href":"https:\/\/senoticias.com.br\/se\/wp-json\/wp\/v2\/posts\/114637\/revisions"}],"wp:featuredmedia":[{"embeddable":true,"href":"https:\/\/senoticias.com.br\/se\/wp-json\/wp\/v2\/media\/114640"}],"wp:attachment":[{"href":"https:\/\/senoticias.com.br\/se\/wp-json\/wp\/v2\/media?parent=114637"}],"wp:term":[{"taxonomy":"category","embeddable":true,"href":"https:\/\/senoticias.com.br\/se\/wp-json\/wp\/v2\/categories?post=114637"},{"taxonomy":"post_tag","embeddable":true,"href":"https:\/\/senoticias.com.br\/se\/wp-json\/wp\/v2\/tags?post=114637"}],"curies":[{"name":"wp","href":"https:\/\/api.w.org\/{rel}","templated":true}]}}