{"id":114634,"date":"2018-08-13T11:02:20","date_gmt":"2018-08-13T14:02:20","guid":{"rendered":"https:\/\/senoticias.com.br\/se\/?p=114634"},"modified":"2018-08-13T11:04:13","modified_gmt":"2018-08-13T14:04:13","slug":"jucese-realiza-forum-de-capacitacao-voltado-para-leiloeiros","status":"publish","type":"post","link":"https:\/\/senoticias.com.br\/se\/jucese-realiza-forum-de-capacitacao-voltado-para-leiloeiros\/","title":{"rendered":"Jucese realiza F\u00f3rum de Capacita\u00e7\u00e3o voltado para Leiloeiros"},"content":{"rendered":"<p style=\"text-align: justify;\">Com o objetivo principal de esclarecer d\u00favidas relacionadas ao recadastramento dos profissionais de leiloaria matriculados na Junta Comercial do Estado de Sergipe (Jucese), assim como assuntos relacionados \u00e0 profiss\u00e3o, a Jucese promover\u00e1, gratuitamente, um F\u00f3rum de Capacita\u00e7\u00e3o sobre Leiloeiros nesta ter\u00e7a-feira, 14, \u00e0s 9h, no audit\u00f3rio Iran Batista de Santana, localizado na sede da autarquia \u2013 Rua Propri\u00e1, 315, Centro.<\/p>\n<div id=\"attachment_114636\" style=\"width: 575px\" class=\"wp-caption aligncenter\"><a href=\"https:\/\/senoticias.com.br\/se\/wp-content\/uploads\/2018\/08\/Sugest\u00e3o-de-imagem.jpg\"><img loading=\"lazy\" decoding=\"async\" aria-describedby=\"caption-attachment-114636\" class=\"size-full wp-image-114636\" src=\"https:\/\/senoticias.com.br\/se\/wp-content\/uploads\/2018\/08\/Sugest\u00e3o-de-imagem.jpg\" alt=\"\" width=\"565\" height=\"468\" srcset=\"https:\/\/senoticias.com.br\/se\/wp-content\/uploads\/2018\/08\/Sugest\u00e3o-de-imagem.jpg 565w, https:\/\/senoticias.com.br\/se\/wp-content\/uploads\/2018\/08\/Sugest\u00e3o-de-imagem-300x248.jpg 300w\" sizes=\"(max-width: 565px) 100vw, 565px\" \/><\/a><p id=\"caption-attachment-114636\" class=\"wp-caption-text\">Evento educacional \u00e9 gratuito e acontece na sede da Junta Comercial, a partir das 9h<\/p><\/div>\n<p style=\"text-align: justify;\">Desde 20 de junho, a Jucese est\u00e1 realizando o processo de recadastramento dos leiloeiros matriculados na autarquia com o intuito de recensear os profissionais de leiloaria atuantes em Sergipe. At\u00e9 o dia 21 de agosto, os leiloeiros devem apresentar \u00e0 Secretaria-Geral da Junta Comercial, por meio de protocolamento presencial, os documentos comprobat\u00f3rios dos requisitos de matricula e a cau\u00e7\u00e3o prestada e atualizada.<\/p>\n<p style=\"text-align: justify;\">\u201c\u00c9 importante a participa\u00e7\u00e3o dos leiloeiros neste nosso F\u00f3rum de Capacita\u00e7\u00e3o, uma vez que ocorreu mudan\u00e7a de procedimento com rela\u00e7\u00e3o \u00e0 cau\u00e7\u00e3o. Seguindo instru\u00e7\u00e3o normativa do Departamento de Registro Empresarial e Integra\u00e7\u00e3o, foram revogadas as modalidades de cau\u00e7\u00e3o funcional por seguro garantia e fian\u00e7a banc\u00e1ria, estando em vigor somente a modalidade de dep\u00f3sito em conta poupan\u00e7a na Caixa Econ\u00f4mica Federal ou em outro banco oficial\u201d, explica o secret\u00e1rio-geral da Jucese, Marcelo Passos.<\/p>\n<p style=\"text-align: justify;\">Os interessados em participar do F\u00f3rum de Capacita\u00e7\u00e3o sobre Leiloeiros devem se inscrever gratuitamente no <a href=\"http:\/\/www.jucese.se.gov.br\"><strong>site<\/strong><\/a> da Jucese.<\/p>\n<p>&nbsp;<\/p>\n<p><em><strong>Acompanhe o SE Not\u00edcias no<\/strong><span class=\"apple-converted-space\"><b>\u00a0<\/b><\/span><a href=\"https:\/\/twitter.com\/Senoticias\" target=\"_blank\" rel=\"noopener\"><b>Twitter<\/b><\/a><strong>,<\/strong><span class=\"apple-converted-space\"><b>\u00a0<\/b><\/span><a href=\"https:\/\/www.facebook.com\/senoticias1\" target=\"_blank\" rel=\"noopener\"><b>Facebook<\/b><span class=\"apple-converted-space\"><b>\u00a0<\/b><\/span><\/a><strong>e no<\/strong><span class=\"apple-converted-space\"><b>\u00a0<\/b><\/span><a href=\"https:\/\/www.instagram.com\/senoticias\/\" target=\"_blank\" rel=\"noopener\"><b>Instagram<\/b><\/a><\/em><\/p>\n<p>&nbsp;<\/p>\n<p><a href=\"https:\/\/senoticias.com.br\/se\/wp-content\/uploads\/2018\/08\/Logomarca-fone-SE-4-2-1-1.jpg\"><img loading=\"lazy\" decoding=\"async\" class=\"aligncenter size-full wp-image-114484\" src=\"https:\/\/senoticias.com.br\/se\/wp-content\/uploads\/2018\/08\/Logomarca-fone-SE-4-2-1-1.jpg\" alt=\"\" width=\"599\" height=\"78\" srcset=\"https:\/\/senoticias.com.br\/se\/wp-content\/uploads\/2018\/08\/Logomarca-fone-SE-4-2-1-1.jpg 599w, https:\/\/senoticias.com.br\/se\/wp-content\/uploads\/2018\/08\/Logomarca-fone-SE-4-2-1-1-300x39.jpg 300w\" sizes=\"(max-width: 599px) 100vw, 599px\" \/><\/a><\/p>\n<p><em>Da Assessoria de Imprensa\/Jucese<\/em><\/p>\n","protected":false},"excerpt":{"rendered":"<p>Com o objetivo principal de esclarecer d\u00favidas relacionadas ao recadastramento dos profissionais de leiloaria matriculados na Junta Comercial do Estado de Sergipe (Jucese), assim como assuntos relacionados \u00e0 profiss\u00e3o, a Jucese promover\u00e1, gratuitamente, um F\u00f3rum de Capacita\u00e7\u00e3o sobre Leiloeiros nesta ter\u00e7a-feira, 14, \u00e0s 9h, no audit\u00f3rio Iran Batista de Santana, localizado na sede da autarquia [&hellip;]<\/p>\n","protected":false},"author":6552,"featured_media":114636,"comment_status":"closed","ping_status":"closed","sticky":false,"template":"","format":"standard","meta":{"footnotes":""},"categories":[6],"tags":[10569,10571,10570],"class_list":{"0":"post-114634","1":"post","2":"type-post","3":"status-publish","4":"format-standard","5":"has-post-thumbnail","7":"category-politica","8":"tag-departamento-de-registro-empresarial-e-integracao","9":"tag-forum-de-capacitacao","10":"tag-junta-comercial"},"_links":{"self":[{"href":"https:\/\/senoticias.com.br\/se\/wp-json\/wp\/v2\/posts\/114634"}],"collection":[{"href":"https:\/\/senoticias.com.br\/se\/wp-json\/wp\/v2\/posts"}],"about":[{"href":"https:\/\/senoticias.com.br\/se\/wp-json\/wp\/v2\/types\/post"}],"author":[{"embeddable":true,"href":"https:\/\/senoticias.com.br\/se\/wp-json\/wp\/v2\/users\/6552"}],"replies":[{"embeddable":true,"href":"https:\/\/senoticias.com.br\/se\/wp-json\/wp\/v2\/comments?post=114634"}],"version-history":[{"count":0,"href":"https:\/\/senoticias.com.br\/se\/wp-json\/wp\/v2\/posts\/114634\/revisions"}],"wp:featuredmedia":[{"embeddable":true,"href":"https:\/\/senoticias.com.br\/se\/wp-json\/wp\/v2\/media\/114636"}],"wp:attachment":[{"href":"https:\/\/senoticias.com.br\/se\/wp-json\/wp\/v2\/media?parent=114634"}],"wp:term":[{"taxonomy":"category","embeddable":true,"href":"https:\/\/senoticias.com.br\/se\/wp-json\/wp\/v2\/categories?post=114634"},{"taxonomy":"post_tag","embeddable":true,"href":"https:\/\/senoticias.com.br\/se\/wp-json\/wp\/v2\/tags?post=114634"}],"curies":[{"name":"wp","href":"https:\/\/api.w.org\/{rel}","templated":true}]}}