{"id":114625,"date":"2018-08-11T18:16:00","date_gmt":"2018-08-11T21:16:00","guid":{"rendered":"https:\/\/senoticias.com.br\/se\/?p=114625"},"modified":"2018-08-13T16:27:07","modified_gmt":"2018-08-13T19:27:07","slug":"ufs-esta-com-inscricoes-abertas-para-o-festival-de-artes-de-sao-cristovao","status":"publish","type":"post","link":"https:\/\/senoticias.com.br\/se\/ufs-esta-com-inscricoes-abertas-para-o-festival-de-artes-de-sao-cristovao\/","title":{"rendered":"UFS est\u00e1 com inscri\u00e7\u00f5es abertas para o Festival de Artes de S\u00e3o Crist\u00f3v\u00e3o"},"content":{"rendered":"<div class=\"mc-column content-text active-extra-styles active-capital-letter\" data-block-type=\"unstyled\" data-block-weight=\"29\" data-block-id=\"1\">\n<p class=\"content-text__container theme-color-primary-first-letter\" style=\"text-align: justify;\" data-track-category=\"Link no Texto\" data-track-links=\"\">A Universidade Federal de Sergipe (UFS) est\u00e1\u00a0<a href=\"http:\/\/proex.ufs.br\/uploads\/page_attach\/path\/4932\/EDITAL_PROEX_35_FASC_31.07.pdf\" target=\"_blank\" rel=\"noopener\">com inscri\u00e7\u00f5es abertas<\/a>\u00a0para o cadastro de projetos de extens\u00e3o que ser\u00e3o desenvolvidos durante o <strong>35\u00ba<\/strong> Festival de Artes de S\u00e3o Crist\u00f3v\u00e3o.<\/p>\n<div id=\"attachment_108962\" style=\"width: 609px\" class=\"wp-caption aligncenter\"><a href=\"https:\/\/senoticias.com.br\/se\/wp-content\/uploads\/2017\/12\/s\u00e3o-crist\u00f3v\u00e3o-SENOTICIAS-e1513012454123.jpg\"><img loading=\"lazy\" decoding=\"async\" aria-describedby=\"caption-attachment-108962\" class=\"size-full wp-image-108962\" src=\"https:\/\/senoticias.com.br\/se\/wp-content\/uploads\/2017\/12\/s\u00e3o-crist\u00f3v\u00e3o-SENOTICIAS-e1513012454123.jpg\" alt=\"\" width=\"599\" height=\"449\" \/><\/a><p id=\"caption-attachment-108962\" class=\"wp-caption-text\">Interessados em participar do Fasc podem se inscrever at\u00e9 o dia 17 de agosto. (Foto: Joelma Gon\u00e7alves\/G1 SE)<\/p><\/div>\n<\/div>\n<div class=\"wall\" style=\"text-align: justify;\">\n<div class=\"mc-column content-text active-extra-styles \" data-block-type=\"unstyled\" data-block-weight=\"25\" data-block-id=\"2\">\n<p class=\"content-text__container \" data-track-category=\"Link no Texto\" data-track-links=\"\">Os interessados podem se inscrever at\u00e9 o dia 17 de agosto. Esse ano, o evento ser\u00e1 realizado no per\u00edodo de 16 a 18 de novembro.<\/p>\n<\/div>\n<div class=\"mc-column content-text active-extra-styles \" data-block-type=\"unstyled\" data-block-weight=\"45\" data-block-id=\"3\">\n<p class=\"content-text__container \" data-track-category=\"Link no Texto\" data-track-links=\"\">Segundo a UFS, os coordenadores devem definir o n\u00famero de participantes nos projetos e caracter\u00edsticas como idade e g\u00eanero. Os trabalhos dever\u00e3o ter como alvo a comunidade externa da universidade, incluindo atividades relacionadas a costura, artesanato, turismo, comunica\u00e7\u00e3o e outros, com dura\u00e7\u00e3o de tr\u00eas meses.<\/p>\n<\/div>\n<\/div>\n<div data-track-category=\"fim do conteudo\" data-track-action=\"ultimo chunk conteudo\" data-track-noninteraction=\"false\" data-track-scroll=\"entrada completa viewport\">\n<div class=\"mc-column content-text active-extra-styles \" data-block-type=\"unstyled\" data-block-weight=\"27\" data-block-id=\"4\">\n<p class=\"content-text__container \" style=\"text-align: justify;\" data-track-category=\"Link no Texto\" data-track-links=\"\">As propostas devem indicar ainda a\u00e7\u00f5es que possam contar com a participa\u00e7\u00e3o e o apoio das secretarias municipais. Al\u00e9m de promover exposi\u00e7\u00f5es e apresenta\u00e7\u00f5es dos resultados obtidos.<\/p>\n<\/div>\n<p data-track-category=\"Link no Texto\" data-track-links=\"\"><a href=\"https:\/\/senoticias.com.br\/se\/wp-content\/uploads\/2018\/08\/Logomarca-fone-SE-4-2-1-1.jpg\"><img loading=\"lazy\" decoding=\"async\" class=\"aligncenter size-full wp-image-114484\" src=\"https:\/\/senoticias.com.br\/se\/wp-content\/uploads\/2018\/08\/Logomarca-fone-SE-4-2-1-1.jpg\" alt=\"\" width=\"599\" height=\"78\" srcset=\"https:\/\/senoticias.com.br\/se\/wp-content\/uploads\/2018\/08\/Logomarca-fone-SE-4-2-1-1.jpg 599w, https:\/\/senoticias.com.br\/se\/wp-content\/uploads\/2018\/08\/Logomarca-fone-SE-4-2-1-1-300x39.jpg 300w\" sizes=\"(max-width: 599px) 100vw, 599px\" \/><\/a><\/p>\n<\/div>\n<p data-track-category=\"Link no Texto\" data-track-links=\"\"><em><strong>Acompanhe o SE Not\u00edcias no<\/strong><span class=\"apple-converted-space\"><b>\u00a0<\/b><\/span><a href=\"https:\/\/twitter.com\/Senoticias\" target=\"_blank\" rel=\"noopener\"><b>Twitter<\/b><\/a><strong>,<\/strong><span class=\"apple-converted-space\"><b>\u00a0<\/b><\/span><a href=\"https:\/\/www.facebook.com\/senoticias1\" target=\"_blank\" rel=\"noopener\"><b>Facebook<\/b><span class=\"apple-converted-space\"><b>\u00a0<\/b><\/span><\/a><strong>e no<\/strong><span class=\"apple-converted-space\"><b>\u00a0<\/b><\/span><a href=\"https:\/\/www.instagram.com\/senoticias\/\" target=\"_blank\" rel=\"noopener\"><b>Instagram<\/b><\/a><\/em><\/p>\n<p data-track-category=\"Link no Texto\" data-track-links=\"\"><em>Informa\u00e7\u00f5es do <a href=\"https:\/\/g1.globo.com\/se\/sergipe\/noticia\/2018\/08\/11\/ufs-esta-com-inscricoes-abertas-para-o-festival-de-artes-de-sao-cristovao.ghtml\"><strong>G1<\/strong><\/a> SE<\/em><\/p>\n","protected":false},"excerpt":{"rendered":"<p>A Universidade Federal de Sergipe (UFS) est\u00e1\u00a0com inscri\u00e7\u00f5es abertas\u00a0para o cadastro de projetos de extens\u00e3o que ser\u00e3o desenvolvidos durante o 35\u00ba Festival de Artes de S\u00e3o Crist\u00f3v\u00e3o. Os interessados podem se inscrever at\u00e9 o dia 17 de agosto. Esse ano, o evento ser\u00e1 realizado no per\u00edodo de 16 a 18 de novembro. Segundo a UFS, [&hellip;]<\/p>\n","protected":false},"author":6552,"featured_media":0,"comment_status":"closed","ping_status":"closed","sticky":false,"template":"","format":"standard","meta":{"footnotes":""},"categories":[15,21,38],"tags":[6904,5842,81,6719],"class_list":{"0":"post-114625","1":"post","2":"type-post","3":"status-publish","4":"format-standard","6":"category-destaques","7":"category-entretenimento","8":"category-municipios","9":"tag-fasc","10":"tag-festival-de-artes-de-sao-cristovao","11":"tag-prefeitura-de-sao-cristovao","12":"tag-universidade-federal-de-sergipe"},"_links":{"self":[{"href":"https:\/\/senoticias.com.br\/se\/wp-json\/wp\/v2\/posts\/114625"}],"collection":[{"href":"https:\/\/senoticias.com.br\/se\/wp-json\/wp\/v2\/posts"}],"about":[{"href":"https:\/\/senoticias.com.br\/se\/wp-json\/wp\/v2\/types\/post"}],"author":[{"embeddable":true,"href":"https:\/\/senoticias.com.br\/se\/wp-json\/wp\/v2\/users\/6552"}],"replies":[{"embeddable":true,"href":"https:\/\/senoticias.com.br\/se\/wp-json\/wp\/v2\/comments?post=114625"}],"version-history":[{"count":0,"href":"https:\/\/senoticias.com.br\/se\/wp-json\/wp\/v2\/posts\/114625\/revisions"}],"wp:attachment":[{"href":"https:\/\/senoticias.com.br\/se\/wp-json\/wp\/v2\/media?parent=114625"}],"wp:term":[{"taxonomy":"category","embeddable":true,"href":"https:\/\/senoticias.com.br\/se\/wp-json\/wp\/v2\/categories?post=114625"},{"taxonomy":"post_tag","embeddable":true,"href":"https:\/\/senoticias.com.br\/se\/wp-json\/wp\/v2\/tags?post=114625"}],"curies":[{"name":"wp","href":"https:\/\/api.w.org\/{rel}","templated":true}]}}