{"id":114623,"date":"2018-08-10T16:44:28","date_gmt":"2018-08-10T19:44:28","guid":{"rendered":"https:\/\/senoticias.com.br\/se\/?p=114623"},"modified":"2018-08-10T16:44:28","modified_gmt":"2018-08-10T19:44:28","slug":"shopping-jardins-celebra-o-sucesso-da-campanha-do-dia-dos-pais","status":"publish","type":"post","link":"https:\/\/senoticias.com.br\/se\/shopping-jardins-celebra-o-sucesso-da-campanha-do-dia-dos-pais\/","title":{"rendered":"Shopping Jardins celebra o sucesso da campanha do Dia dos Pais"},"content":{"rendered":"<p style=\"text-align: justify;\">Devido ao grande sucesso, os presentes da campanha do Dia dos Pais do Shopping Jardins esgotaram na manh\u00e3 desta sexta-feira (10). Em dez dias, foram distribu\u00eddos 10 mil combos contendo um conjunto Malbec Noir de O Botic\u00e1rio (1 desodorante aerossol + 1 shower gel) e um par de ingressos para o show \u201cAmor \u00e9 isso\u201d de Erasmo Carlos, que ser\u00e1 realizado na quinta-feira, 16 de agosto.<\/p>\n<div id=\"attachment_114624\" style=\"width: 609px\" class=\"wp-caption aligncenter\"><a href=\"https:\/\/senoticias.com.br\/se\/wp-content\/uploads\/2018\/08\/Campanha-Dia-dos-Pais-Shopping-Jardins-e1533930106305.jpg\"><img loading=\"lazy\" decoding=\"async\" aria-describedby=\"caption-attachment-114624\" class=\"size-full wp-image-114624\" src=\"https:\/\/senoticias.com.br\/se\/wp-content\/uploads\/2018\/08\/Campanha-Dia-dos-Pais-Shopping-Jardins-e1533930106305.jpg\" alt=\"\" width=\"599\" height=\"689\" \/><\/a><p id=\"caption-attachment-114624\" class=\"wp-caption-text\">Centro de compras brindou clientes com produtos O Botic\u00e1rio e ingressos para show de Erasmo Carlos em Aracaju. (Foto: divulga\u00e7\u00e3o)<\/p><\/div>\n<p style=\"text-align: justify;\">Para a promo\u00e7\u00e3o, foram v\u00e1lidas notas fiscais referentes a compras realizadas nas lojas do shopping desde o dia 26 de julho. As trocas puderam ser realizadas desde o dia 1\u00ba de agosto. Cada R$ 200 em compras no shopping mais R$ 15 deram direito a um combo promocional (presente Malbec Noir de O Botic\u00e1rio e bilhetes para o show de Erasmo Carlos). Clientes que utilizaram Banese Card em suas compras foram agraciados com mais um ingresso.<\/p>\n<p style=\"text-align: justify;\">\u201cAgradecemos ao p\u00fablico que abra\u00e7ou a nossa campanha e a transformou neste grande sucesso. Desejamos um Dia dos Pais inesquec\u00edvel e, no dia 16, esperamos todos para celebramos juntos esta data especial e vivermos momentos de pura alegria ao som de Erasmo Carlos, um artista \u00fanico, autor de grandes sucessos que atravessam gera\u00e7\u00f5es\u201d, enaltece Jaryo Lima, superintendente do Shopping Jardins.<\/p>\n<p style=\"text-align: justify;\">Para atender \u00e0 demanda de p\u00fablico, o centro de compras vai realizar duas sess\u00f5es do show \u201cAmor \u00e9 isso\u201d, do cantor Erasmo Carlos, na pr\u00f3xima quinta-feira (16): \u00e0s 17h e \u00e0s 19h30. As apresenta\u00e7\u00f5es acontecer\u00e3o em uma charmosa arena montada na \u00e1rea externa, pr\u00f3ximo \u00e0 Portaria B (acesso a Lojas Americanas). A organiza\u00e7\u00e3o do espet\u00e1culo orienta o p\u00fablico a conferir o hor\u00e1rio do show impresso no ingresso e, para maior comodidade, chegar ao local com anteced\u00eancia m\u00ednima de 20 minutos.<\/p>\n<p style=\"text-align: justify;\">O Shopping Jardins destaca que, no calend\u00e1rio deste ano, est\u00e1 prevista a realiza\u00e7\u00e3o de outras a\u00e7\u00f5es especiais e mais novidades para o p\u00fablico.<\/p>\n<p><a href=\"https:\/\/senoticias.com.br\/se\/wp-content\/uploads\/2018\/08\/Logomarca-fone-SE-4-2-1-1.jpg\"><img loading=\"lazy\" decoding=\"async\" class=\"aligncenter size-full wp-image-114484\" src=\"https:\/\/senoticias.com.br\/se\/wp-content\/uploads\/2018\/08\/Logomarca-fone-SE-4-2-1-1.jpg\" alt=\"\" width=\"599\" height=\"78\" srcset=\"https:\/\/senoticias.com.br\/se\/wp-content\/uploads\/2018\/08\/Logomarca-fone-SE-4-2-1-1.jpg 599w, https:\/\/senoticias.com.br\/se\/wp-content\/uploads\/2018\/08\/Logomarca-fone-SE-4-2-1-1-300x39.jpg 300w\" sizes=\"(max-width: 599px) 100vw, 599px\" \/><\/a><\/p>\n<p>&nbsp;<\/p>\n<p><em><strong>Acompanhe o SE Not\u00edcias no<\/strong><span class=\"apple-converted-space\"><b>\u00a0<\/b><\/span><a href=\"https:\/\/twitter.com\/Senoticias\" target=\"_blank\" rel=\"noopener\"><b>Twitter<\/b><\/a><strong>,<\/strong><span class=\"apple-converted-space\"><b>\u00a0<\/b><\/span><a href=\"https:\/\/www.facebook.com\/senoticias1\" target=\"_blank\" rel=\"noopener\"><b>Facebook<\/b><span class=\"apple-converted-space\"><b>\u00a0<\/b><\/span><\/a><strong>e no<\/strong><span class=\"apple-converted-space\"><b>\u00a0<\/b><\/span><a href=\"https:\/\/www.instagram.com\/senoticias\/\" target=\"_blank\" rel=\"noopener\"><b>Instagram<\/b><\/a><\/em><\/p>\n<p>&nbsp;<\/p>\n<p><em>Da Assessoria de Imprensa<\/em><\/p>\n","protected":false},"excerpt":{"rendered":"<p>Devido ao grande sucesso, os presentes da campanha do Dia dos Pais do Shopping Jardins esgotaram na manh\u00e3 desta sexta-feira (10). Em dez dias, foram distribu\u00eddos 10 mil combos contendo um conjunto Malbec Noir de O Botic\u00e1rio (1 desodorante aerossol + 1 shower gel) e um par de ingressos para o show \u201cAmor \u00e9 isso\u201d [&hellip;]<\/p>\n","protected":false},"author":6552,"featured_media":114624,"comment_status":"closed","ping_status":"closed","sticky":false,"template":"","format":"standard","meta":{"footnotes":""},"categories":[21],"tags":[10563,4941,4939],"class_list":{"0":"post-114623","1":"post","2":"type-post","3":"status-publish","4":"format-standard","5":"has-post-thumbnail","7":"category-entretenimento","8":"tag-cantor-erasmo-carlos","9":"tag-dia-dos-pais","10":"tag-shopping-jardins"},"_links":{"self":[{"href":"https:\/\/senoticias.com.br\/se\/wp-json\/wp\/v2\/posts\/114623"}],"collection":[{"href":"https:\/\/senoticias.com.br\/se\/wp-json\/wp\/v2\/posts"}],"about":[{"href":"https:\/\/senoticias.com.br\/se\/wp-json\/wp\/v2\/types\/post"}],"author":[{"embeddable":true,"href":"https:\/\/senoticias.com.br\/se\/wp-json\/wp\/v2\/users\/6552"}],"replies":[{"embeddable":true,"href":"https:\/\/senoticias.com.br\/se\/wp-json\/wp\/v2\/comments?post=114623"}],"version-history":[{"count":0,"href":"https:\/\/senoticias.com.br\/se\/wp-json\/wp\/v2\/posts\/114623\/revisions"}],"wp:featuredmedia":[{"embeddable":true,"href":"https:\/\/senoticias.com.br\/se\/wp-json\/wp\/v2\/media\/114624"}],"wp:attachment":[{"href":"https:\/\/senoticias.com.br\/se\/wp-json\/wp\/v2\/media?parent=114623"}],"wp:term":[{"taxonomy":"category","embeddable":true,"href":"https:\/\/senoticias.com.br\/se\/wp-json\/wp\/v2\/categories?post=114623"},{"taxonomy":"post_tag","embeddable":true,"href":"https:\/\/senoticias.com.br\/se\/wp-json\/wp\/v2\/tags?post=114623"}],"curies":[{"name":"wp","href":"https:\/\/api.w.org\/{rel}","templated":true}]}}