{"id":114610,"date":"2018-08-10T11:46:09","date_gmt":"2018-08-10T14:46:09","guid":{"rendered":"https:\/\/senoticias.com.br\/se\/?p=114610"},"modified":"2018-08-10T11:46:09","modified_gmt":"2018-08-10T14:46:09","slug":"estrangeiro-irregular-no-pais-e-flagrado-na-br-101-em-sao-cristovao","status":"publish","type":"post","link":"https:\/\/senoticias.com.br\/se\/estrangeiro-irregular-no-pais-e-flagrado-na-br-101-em-sao-cristovao\/","title":{"rendered":"Estrangeiro irregular no pa\u00eds \u00e9 flagrado na BR-101 em S\u00e3o Crist\u00f3v\u00e3o"},"content":{"rendered":"<p style=\"text-align: justify;\">\nUm estrangeiro em situa\u00e7\u00e3o irregular no Brasil foi flagrado por policiais rodovi\u00e1rios federais nesta quinta-feira (9). A a\u00e7\u00e3o aconteceu no Km 105 da BR-101, em S\u00e3o Crist\u00f3v\u00e3o (SE).<\/p>\n<div id=\"attachment_108527\" style=\"width: 570px\" class=\"wp-caption aligncenter\"><a href=\"https:\/\/senoticias.com.br\/se\/wp-content\/uploads\/2017\/11\/prf-SENOTICIAS.jpg\"><img loading=\"lazy\" decoding=\"async\" aria-describedby=\"caption-attachment-108527\" class=\"size-full wp-image-108527\" src=\"https:\/\/senoticias.com.br\/se\/wp-content\/uploads\/2017\/11\/prf-SENOTICIAS.jpg\" alt=\"\" width=\"560\" height=\"420\" srcset=\"https:\/\/senoticias.com.br\/se\/wp-content\/uploads\/2017\/11\/prf-SENOTICIAS.jpg 560w, https:\/\/senoticias.com.br\/se\/wp-content\/uploads\/2017\/11\/prf-SENOTICIAS-300x225.jpg 300w, https:\/\/senoticias.com.br\/se\/wp-content\/uploads\/2017\/11\/prf-SENOTICIAS-45x35.jpg 45w\" sizes=\"(max-width: 560px) 100vw, 560px\" \/><\/a><p id=\"caption-attachment-108527\" class=\"wp-caption-text\">O homem foi levado para a Delegacia de Pol\u00edcia Federal, em Aracaju. (Foto: Ascom)<\/p><\/div>\n<p style=\"text-align: justify;\">Segundo informa\u00e7\u00f5es da Pol\u00edcia Rodovi\u00e1ria Federal (PRF), os agentes realizavam uma fiscaliza\u00e7\u00e3o, quando abordaram o condutor de uma motocicleta com placa de Sergipe e, durante a confer\u00eancia da documenta\u00e7\u00e3o, foi identificado que ele era cidad\u00e3o colombiano e estava em situa\u00e7\u00e3o irregular no pa\u00eds. Ele apresentou uma carteira de habilita\u00e7\u00e3o expedida na Col\u00f4mbia em 2017.<\/p>\n<p>&nbsp;<\/p>\n<p><a href=\"https:\/\/senoticias.com.br\/se\/wp-content\/uploads\/2018\/08\/Logomarca-fone-SE-4-2-1-1.jpg\"><img loading=\"lazy\" decoding=\"async\" class=\"aligncenter size-full wp-image-114484\" src=\"https:\/\/senoticias.com.br\/se\/wp-content\/uploads\/2018\/08\/Logomarca-fone-SE-4-2-1-1.jpg\" alt=\"\" width=\"599\" height=\"78\" srcset=\"https:\/\/senoticias.com.br\/se\/wp-content\/uploads\/2018\/08\/Logomarca-fone-SE-4-2-1-1.jpg 599w, https:\/\/senoticias.com.br\/se\/wp-content\/uploads\/2018\/08\/Logomarca-fone-SE-4-2-1-1-300x39.jpg 300w\" sizes=\"(max-width: 599px) 100vw, 599px\" \/><\/a><\/p>\n<p>&nbsp;<\/p>\n<p><em><strong>Acompanhe o SE Not\u00edcias no<\/strong><span class=\"apple-converted-space\"><b>\u00a0<\/b><\/span><a href=\"https:\/\/twitter.com\/Senoticias\" target=\"_blank\" rel=\"noopener\"><b>Twitter<\/b><\/a><strong>,<\/strong><span class=\"apple-converted-space\"><b>\u00a0<\/b><\/span><a href=\"https:\/\/www.facebook.com\/senoticias1\" target=\"_blank\" rel=\"noopener\"><b>Facebook<\/b><span class=\"apple-converted-space\"><b>\u00a0<\/b><\/span><\/a><strong>e no<\/strong><span class=\"apple-converted-space\"><b>\u00a0<\/b><\/span><a href=\"https:\/\/www.instagram.com\/senoticias\/\" target=\"_blank\" rel=\"noopener\"><b>Instagram<\/b><\/a><\/em><\/p>\n<p>&nbsp;<\/p>\n<p><em>Assessoria de Comunica\u00e7\u00e3o Social<\/em><br \/>\n<em>Pol\u00edcia Rodovi\u00e1ria Federal \u2013 Sergipe<\/em><\/p>\n","protected":false},"excerpt":{"rendered":"<p>Um estrangeiro em situa\u00e7\u00e3o irregular no Brasil foi flagrado por policiais rodovi\u00e1rios federais nesta quinta-feira (9). A a\u00e7\u00e3o aconteceu no Km 105 da BR-101, em S\u00e3o Crist\u00f3v\u00e3o (SE). Segundo informa\u00e7\u00f5es da Pol\u00edcia Rodovi\u00e1ria Federal (PRF), os agentes realizavam uma fiscaliza\u00e7\u00e3o, quando abordaram o condutor de uma motocicleta com placa de Sergipe e, durante a confer\u00eancia [&hellip;]<\/p>\n","protected":false},"author":6552,"featured_media":108527,"comment_status":"closed","ping_status":"closed","sticky":false,"template":"","format":"standard","meta":{"footnotes":""},"categories":[15,7],"tags":[10554,10555,4155],"class_list":{"0":"post-114610","1":"post","2":"type-post","3":"status-publish","4":"format-standard","5":"has-post-thumbnail","7":"category-destaques","8":"category-policia","9":"tag-colombiano","10":"tag-estrangeiro-irregular","11":"tag-policia-rodoviaria-federal"},"_links":{"self":[{"href":"https:\/\/senoticias.com.br\/se\/wp-json\/wp\/v2\/posts\/114610"}],"collection":[{"href":"https:\/\/senoticias.com.br\/se\/wp-json\/wp\/v2\/posts"}],"about":[{"href":"https:\/\/senoticias.com.br\/se\/wp-json\/wp\/v2\/types\/post"}],"author":[{"embeddable":true,"href":"https:\/\/senoticias.com.br\/se\/wp-json\/wp\/v2\/users\/6552"}],"replies":[{"embeddable":true,"href":"https:\/\/senoticias.com.br\/se\/wp-json\/wp\/v2\/comments?post=114610"}],"version-history":[{"count":0,"href":"https:\/\/senoticias.com.br\/se\/wp-json\/wp\/v2\/posts\/114610\/revisions"}],"wp:featuredmedia":[{"embeddable":true,"href":"https:\/\/senoticias.com.br\/se\/wp-json\/wp\/v2\/media\/108527"}],"wp:attachment":[{"href":"https:\/\/senoticias.com.br\/se\/wp-json\/wp\/v2\/media?parent=114610"}],"wp:term":[{"taxonomy":"category","embeddable":true,"href":"https:\/\/senoticias.com.br\/se\/wp-json\/wp\/v2\/categories?post=114610"},{"taxonomy":"post_tag","embeddable":true,"href":"https:\/\/senoticias.com.br\/se\/wp-json\/wp\/v2\/tags?post=114610"}],"curies":[{"name":"wp","href":"https:\/\/api.w.org\/{rel}","templated":true}]}}