{"id":114565,"date":"2018-08-07T16:33:24","date_gmt":"2018-08-07T19:33:24","guid":{"rendered":"https:\/\/senoticias.com.br\/se\/?p=114565"},"modified":"2018-08-07T18:42:43","modified_gmt":"2018-08-07T21:42:43","slug":"gestores-agrese-e-sergas-discutem-tarifa-de-gas","status":"publish","type":"post","link":"https:\/\/senoticias.com.br\/se\/gestores-agrese-e-sergas-discutem-tarifa-de-gas\/","title":{"rendered":"Gestores Ag\u00eancia Reguladora de Servi\u00e7os P\u00fablicos do Estado e Sergas discutem tarifa de g\u00e1s"},"content":{"rendered":"<p style=\"text-align: justify;\"><span style=\"color: #000000;\">Nesta ter\u00e7a-feira (07), membros da diretoria da Ag\u00eancia Reguladora de Servi\u00e7os P\u00fablicos do Estado de Sergipe (Agrese) e da Sergipe G\u00e1s (Sergas), estiveram reunidos para uma an\u00e1lise detalhada, relativa ao posicionamento das institui\u00e7\u00f5es, sobre o reajuste tarif\u00e1rio do g\u00e1s canalizado.<\/span><\/p>\n<p style=\"text-align: justify;\"><span style=\"color: #000000;\">Durante a reuni\u00e3o com a participa\u00e7\u00e3o do assessor especial do Governo, Oliveira J\u00fanior, foi sugerido para Serg\u00e1s apresentar os procedimentos utilizados no c\u00e1lculo da tarifa m\u00e9dia dos servi\u00e7os de distribui\u00e7\u00e3o de g\u00e1s canalizado no Estado de Sergipe.<\/span><\/p>\n<div id=\"attachment_114566\" style=\"width: 609px\" class=\"wp-caption aligncenter\"><a href=\"https:\/\/senoticias.com.br\/se\/wp-content\/uploads\/2018\/08\/WhatsApp-Image-2018-08-07-at-16.24.55-e1533670300115.jpeg\"><img loading=\"lazy\" decoding=\"async\" aria-describedby=\"caption-attachment-114566\" class=\"wp-image-114566 size-full\" src=\"https:\/\/senoticias.com.br\/se\/wp-content\/uploads\/2018\/08\/WhatsApp-Image-2018-08-07-at-16.24.55-e1533670300115.jpeg\" alt=\"\" width=\"599\" height=\"449\" \/><\/a><p id=\"caption-attachment-114566\" class=\"wp-caption-text\">Gestores da Agrese discutem pre\u00e7os do G\u00e1s Natural.\u00a0 (Foto: ascom\/Agrese)<\/p><\/div>\n<p style=\"text-align: justify;\"><span style=\"color: #000000;\">\u201cEsse momento foi importante para que pud\u00e9ssemos debater sobre tarifas e os servi\u00e7os prestados pela Serg\u00e1s, bem como os investimentos a serem efetivados, objetivando atrair ind\u00fastria para o Estado de Sergipe\u201d, destacou o diretor presidente da Agrese, Luiz Hamilton Santana de Oliveira.<\/span><\/p>\n<p style=\"text-align: justify;\"><span style=\"color: #000000;\">Na oportunidade, o diretor t\u00e9cnico e comercial da Serg\u00e1s, Enaldo Santana, apresentou conceitos discutidos em pauta, perspectiva da \u00faltima d\u00e9cada e para os pr\u00f3ximos 25 anos. \u201cEssa reuni\u00e3o foi bastante produtiva. Foram discutidos e apresentados assuntos na \u00e1rea de g\u00e1s canalizado, visando o aproveitamento futuro de g\u00e1s produzido em nosso Estado e tamb\u00e9m sobre o in\u00edcio e opera\u00e7\u00e3o da termoel\u00e9trica Celse, al\u00e9m do comprometimento da Sergas perante a Agrese de ampliar sua rede de distribui\u00e7\u00e3o de g\u00e1s, com custos atrativos e competitivos\u201d, enfatizou o presidente da Serg\u00e1s, Eug\u00eanio Dezen.<\/span><\/p>\n<p style=\"text-align: justify;\"><span style=\"color: #000000;\">Ap\u00f3s as apresenta\u00e7\u00f5es ficou acordado que ser\u00e1 marcada uma novo encontro com os representantes da Agrese, Sedetec, Fies e Sergas para defini\u00e7\u00e3o de medidas relacionadas.<\/span><\/p>\n<p style=\"text-align: justify;\"><strong><span style=\"color: #000000;\">Serg\u00e1s<\/span><\/strong><\/p>\n<p style=\"text-align: justify;\"><span style=\"color: #000000;\">A Serg\u00e1s foi criada em 1993, com as atribui\u00e7\u00f5es de adquirir, armazenar, transportar, distribuir, comercializar e prestar servi\u00e7os correlatos na \u00e1rea de energias renov\u00e1veis e g\u00e1s.<\/span><\/p>\n<p style=\"text-align: justify;\"><span style=\"color: #000000;\">Tamb\u00e9m estiveram presentes ao encontro, o diretor administrativo e financeiro da Agrese, Said Schoucair, o engenheiro civil, Joelson Hora, o diretor t\u00e9cnico, Jean Carlos Nascimento e a diretora da c\u00e2mara t\u00e9cnica de g\u00e1s canalizado, Ana Paula Chaves.<\/span><\/p>\n<p>&nbsp;<\/p>\n<p><a href=\"https:\/\/senoticias.com.br\/se\/wp-content\/uploads\/2018\/08\/Logomarca-fone-SE-4-2-1-1.jpg\"><img loading=\"lazy\" decoding=\"async\" class=\"aligncenter wp-image-114484 size-full\" src=\"https:\/\/senoticias.com.br\/se\/wp-content\/uploads\/2018\/08\/Logomarca-fone-SE-4-2-1-1.jpg\" alt=\"\" width=\"599\" height=\"78\" srcset=\"https:\/\/senoticias.com.br\/se\/wp-content\/uploads\/2018\/08\/Logomarca-fone-SE-4-2-1-1.jpg 599w, https:\/\/senoticias.com.br\/se\/wp-content\/uploads\/2018\/08\/Logomarca-fone-SE-4-2-1-1-300x39.jpg 300w\" sizes=\"(max-width: 599px) 100vw, 599px\" \/><\/a><\/p>\n<p>&nbsp;<\/p>\n<p><em><strong>Acompanhe o SE Not\u00edcias no<\/strong><span class=\"apple-converted-space\"><b>\u00a0<\/b><\/span><a href=\"https:\/\/twitter.com\/Senoticias\" target=\"_blank\" rel=\"noopener\"><b>Twitter<\/b><\/a><strong>,<\/strong><span class=\"apple-converted-space\"><b>\u00a0<\/b><\/span><a href=\"https:\/\/www.facebook.com\/senoticias1\" target=\"_blank\" rel=\"noopener\"><b>Facebook<\/b><span class=\"apple-converted-space\"><b>\u00a0<\/b><\/span><\/a><strong>e no<\/strong><span class=\"apple-converted-space\"><b>\u00a0<\/b><\/span><a href=\"https:\/\/www.instagram.com\/senoticias\/\" target=\"_blank\" rel=\"noopener\"><b>Instagram<\/b><\/a><\/em><\/p>\n<p><em>Ascom\/Agrese<\/em><\/p>\n","protected":false},"excerpt":{"rendered":"<p>Nesta ter\u00e7a-feira (07), membros da diretoria da Ag\u00eancia Reguladora de Servi\u00e7os P\u00fablicos do Estado de Sergipe (Agrese) e da Sergipe G\u00e1s (Sergas), estiveram reunidos para uma an\u00e1lise detalhada, relativa ao posicionamento das institui\u00e7\u00f5es, sobre o reajuste tarif\u00e1rio do g\u00e1s canalizado. Durante a reuni\u00e3o com a participa\u00e7\u00e3o do assessor especial do Governo, Oliveira J\u00fanior, foi sugerido [&hellip;]<\/p>\n","protected":false},"author":6553,"featured_media":0,"comment_status":"closed","ping_status":"closed","sticky":false,"template":"","format":"standard","meta":{"footnotes":""},"categories":[15,6],"tags":[3736,339,3513,3053,9887,223],"class_list":{"0":"post-114565","1":"post","2":"type-post","3":"status-publish","4":"format-standard","6":"category-destaques","7":"category-politica","8":"tag-agrese","9":"tag-aracaju","10":"tag-gas","11":"tag-preco","12":"tag-sergas","13":"tag-sergipe"},"_links":{"self":[{"href":"https:\/\/senoticias.com.br\/se\/wp-json\/wp\/v2\/posts\/114565"}],"collection":[{"href":"https:\/\/senoticias.com.br\/se\/wp-json\/wp\/v2\/posts"}],"about":[{"href":"https:\/\/senoticias.com.br\/se\/wp-json\/wp\/v2\/types\/post"}],"author":[{"embeddable":true,"href":"https:\/\/senoticias.com.br\/se\/wp-json\/wp\/v2\/users\/6553"}],"replies":[{"embeddable":true,"href":"https:\/\/senoticias.com.br\/se\/wp-json\/wp\/v2\/comments?post=114565"}],"version-history":[{"count":0,"href":"https:\/\/senoticias.com.br\/se\/wp-json\/wp\/v2\/posts\/114565\/revisions"}],"wp:attachment":[{"href":"https:\/\/senoticias.com.br\/se\/wp-json\/wp\/v2\/media?parent=114565"}],"wp:term":[{"taxonomy":"category","embeddable":true,"href":"https:\/\/senoticias.com.br\/se\/wp-json\/wp\/v2\/categories?post=114565"},{"taxonomy":"post_tag","embeddable":true,"href":"https:\/\/senoticias.com.br\/se\/wp-json\/wp\/v2\/tags?post=114565"}],"curies":[{"name":"wp","href":"https:\/\/api.w.org\/{rel}","templated":true}]}}