{"id":114548,"date":"2018-08-07T07:06:36","date_gmt":"2018-08-07T10:06:36","guid":{"rendered":"https:\/\/senoticias.com.br\/se\/?p=114548"},"modified":"2018-08-10T06:54:22","modified_gmt":"2018-08-10T09:54:22","slug":"servidores-municipais-sao-treinados-no-tce-se-para-aprimorar-elaboracao-do-orcamento-publico","status":"publish","type":"post","link":"https:\/\/senoticias.com.br\/se\/servidores-municipais-sao-treinados-no-tce-se-para-aprimorar-elaboracao-do-orcamento-publico\/","title":{"rendered":"Servidores municipais s\u00e3o treinados no TCE\/SE para aprimorar elabora\u00e7\u00e3o do or\u00e7amento p\u00fablico"},"content":{"rendered":"<p style=\"text-align: justify;\">Cerca de 90 servidores de prefeituras sergipanas participam do curso &#8220;Or\u00e7amento P\u00fablico: Planejamento, Execu\u00e7\u00e3o e Controle&#8221;, realizado pelo Tribunal de Contas do Estado de Sergipe (TCE\/SE), atrav\u00e9s da Escola de Contas (Ecojan), entre esta segunda (6) e ter\u00e7a-feira (7).<\/p>\n<div id=\"attachment_114549\" style=\"width: 610px\" class=\"wp-caption alignnone\"><a href=\"https:\/\/senoticias.com.br\/se\/wp-content\/uploads\/2018\/08\/TCETREINA.jpg\"><img loading=\"lazy\" decoding=\"async\" aria-describedby=\"caption-attachment-114549\" class=\"size-full wp-image-114549\" src=\"https:\/\/senoticias.com.br\/se\/wp-content\/uploads\/2018\/08\/TCETREINA.jpg\" alt=\"\" width=\"600\" height=\"400\" srcset=\"https:\/\/senoticias.com.br\/se\/wp-content\/uploads\/2018\/08\/TCETREINA.jpg 600w, https:\/\/senoticias.com.br\/se\/wp-content\/uploads\/2018\/08\/TCETREINA-300x200.jpg 300w, https:\/\/senoticias.com.br\/se\/wp-content\/uploads\/2018\/08\/TCETREINA-90x60.jpg 90w, https:\/\/senoticias.com.br\/se\/wp-content\/uploads\/2018\/08\/TCETREINA-180x120.jpg 180w, https:\/\/senoticias.com.br\/se\/wp-content\/uploads\/2018\/08\/TCETREINA-95x64.jpg 95w\" sizes=\"(max-width: 600px) 100vw, 600px\" \/><\/a><p id=\"caption-attachment-114549\" class=\"wp-caption-text\">Servidores municipais s\u00e3o treinados no TCE\/SE. (Foto: Cleverton Ribeiro\/TCE)<\/p><\/div>\n<p style=\"text-align: justify;\">Respons\u00e1vel por ministrar o conte\u00fado, o analista de controle externo II do TCE\/SE, Alaelson Cruz, defende a ideia de que os pr\u00f3prios munic\u00edpios devem construir o or\u00e7amento. \u201cTudo come\u00e7a na elabora\u00e7\u00e3o do or\u00e7amento. E, por isso, entendo que os or\u00e7amentos municipais n\u00e3o podem ser mais elaborados por assessorias externas. Elas podem at\u00e9 ajudar e assessorar, mas o or\u00e7amento tem que ser feito com o envolvimento dos servidores, prefeito, todos os vereadores e da popula\u00e7\u00e3o\u201d.<\/p>\n<p style=\"text-align: justify;\">Segundo o t\u00e9cnico do TCE, um or\u00e7amento bem elaborado come\u00e7a com a identifica\u00e7\u00e3o da necessidade da popula\u00e7\u00e3o. O ciclo or\u00e7ament\u00e1rio, por exemplo, come\u00e7a na elabora\u00e7\u00e3o da proposta or\u00e7ament\u00e1ria e isto tem in\u00edcio com o diagn\u00f3stico, no qual se levanta quais s\u00e3o as necessidades p\u00fablicas, os recursos que o munic\u00edpio disp\u00f5e, e em seguida \u00e9 feito o planejamento em cima destas informa\u00e7\u00f5es.<\/p>\n<p style=\"text-align: justify;\">\u201cN\u00e3o \u00e9 um processo simpl\u00f3rio, mas n\u00e3o \u00e9 t\u00e3o complicado. Na verdade, os munic\u00edpios j\u00e1 sabem como fazer, mas o que enfatizamos no curso \u00e9 a forma de melhorar este processo, onde se pode avan\u00e7ar e ter bons or\u00e7amentos\u201d, explica Alaelson Cruz.<br \/>\nEle observa ainda que, quanto menor o munic\u00edpio, maior tem sido a probabilidade de o or\u00e7amento vir com falhas. \u201cJ\u00e1 vi casos em que o or\u00e7amento de um munic\u00edpio foi copiado de outro, inclusive, deixando o nome do munic\u00edpio&#8221;, comenta o analista, acrescentando que, nos grandes munic\u00edpios do Estado isto ocorre com menos freq\u00fc\u00eancia devido ao quadro de servidores mais qualificado.<\/p>\n<p style=\"text-align: justify;\">Outro ponto fundamental \u00e9 que um planejamento de or\u00e7amento mal feito costuma atrapalhar sua execu\u00e7\u00e3o no futuro. \u201cPor isso, muitos prefeitos reclamam que a C\u00e2mara de Vereadores engessa a gest\u00e3o porque n\u00e3o d\u00e1 um volume alto de suplementa\u00e7\u00e3o. E precisam, muitas vezes, de 80% de suplementa\u00e7\u00e3o porque o or\u00e7amento foi mal feito\u201d, diz Alaelson Cruz.<\/p>\n<p style=\"text-align: justify;\">Um dos participantes, o servidor da Prefeitura de Lagarto, Marcio Alves, considera positivo o aprendizado adquirido. \u201cEsta iniciativa do Tribunal de Contas se transforma num projeto de grande valia para que os munic\u00edpios tenham um aux\u00edlio, atrav\u00e9s do \u00f3rg\u00e3o externo de fiscaliza\u00e7\u00e3o, para elaborar e executar o or\u00e7amento de acordo com as normas que regem a Lei Or\u00e7ament\u00e1ria, PPA (Plano Plurianual) e LDO (Lei de Diretrizes Or\u00e7ament\u00e1rias) \u201d, afirmou M\u00e1rcio.<\/p>\n<p>&nbsp;<\/p>\n<p><a href=\"https:\/\/senoticias.com.br\/se\/wp-content\/uploads\/2018\/08\/Logomarca-fone-SE-4-2-1-1.jpg\"><img loading=\"lazy\" decoding=\"async\" class=\"alignnone size-full wp-image-114484\" src=\"https:\/\/senoticias.com.br\/se\/wp-content\/uploads\/2018\/08\/Logomarca-fone-SE-4-2-1-1.jpg\" alt=\"\" width=\"599\" height=\"78\" srcset=\"https:\/\/senoticias.com.br\/se\/wp-content\/uploads\/2018\/08\/Logomarca-fone-SE-4-2-1-1.jpg 599w, https:\/\/senoticias.com.br\/se\/wp-content\/uploads\/2018\/08\/Logomarca-fone-SE-4-2-1-1-300x39.jpg 300w\" sizes=\"(max-width: 599px) 100vw, 599px\" \/><\/a><\/p>\n<p>&nbsp;<\/p>\n<p>&nbsp;<\/p>\n<p><em><strong>Acompanhe o SE Not\u00edcias no<\/strong><span class=\"apple-converted-space\"><b>\u00a0<\/b><\/span><a href=\"https:\/\/twitter.com\/Senoticias\" target=\"_blank\" rel=\"noopener\"><b>Twitter<\/b><\/a><strong>,<\/strong><span class=\"apple-converted-space\"><b>\u00a0<\/b><\/span><a href=\"https:\/\/www.facebook.com\/senoticias1\" target=\"_blank\" rel=\"noopener\"><b>Facebook<\/b><span class=\"apple-converted-space\"><b>\u00a0<\/b><\/span><\/a><strong>e no<\/strong><span class=\"apple-converted-space\"><b>\u00a0<\/b><\/span><a href=\"https:\/\/www.instagram.com\/senoticias\/\" target=\"_blank\" rel=\"noopener\"><b>Instagram<\/b><\/a><\/em><\/p>\n<p>&nbsp;<\/p>\n<p><em>Por Dicom\/TCE<\/em><\/p>\n","protected":false},"excerpt":{"rendered":"<p>Cerca de 90 servidores de prefeituras sergipanas participam do curso &#8220;Or\u00e7amento P\u00fablico: Planejamento, Execu\u00e7\u00e3o e Controle&#8221;, realizado pelo Tribunal de Contas do Estado de Sergipe (TCE\/SE), atrav\u00e9s da Escola de Contas (Ecojan), entre esta segunda (6) e ter\u00e7a-feira (7). Respons\u00e1vel por ministrar o conte\u00fado, o analista de controle externo II do TCE\/SE, Alaelson Cruz, defende [&hellip;]<\/p>\n","protected":false},"author":6552,"featured_media":114549,"comment_status":"closed","ping_status":"closed","sticky":false,"template":"","format":"standard","meta":{"footnotes":""},"categories":[15,6],"tags":[3233,529,530],"class_list":{"0":"post-114548","1":"post","2":"type-post","3":"status-publish","4":"format-standard","5":"has-post-thumbnail","7":"category-destaques","8":"category-politica","9":"tag-servidores-municipais","10":"tag-tce","11":"tag-tribunal-de-contas-do-estado-de-sergipe"},"_links":{"self":[{"href":"https:\/\/senoticias.com.br\/se\/wp-json\/wp\/v2\/posts\/114548"}],"collection":[{"href":"https:\/\/senoticias.com.br\/se\/wp-json\/wp\/v2\/posts"}],"about":[{"href":"https:\/\/senoticias.com.br\/se\/wp-json\/wp\/v2\/types\/post"}],"author":[{"embeddable":true,"href":"https:\/\/senoticias.com.br\/se\/wp-json\/wp\/v2\/users\/6552"}],"replies":[{"embeddable":true,"href":"https:\/\/senoticias.com.br\/se\/wp-json\/wp\/v2\/comments?post=114548"}],"version-history":[{"count":0,"href":"https:\/\/senoticias.com.br\/se\/wp-json\/wp\/v2\/posts\/114548\/revisions"}],"wp:featuredmedia":[{"embeddable":true,"href":"https:\/\/senoticias.com.br\/se\/wp-json\/wp\/v2\/media\/114549"}],"wp:attachment":[{"href":"https:\/\/senoticias.com.br\/se\/wp-json\/wp\/v2\/media?parent=114548"}],"wp:term":[{"taxonomy":"category","embeddable":true,"href":"https:\/\/senoticias.com.br\/se\/wp-json\/wp\/v2\/categories?post=114548"},{"taxonomy":"post_tag","embeddable":true,"href":"https:\/\/senoticias.com.br\/se\/wp-json\/wp\/v2\/tags?post=114548"}],"curies":[{"name":"wp","href":"https:\/\/api.w.org\/{rel}","templated":true}]}}