{"id":114533,"date":"2018-08-06T16:41:42","date_gmt":"2018-08-06T19:41:42","guid":{"rendered":"https:\/\/senoticias.com.br\/se\/?p=114533"},"modified":"2018-08-06T16:42:08","modified_gmt":"2018-08-06T19:42:08","slug":"fornecimento-de-medicamentos-do-case-esta-sendo-normalizado-informa-ses","status":"publish","type":"post","link":"https:\/\/senoticias.com.br\/se\/fornecimento-de-medicamentos-do-case-esta-sendo-normalizado-informa-ses\/","title":{"rendered":"Fornecimento de medicamentos do Case est\u00e1 sendo normalizado, informa SES"},"content":{"rendered":"<p style=\"text-align: justify\"><span style=\"color: #000000\">H\u00e1 cerca de tr\u00eas meses, um relat\u00f3rio semanal apontava a falta de 25 tipos de medicamentos fornecidos pelo Centro de Aten\u00e7\u00e3o \u00e0 Sa\u00fade de Sergipe (Case). Ap\u00f3s um trabalho de planejamento, essa realidade come\u00e7ou a mudar e atualmente a Secretaria de Estado da Sa\u00fade (SES) est\u00e1 com a programa\u00e7\u00e3o de aquisi\u00e7\u00e3o de medicamentos fechada, o que quer dizer que todos os itens dispensados pelo \u00f3rg\u00e3o foram comprados.<\/span><\/p>\n<div id=\"attachment_114534\" style=\"width: 609px\" class=\"wp-caption aligncenter\"><a href=\"https:\/\/senoticias.com.br\/se\/wp-content\/uploads\/2018\/08\/medicamento2.jpg\"><img loading=\"lazy\" decoding=\"async\" aria-describedby=\"caption-attachment-114534\" class=\"wp-image-114534 size-full\" src=\"https:\/\/senoticias.com.br\/se\/wp-content\/uploads\/2018\/08\/medicamento2-e1533584462978.jpg\" alt=\"\" width=\"599\" height=\"398\" \/><\/a><p id=\"caption-attachment-114534\" class=\"wp-caption-text\">Geraldo Pires Fot\u00f3grafo da ASCOM SES.<\/p><\/div>\n<p style=\"text-align: justify\"><span style=\"color: #000000\">As compras realizadas garantem a dispensa\u00e7\u00e3o dos medicamentos durante todo este ano de 2018 e os primeiros meses de 2019, segundo informou a coordenadoria de Compras da SES, \u00c9rica Poderoso, acrescentando que sete itens que est\u00e3o em falta no Case j\u00e1 foram comprados e sua chegada \u00e0 Central de Abastecimento de Insumos e Medicamentos (Cadim) est\u00e1 sendo esperada para o in\u00edcio deste m\u00eas de agosto, regularizando praticamente em 100% a dispensa\u00e7\u00e3o dos produtos.<\/span><\/p>\n<p style=\"text-align: justify\"><span style=\"color: #000000\">Esta \u00e9 a meta do governo estadual, segundo atesta o secret\u00e1rio da Sa\u00fade, Valberto Lima. \u201cEstamos conseguindo regularizar uma situa\u00e7\u00e3o cr\u00edtica que encontramos. Quando assumimos, receb\u00edamos relat\u00f3rio semanal apontando 25 itens em falta ou para faltar a qualquer momento. Trabalhamos para reverter esse quadro que deixava uma parcela da popula\u00e7\u00e3o desassistida\u201d, disse Valberto Lima.<\/span><\/p>\n<p style=\"text-align: justify\"><span style=\"color: #000000\">O secret\u00e1rio destacou que alguns medicamentos s\u00e3o importados e, por isso, a SES enfrenta dificuldade para compr\u00e1-los. \u201cN\u00e3o \u00e9 quest\u00e3o de pagamento. \u00c9 que muitas vezes at\u00e9 mesmo os fornecedores est\u00e3o sem estoque. Ent\u00e3o a gente paga pelo produto e fica esperando pela entrega que chega a 10 ou 15 dias\u201d, explicou.<\/span><\/p>\n<p style=\"text-align: justify\"><span style=\"color: #000000\">Valberto Oliveira garantiu que \u00e9 meta do governo renovar o estoque de medicamentos no menor tempo poss\u00edvel para evitar o desabastecimento. Quanto \u00e0s empresas que se recusam a trabalhar com a Secretaria de Estado da Sa\u00fade ele informou que o setor jur\u00eddico encaminhou a situa\u00e7\u00e3o para a Procuradoria Geral do Estado (PGE) para que elas sejam enunciadas na Justi\u00e7a.<\/span><\/p>\n<p>&nbsp;<\/p>\n<p><a href=\"https:\/\/senoticias.com.br\/se\/wp-content\/uploads\/2018\/08\/Logomarca-fone-SE-4-2-1-1.jpg\"><img loading=\"lazy\" decoding=\"async\" class=\"aligncenter wp-image-114484 size-full\" src=\"https:\/\/senoticias.com.br\/se\/wp-content\/uploads\/2018\/08\/Logomarca-fone-SE-4-2-1-1.jpg\" alt=\"\" width=\"599\" height=\"78\" srcset=\"https:\/\/senoticias.com.br\/se\/wp-content\/uploads\/2018\/08\/Logomarca-fone-SE-4-2-1-1.jpg 599w, https:\/\/senoticias.com.br\/se\/wp-content\/uploads\/2018\/08\/Logomarca-fone-SE-4-2-1-1-300x39.jpg 300w\" sizes=\"(max-width: 599px) 100vw, 599px\" \/><\/a><\/p>\n<p>Por Ascom SES<\/p>\n","protected":false},"excerpt":{"rendered":"<p>H\u00e1 cerca de tr\u00eas meses, um relat\u00f3rio semanal apontava a falta de 25 tipos de medicamentos fornecidos pelo Centro de Aten\u00e7\u00e3o \u00e0 Sa\u00fade de Sergipe (Case). Ap\u00f3s um trabalho de planejamento, essa realidade come\u00e7ou a mudar e atualmente a Secretaria de Estado da Sa\u00fade (SES) est\u00e1 com a programa\u00e7\u00e3o de aquisi\u00e7\u00e3o de medicamentos fechada, o [&hellip;]<\/p>\n","protected":false},"author":6553,"featured_media":0,"comment_status":"closed","ping_status":"closed","sticky":false,"template":"","format":"standard","meta":{"footnotes":""},"categories":[15,38],"tags":[7787,6439,5273,1304,7834],"class_list":{"0":"post-114533","1":"post","2":"type-post","3":"status-publish","4":"format-standard","6":"category-destaques","7":"category-municipios","8":"tag-case","9":"tag-distribuicao","10":"tag-remedios","11":"tag-saude","12":"tag-secretaria"},"_links":{"self":[{"href":"https:\/\/senoticias.com.br\/se\/wp-json\/wp\/v2\/posts\/114533"}],"collection":[{"href":"https:\/\/senoticias.com.br\/se\/wp-json\/wp\/v2\/posts"}],"about":[{"href":"https:\/\/senoticias.com.br\/se\/wp-json\/wp\/v2\/types\/post"}],"author":[{"embeddable":true,"href":"https:\/\/senoticias.com.br\/se\/wp-json\/wp\/v2\/users\/6553"}],"replies":[{"embeddable":true,"href":"https:\/\/senoticias.com.br\/se\/wp-json\/wp\/v2\/comments?post=114533"}],"version-history":[{"count":0,"href":"https:\/\/senoticias.com.br\/se\/wp-json\/wp\/v2\/posts\/114533\/revisions"}],"wp:attachment":[{"href":"https:\/\/senoticias.com.br\/se\/wp-json\/wp\/v2\/media?parent=114533"}],"wp:term":[{"taxonomy":"category","embeddable":true,"href":"https:\/\/senoticias.com.br\/se\/wp-json\/wp\/v2\/categories?post=114533"},{"taxonomy":"post_tag","embeddable":true,"href":"https:\/\/senoticias.com.br\/se\/wp-json\/wp\/v2\/tags?post=114533"}],"curies":[{"name":"wp","href":"https:\/\/api.w.org\/{rel}","templated":true}]}}