{"id":114471,"date":"2018-08-02T15:21:21","date_gmt":"2018-08-02T18:21:21","guid":{"rendered":"https:\/\/senoticias.com.br\/se\/?p=114471"},"modified":"2018-08-02T15:21:21","modified_gmt":"2018-08-02T18:21:21","slug":"estreia-do-filme-ana-e-vitoria-ganha-sessao-especial-no-shopping-jardins","status":"publish","type":"post","link":"https:\/\/senoticias.com.br\/se\/estreia-do-filme-ana-e-vitoria-ganha-sessao-especial-no-shopping-jardins\/","title":{"rendered":"Estreia do filme \u2018Ana e Vit\u00f3ria\u2019 ganha sess\u00e3o especial no Shopping Jardins"},"content":{"rendered":"<p style=\"text-align: justify\"><span style=\"color: #000000\">A com\u00e9dia rom\u00e2ntica inspirada na hist\u00f3ria da dupla musical Anavit\u00f3ria chega hoje \u00e0s salas de cinema de todo o Brasil e conta com sess\u00e3o especial no Cinemark do shopping localizado no bairro Jardins, em Aracaju (SE). Na estreia, o p\u00fablico poder\u00e1 assistir ao filme \u201cAna e Vit\u00f3ria\u201d \u00e0s 21h30 e, em seguida, curtir a transmiss\u00e3o ao vivo de um pocket show exclusivo da dupla.<\/span><\/p>\n<p style=\"text-align: justify\"><span style=\"color: #000000\">As sess\u00f5es especiais acontecer\u00e3o em 24 complexos da rede Cinemark e, em Sergipe, ser\u00e1 uma exclusividade do complexo instalado no Shopping Jardins. Os ingressos est\u00e3o \u00e0 venda na bilheteria do cinema e no site www.cinemark.com.br pelo valor R$ 20 (meia) a RS 40 (inteira).<\/span><\/p>\n<div id=\"attachment_114472\" style=\"width: 421px\" class=\"wp-caption aligncenter\"><a href=\"https:\/\/senoticias.com.br\/se\/wp-content\/uploads\/2018\/08\/Ana-e-Vit\u00f3ria_Divulga\u00e7\u00e3o.jpg\"><img loading=\"lazy\" decoding=\"async\" aria-describedby=\"caption-attachment-114472\" class=\"wp-image-114472 size-full\" src=\"https:\/\/senoticias.com.br\/se\/wp-content\/uploads\/2018\/08\/Ana-e-Vit\u00f3ria_Divulga\u00e7\u00e3o-e1533234021205.jpg\" alt=\"\" width=\"411\" height=\"600\" \/><\/a><p id=\"caption-attachment-114472\" class=\"wp-caption-text\">Foto: Divulga\u00e7\u00e3o<\/p><\/div>\n<p style=\"text-align: justify\"><span style=\"color: #000000\">Com dire\u00e7\u00e3o de Matheus Souza, o filme trata de relacionamentos modernos e tem como protagonistas Ana Caetano e Vit\u00f3ria Falc\u00e3o, tamb\u00e9m respons\u00e1veis pela trilha sonora. Unindo elementos da fic\u00e7\u00e3o e da vida real, o diretor apresenta um retrato descontra\u00eddo da juventude contempor\u00e2nea. No longa-metragem, as amigas se encontram em uma festa e, ap\u00f3s ouvir Vit\u00f3ria cantando, Ana oferece para gravarem uma m\u00fasica juntas. Nasce, assim, a dupla que faz um sucesso arrebatador e precisa aprender a lidar com f\u00e3s e fama, ao mesmo tempo em que cada uma est\u00e1 tentando encontrar quem realmente s\u00e3o.<\/span><\/p>\n<p style=\"text-align: justify\"><strong><span style=\"color: #000000\">Ana e Vit\u00f3ria<\/span><\/strong><\/p>\n<p style=\"text-align: justify\"><span style=\"color: #000000\">O qu\u00ea? Estreia do longa-metragem protagonizado pela dupla Anavit\u00f3ria, seguido de transmiss\u00e3o ao vivo de pocket show exclusivo.<\/span><\/p>\n<p style=\"text-align: justify\"><span style=\"color: #000000\">Quando? Quinta-feira, 2 de agosto, \u00e0s 21h30.<\/span><\/p>\n<p style=\"text-align: justify\"><span style=\"color: #000000\">Onde? Cinemark do Shopping Jardins \u2013 Avenida Ministro Geraldo Barreto Sobral, 215, bairro Jardins, Aracaju | SE.<\/span><\/p>\n<p style=\"text-align: justify\"><span style=\"color: #000000\">Quanto? R$ 20 (meia) e R$ 40 (inteira).<\/span><\/p>\n<p style=\"text-align: justify\"><span style=\"color: #000000\">Mais informa\u00e7\u00f5es? cinemark.com.br<\/span><\/p>\n<p>&nbsp;<\/p>\n<p><a href=\"https:\/\/senoticias.com.br\/se\/wp-content\/uploads\/2018\/07\/Logomarca-fone-SE-4-2-1-1.jpg\"><img loading=\"lazy\" decoding=\"async\" class=\"aligncenter wp-image-114026 size-full\" src=\"https:\/\/senoticias.com.br\/se\/wp-content\/uploads\/2018\/07\/Logomarca-fone-SE-4-2-1-1.jpg\" alt=\"\" width=\"599\" height=\"78\" srcset=\"https:\/\/senoticias.com.br\/se\/wp-content\/uploads\/2018\/07\/Logomarca-fone-SE-4-2-1-1.jpg 599w, https:\/\/senoticias.com.br\/se\/wp-content\/uploads\/2018\/07\/Logomarca-fone-SE-4-2-1-1-300x39.jpg 300w\" sizes=\"(max-width: 599px) 100vw, 599px\" \/><\/a><\/p>\n<p>Por Lotti Caldas<\/p>\n","protected":false},"excerpt":{"rendered":"<p>A com\u00e9dia rom\u00e2ntica inspirada na hist\u00f3ria da dupla musical Anavit\u00f3ria chega hoje \u00e0s salas de cinema de todo o Brasil e conta com sess\u00e3o especial no Cinemark do shopping localizado no bairro Jardins, em Aracaju (SE). Na estreia, o p\u00fablico poder\u00e1 assistir ao filme \u201cAna e Vit\u00f3ria\u201d \u00e0s 21h30 e, em seguida, curtir a transmiss\u00e3o [&hellip;]<\/p>\n","protected":false},"author":6553,"featured_media":0,"comment_status":"closed","ping_status":"closed","sticky":false,"template":"","format":"standard","meta":{"footnotes":""},"categories":[21],"tags":[10515,339,3366,10514,4528,7263,4058,223],"class_list":{"0":"post-114471","1":"post","2":"type-post","3":"status-publish","4":"format-standard","6":"category-entretenimento","7":"tag-ana-e-vitoria","8":"tag-aracaju","9":"tag-cinema","10":"tag-cinemark","11":"tag-filme","12":"tag-jardins","13":"tag-musica","14":"tag-sergipe"},"_links":{"self":[{"href":"https:\/\/senoticias.com.br\/se\/wp-json\/wp\/v2\/posts\/114471"}],"collection":[{"href":"https:\/\/senoticias.com.br\/se\/wp-json\/wp\/v2\/posts"}],"about":[{"href":"https:\/\/senoticias.com.br\/se\/wp-json\/wp\/v2\/types\/post"}],"author":[{"embeddable":true,"href":"https:\/\/senoticias.com.br\/se\/wp-json\/wp\/v2\/users\/6553"}],"replies":[{"embeddable":true,"href":"https:\/\/senoticias.com.br\/se\/wp-json\/wp\/v2\/comments?post=114471"}],"version-history":[{"count":0,"href":"https:\/\/senoticias.com.br\/se\/wp-json\/wp\/v2\/posts\/114471\/revisions"}],"wp:attachment":[{"href":"https:\/\/senoticias.com.br\/se\/wp-json\/wp\/v2\/media?parent=114471"}],"wp:term":[{"taxonomy":"category","embeddable":true,"href":"https:\/\/senoticias.com.br\/se\/wp-json\/wp\/v2\/categories?post=114471"},{"taxonomy":"post_tag","embeddable":true,"href":"https:\/\/senoticias.com.br\/se\/wp-json\/wp\/v2\/tags?post=114471"}],"curies":[{"name":"wp","href":"https:\/\/api.w.org\/{rel}","templated":true}]}}