{"id":114440,"date":"2018-07-31T19:18:03","date_gmt":"2018-07-31T22:18:03","guid":{"rendered":"https:\/\/senoticias.com.br\/se\/?p=114440"},"modified":"2018-07-31T19:45:25","modified_gmt":"2018-07-31T22:45:25","slug":"sao-cristovao-celebrara-8-ano-da-chancela-da-praca-sao-francisco","status":"publish","type":"post","link":"https:\/\/senoticias.com.br\/se\/sao-cristovao-celebrara-8-ano-da-chancela-da-praca-sao-francisco\/","title":{"rendered":"S\u00e3o Crist\u00f3v\u00e3o comemora 8\u00b0 ano da Chancela da Pra\u00e7a S\u00e3o Francisco"},"content":{"rendered":"<p style=\"text-align: justify;\">Acervo arquitet\u00f4nico da passagem de portugueses e espanh\u00f3is por Sergipe, a Pra\u00e7a S\u00e3o Francisco, na sede do munic\u00edpio de S\u00e3o Crist\u00f3v\u00e3o,\u00a0que fica a 25 km de Aracaju, \u00e9 reconhecida como Patrim\u00f4nio Cultural da Humanidade. O t\u00edtulo, entregue pela Organiza\u00e7\u00e3o das Na\u00e7\u00f5es Unidas para a Educa\u00e7\u00e3o, a Ci\u00eancia e a Cultura (UNESCO) h\u00e1 oito anos ser\u00e1 celebrado nesta dia 1\u00b0 de agosto, com programa\u00e7\u00e3o cultural organizada pelo Instituto do Patrim\u00f4nio Hist\u00f3rico e Art\u00edstico Nacional (Iphan), em parceria com a Prefeitura de S\u00e3o Crist\u00f3v\u00e3o e e Comit\u00ea Gestor da Pra\u00e7a S\u00e3o Francisco.<br \/>\n.<\/p>\n<div id=\"attachment_73721\" style=\"width: 609px\" class=\"wp-caption alignnone\"><a href=\"https:\/\/senoticias.com.br\/se\/wp-content\/uploads\/2014\/12\/grande-pracassaofrancisco_iphan_101214-e1493154966960.jpg\"><img loading=\"lazy\" decoding=\"async\" aria-describedby=\"caption-attachment-73721\" class=\"size-full wp-image-73721\" src=\"https:\/\/senoticias.com.br\/se\/wp-content\/uploads\/2014\/12\/grande-pracassaofrancisco_iphan_101214-e1493154966960.jpg\" alt=\"\" width=\"599\" height=\"398\" \/><\/a><p id=\"caption-attachment-73721\" class=\"wp-caption-text\">Pra\u00e7a S\u00e3o Francisco vai celebrar 8 anos de Patrim\u00f4nio Cultural da Humanidade (Foto: arquivo\/Iphan)<\/p><\/div>\n<p style=\"text-align: justify;\">A cidade de S\u00e3o Crist\u00f3v\u00e3o tem funda\u00e7\u00e3o entre o final do s\u00e9culo VI e in\u00edcio do s\u00e9culo XVII e foi sede da Capitania de Sergipe Del Rey at\u00e9 o ano de 1855, quando houve a transfer\u00eancia da capital para Aracaju. A Pra\u00e7a S\u00e3o Francisco, localizada no Centro Hist\u00f3rico da sede municipal, \u00e9 considerada uma das obras mais importantes do mundo e foi reconhecida pela UNESCO como Patrim\u00f4nio Mundial em 2010.<\/p>\n<p style=\"text-align: justify;\">Sua constru\u00e7\u00e3o ocorreu durante a Uni\u00e3o Ib\u00e9rica, momento em que Portugal e Espanha eram regidos por uma \u00fanica coroa. Nessa pra\u00e7a, est\u00e1 localizada a Igreja e Convento de S\u00e3o Francisco, a Igreja Santa Izabel, a Santa Casa de Miseric\u00f3rdia, o antigo Pal\u00e1cio Provincial e um conjunto de resid\u00eancias dos s\u00e9c. XVII e XIX.<\/p>\n<p style=\"text-align: justify;\">Programa\u00e7\u00e3o Oficial da Chancela de Patrim\u00f4nio Cultural da Humanidade<\/p>\n<p><strong>8h<\/strong> \u2013 Toca de sinos de todas as igrejas do Centro Hist\u00f3rico.<\/p>\n<p><strong>8h10<\/strong> &#8211; Missa na Igreja Santa Izabel (Pa\u00e7o Imperial).<\/p>\n<p><strong>9h<\/strong> \u2013 Reuni\u00e3o do Comit\u00ea na Igreja Santa Izabel (Pa\u00e7o Imperial). Pauta: Mobiliza\u00e7\u00e3o do comit\u00ea junto \u00e0 comunidade. Igreja Santa Izabel (Pa\u00e7o Imperial). Palestras: \u201cA Pra\u00e7a da Minha Aldeia\u201d: Historiciza\u00e7\u00e3o da Pra\u00e7a S\u00e3o Francisco por Thiago Fragata, Trabalho e Perspectivas: Comit\u00ea Gestor da Pra\u00e7a S\u00e3o Francisco bate-papo com Ma\u00edra Campos, O IPHAN e sua representatividade por Katarina Arag\u00e3o e Miriam Cazzetta e Paleta de Cores: o olhar do cidad\u00e3o palestra de J\u00fanior Mac\u00e1rio. Interven\u00e7\u00e3o art\u00edstica e intera\u00e7\u00e3o da comunidade.<\/p>\n<p><strong>10h30<\/strong> \u2013 Cortejo com Banda do Corpo de Bombeiros. Grupo folcl\u00f3rico e bolo comemorativo.<\/p>\n<p><strong>11h<\/strong> \u2013 Xir\u00ea \u2013 Axe Bamire Oba Fanide.<\/p>\n<p style=\"text-align: justify;\">Tarde. Visita guiada \u00e0s Igrejas e Museus, com mobiliza\u00e7\u00e3o do Estado e Munic\u00edpios.<\/p>\n<p style=\"text-align: justify;\"><strong>14h<\/strong> \u2013 Renantique \u2013 M\u00fasica medieval &amp; renancentista. Solenidade da Academia Sancristovense de Letras e Artes (ASCLEA) \u2013 Posse de novos membros e homenagem ao Prefeito Marcos Santana e Mestre Passos. Local: Museu de Arte Sacra de S\u00e3o Crist\u00f3v\u00e3o.<\/p>\n<p style=\"text-align: justify;\"><strong>15h<\/strong> &#8211; Exposi\u00e7\u00e3o Tra\u00e7os e Retratos \u2013 Artista Gladston Barroso. Local: Museu da Pol\u00edcia Militar.<\/p>\n<p style=\"text-align: justify;\">17h &#8211; 10\u00aa Mostra de Artes Visuais, com participa\u00e7\u00e3o de Dimas Concei\u00e7\u00e3o\u2013 Museu Hist\u00f3rico de Sergipe.<\/p>\n<p>&nbsp;<\/p>\n<p><a href=\"https:\/\/senoticias.com.br\/se\/wp-content\/uploads\/2018\/07\/Logomarca-fone-SE-4-2-1-1.jpg\"><img loading=\"lazy\" decoding=\"async\" class=\"alignnone size-full wp-image-114026\" src=\"https:\/\/senoticias.com.br\/se\/wp-content\/uploads\/2018\/07\/Logomarca-fone-SE-4-2-1-1.jpg\" alt=\"\" width=\"599\" height=\"78\" srcset=\"https:\/\/senoticias.com.br\/se\/wp-content\/uploads\/2018\/07\/Logomarca-fone-SE-4-2-1-1.jpg 599w, https:\/\/senoticias.com.br\/se\/wp-content\/uploads\/2018\/07\/Logomarca-fone-SE-4-2-1-1-300x39.jpg 300w\" sizes=\"(max-width: 599px) 100vw, 599px\" \/><\/a><\/p>\n<p style=\"text-align: justify;\"><em><strong>Acompanhe tamb\u00e9m o SE Not\u00edcias no<\/strong><span class=\"apple-converted-space\"><b>\u00a0<\/b><\/span><a href=\"https:\/\/twitter.com\/Senoticias\" target=\"_blank\" rel=\"noopener\"><b>Twitter<\/b><\/a><strong>,<\/strong><span class=\"apple-converted-space\"><b>\u00a0<\/b><\/span><a href=\"https:\/\/www.facebook.com\/senoticias1\" target=\"_blank\" rel=\"noopener\"><b>Facebook<\/b><span class=\"apple-converted-space\"><b>\u00a0<\/b><\/span><\/a><strong>e no<\/strong><span class=\"apple-converted-space\"><b>\u00a0<\/b><\/span><a href=\"https:\/\/www.instagram.com\/senoticias\/\" target=\"_blank\" rel=\"noopener\"><b>Instagram<\/b><\/a><\/em><\/p>\n<p><em>Com informa\u00e7\u00f5es da ascom\/PMSC<\/em><\/p>\n","protected":false},"excerpt":{"rendered":"<p>Acervo arquitet\u00f4nico da passagem de portugueses e espanh\u00f3is por Sergipe, a Pra\u00e7a S\u00e3o Francisco, na sede do munic\u00edpio de S\u00e3o Crist\u00f3v\u00e3o,\u00a0que fica a 25 km de Aracaju, \u00e9 reconhecida como Patrim\u00f4nio Cultural da Humanidade. O t\u00edtulo, entregue pela Organiza\u00e7\u00e3o das Na\u00e7\u00f5es Unidas para a Educa\u00e7\u00e3o, a Ci\u00eancia e a Cultura (UNESCO) h\u00e1 oito anos ser\u00e1 [&hellip;]<\/p>\n","protected":false},"author":6552,"featured_media":73721,"comment_status":"closed","ping_status":"closed","sticky":false,"template":"","format":"standard","meta":{"footnotes":""},"categories":[15,38],"tags":[10498,10499,10497,4901,335,10496],"class_list":{"0":"post-114440","1":"post","2":"type-post","3":"status-publish","4":"format-standard","5":"has-post-thumbnail","7":"category-destaques","8":"category-municipios","9":"tag-chancela-de-patrimonio-cultural-da-humanidade","10":"tag-comite-gestor-da-praca-sao-francisco","11":"tag-patrimonio-cultural-da-humanidade","12":"tag-praca-sao-francisco","13":"tag-sao-cristovao","14":"tag-unesco"},"_links":{"self":[{"href":"https:\/\/senoticias.com.br\/se\/wp-json\/wp\/v2\/posts\/114440"}],"collection":[{"href":"https:\/\/senoticias.com.br\/se\/wp-json\/wp\/v2\/posts"}],"about":[{"href":"https:\/\/senoticias.com.br\/se\/wp-json\/wp\/v2\/types\/post"}],"author":[{"embeddable":true,"href":"https:\/\/senoticias.com.br\/se\/wp-json\/wp\/v2\/users\/6552"}],"replies":[{"embeddable":true,"href":"https:\/\/senoticias.com.br\/se\/wp-json\/wp\/v2\/comments?post=114440"}],"version-history":[{"count":0,"href":"https:\/\/senoticias.com.br\/se\/wp-json\/wp\/v2\/posts\/114440\/revisions"}],"wp:featuredmedia":[{"embeddable":true,"href":"https:\/\/senoticias.com.br\/se\/wp-json\/wp\/v2\/media\/73721"}],"wp:attachment":[{"href":"https:\/\/senoticias.com.br\/se\/wp-json\/wp\/v2\/media?parent=114440"}],"wp:term":[{"taxonomy":"category","embeddable":true,"href":"https:\/\/senoticias.com.br\/se\/wp-json\/wp\/v2\/categories?post=114440"},{"taxonomy":"post_tag","embeddable":true,"href":"https:\/\/senoticias.com.br\/se\/wp-json\/wp\/v2\/tags?post=114440"}],"curies":[{"name":"wp","href":"https:\/\/api.w.org\/{rel}","templated":true}]}}