{"id":114434,"date":"2018-07-31T15:42:26","date_gmt":"2018-07-31T18:42:26","guid":{"rendered":"https:\/\/senoticias.com.br\/se\/?p=114434"},"modified":"2018-07-31T16:34:02","modified_gmt":"2018-07-31T19:34:02","slug":"movimento-muda-sertao-realiza-forum-de-turismo-sergipano","status":"publish","type":"post","link":"https:\/\/senoticias.com.br\/se\/movimento-muda-sertao-realiza-forum-de-turismo-sergipano\/","title":{"rendered":"Movimento Muda Sert\u00e3o realiza f\u00f3rum de turismo sergipano"},"content":{"rendered":"<p style=\"text-align: justify\"><span style=\"color: #000000\">No dia 02 de agosto, em Nossa Senhora da Gl\u00f3ria &#8211; a capital do Sert\u00e3o &#8211; , acontecer\u00e1 o I F\u00f3rum de Turismo, como parte das a\u00e7\u00f5es da Agenda 2030, promovido pelo Movimento Muda Sert\u00e3o, do Programa L\u00edder do Sebrae.<\/span><\/p>\n<div id=\"attachment_114435\" style=\"width: 610px\" class=\"wp-caption aligncenter\"><a href=\"https:\/\/senoticias.com.br\/se\/wp-content\/uploads\/2018\/07\/convite-SENOTICIAS-e1533062421439.jpeg\"><img loading=\"lazy\" decoding=\"async\" aria-describedby=\"caption-attachment-114435\" class=\"wp-image-114435 size-full\" src=\"https:\/\/senoticias.com.br\/se\/wp-content\/uploads\/2018\/07\/convite-SENOTICIAS-e1533062421439.jpeg\" alt=\"\" width=\"600\" height=\"414\" \/><\/a><p id=\"caption-attachment-114435\" class=\"wp-caption-text\">Arte: divulga\u00e7\u00e3o<\/p><\/div>\n<p style=\"text-align: justify\"><span style=\"color: #000000\">O F\u00f3rum acontecer\u00e1 no per\u00edodo da manh\u00e3, das 08h \u00e0s 12h30min. A partir das 14h ter\u00e1 reuni\u00e3o com os L\u00edderes. Pauta: Defini\u00e7\u00e3o do modelo de institucionaliza\u00e7\u00e3o; Agenda Sert\u00e3o 2030 (Continuidade das a\u00e7\u00f5es); Festival de Inverno do Alto Sert\u00e3o; Participa\u00e7\u00e3o na Semana Cultural da Festa do Vaqueiro de Porto da Folha.<\/span><\/p>\n<p style=\"text-align: justify\"><span style=\"color: #000000\">O Grupo de Igni\u00e7\u00e3o e os demais l\u00edderes mobilizar\u00e3o os gestores dos munic\u00edpios que comp\u00f5e o Alto Sert\u00e3o, e prefeitos de outras cidades (participantes ou n\u00e3o do L\u00edder). Assim como, representantes dos Poderes Legislativos municipais, secret\u00e1rios de Turismo e Cultura (Departamentos); ag\u00eancias de turismo, donos de restaurantes e pousadas, Associa\u00e7\u00f5es de Artes\u00e3os (ou artes\u00e3os individuais) e grupos culturais etc.<\/span><\/p>\n<p style=\"text-align: justify\"><span style=\"color: #000000\">O evento contar\u00e1 com o apoio do Sebrae Sergipe e das prefeituras engajadas no programa.<\/span><\/p>\n<p>&nbsp;<\/p>\n<p><a href=\"https:\/\/senoticias.com.br\/se\/wp-content\/uploads\/2018\/07\/Logomarca-fone-SE-4-2-1-1.jpg\"><img loading=\"lazy\" decoding=\"async\" class=\"aligncenter wp-image-114026 size-full\" src=\"https:\/\/senoticias.com.br\/se\/wp-content\/uploads\/2018\/07\/Logomarca-fone-SE-4-2-1-1.jpg\" alt=\"\" width=\"599\" height=\"78\" srcset=\"https:\/\/senoticias.com.br\/se\/wp-content\/uploads\/2018\/07\/Logomarca-fone-SE-4-2-1-1.jpg 599w, https:\/\/senoticias.com.br\/se\/wp-content\/uploads\/2018\/07\/Logomarca-fone-SE-4-2-1-1-300x39.jpg 300w\" sizes=\"(max-width: 599px) 100vw, 599px\" \/><\/a><\/p>\n<p><em><strong>Acompanhe tamb\u00e9m o SE Not\u00edcias no<\/strong><span class=\"apple-converted-space\"><b>\u00a0<\/b><\/span><a href=\"https:\/\/twitter.com\/Senoticias\" target=\"_blank\" rel=\"noopener\"><b>Twitter<\/b><\/a><strong>,<\/strong><span class=\"apple-converted-space\"><b>\u00a0<\/b><\/span><a href=\"https:\/\/www.facebook.com\/senoticias1\" target=\"_blank\" rel=\"noopener\"><b>Facebook<\/b><span class=\"apple-converted-space\"><b>\u00a0<\/b><\/span><\/a><strong>e no<\/strong><span class=\"apple-converted-space\"><b>\u00a0<\/b><\/span><a href=\"https:\/\/www.instagram.com\/senoticias\/\" target=\"_blank\" rel=\"noopener\"><b>Instagram<\/b><\/a><\/em><\/p>\n<p>Fonte: divulga\u00e7\u00e3o do evento<\/p>\n","protected":false},"excerpt":{"rendered":"<p>No dia 02 de agosto, em Nossa Senhora da Gl\u00f3ria &#8211; a capital do Sert\u00e3o &#8211; , acontecer\u00e1 o I F\u00f3rum de Turismo, como parte das a\u00e7\u00f5es da Agenda 2030, promovido pelo Movimento Muda Sert\u00e3o, do Programa L\u00edder do Sebrae. O F\u00f3rum acontecer\u00e1 no per\u00edodo da manh\u00e3, das 08h \u00e0s 12h30min. A partir das 14h [&hellip;]<\/p>\n","protected":false},"author":6553,"featured_media":0,"comment_status":"closed","ping_status":"closed","sticky":false,"template":"","format":"standard","meta":{"footnotes":""},"categories":[21],"tags":[3126,5360,3451,223,5710,3705],"class_list":{"0":"post-114434","1":"post","2":"type-post","3":"status-publish","4":"format-standard","6":"category-entretenimento","7":"tag-evento","8":"tag-gloria","9":"tag-sebrae","10":"tag-sergipe","11":"tag-sertao","12":"tag-turismo"},"_links":{"self":[{"href":"https:\/\/senoticias.com.br\/se\/wp-json\/wp\/v2\/posts\/114434"}],"collection":[{"href":"https:\/\/senoticias.com.br\/se\/wp-json\/wp\/v2\/posts"}],"about":[{"href":"https:\/\/senoticias.com.br\/se\/wp-json\/wp\/v2\/types\/post"}],"author":[{"embeddable":true,"href":"https:\/\/senoticias.com.br\/se\/wp-json\/wp\/v2\/users\/6553"}],"replies":[{"embeddable":true,"href":"https:\/\/senoticias.com.br\/se\/wp-json\/wp\/v2\/comments?post=114434"}],"version-history":[{"count":0,"href":"https:\/\/senoticias.com.br\/se\/wp-json\/wp\/v2\/posts\/114434\/revisions"}],"wp:attachment":[{"href":"https:\/\/senoticias.com.br\/se\/wp-json\/wp\/v2\/media?parent=114434"}],"wp:term":[{"taxonomy":"category","embeddable":true,"href":"https:\/\/senoticias.com.br\/se\/wp-json\/wp\/v2\/categories?post=114434"},{"taxonomy":"post_tag","embeddable":true,"href":"https:\/\/senoticias.com.br\/se\/wp-json\/wp\/v2\/tags?post=114434"}],"curies":[{"name":"wp","href":"https:\/\/api.w.org\/{rel}","templated":true}]}}