{"id":114400,"date":"2018-07-30T13:53:25","date_gmt":"2018-07-30T16:53:25","guid":{"rendered":"https:\/\/senoticias.com.br\/se\/?p=114400"},"modified":"2018-07-30T16:44:40","modified_gmt":"2018-07-30T19:44:40","slug":"socorro-inicia-campanha-de-vacinacao-contra-poliomielite-e-o-sarampo-na-proxima-segunda-feira-06","status":"publish","type":"post","link":"https:\/\/senoticias.com.br\/se\/socorro-inicia-campanha-de-vacinacao-contra-poliomielite-e-o-sarampo-na-proxima-segunda-feira-06\/","title":{"rendered":"Socorro inicia Campanha de Vacina\u00e7\u00e3o contra Poliomielite e o Sarampo na pr\u00f3xima segunda-feira, 06"},"content":{"rendered":"<p style=\"text-align: justify\"><span style=\"color: #000000\">A preven\u00e7\u00e3o \u00e9 a melhor arma para evitar as in\u00fameras doen\u00e7as que permeiam em todo o mundo. Por isso, o Minist\u00e9rio da Sa\u00fade, juntamente com a Prefeitura de Nossa Senhora do Socorro e todas as Secretarias Estaduais e Municipais de Sa\u00fade do pa\u00eds, realizar\u00e1 no per\u00edodo de 06 a 31 de agosto de 2018, a Campanha Nacional de Vacina\u00e7\u00e3o contra a Poliomielite e contra o Sarampo, sendo 18 de agosto o dia da mobiliza\u00e7\u00e3o nacional.<\/span><\/p>\n<div id=\"attachment_114401\" style=\"width: 609px\" class=\"wp-caption aligncenter\"><a href=\"https:\/\/senoticias.com.br\/se\/wp-content\/uploads\/2018\/07\/campanha-de-vacina\u00e7\u00e3o-SENOTICIAS-e1532969427944.jpeg\"><img loading=\"lazy\" decoding=\"async\" aria-describedby=\"caption-attachment-114401\" class=\"wp-image-114401 size-full\" src=\"https:\/\/senoticias.com.br\/se\/wp-content\/uploads\/2018\/07\/campanha-de-vacina\u00e7\u00e3o-SENOTICIAS-e1532969427944.jpeg\" alt=\"\" width=\"599\" height=\"401\" \/><\/a><p id=\"caption-attachment-114401\" class=\"wp-caption-text\">Arte: ANSocorro<\/p><\/div>\n<p style=\"text-align: justify\"><span style=\"color: #000000\">Com meta preconizada pelo Minist\u00e9rio da Sa\u00fade de atingir 95% do p\u00fablico-alvo, sendo eles crian\u00e7as de um (01) at\u00e9 quatro (04) anos onze meses (11) e 29 dias, o munic\u00edpio de Nossa Senhora do Socorro conta com 11.713 crian\u00e7as dentro desta faixa et\u00e1ria. De acordo com a gerente de imuniza\u00e7\u00e3o do munic\u00edpio, Maysa Vieira, a crian\u00e7a precisa tomar a vacina independentemente da sua condi\u00e7\u00e3o vacinal e refor\u00e7a que a campanha n\u00e3o \u00e9 voltada para os adultos. \u201cEssa campanha n\u00e3o \u00e9 voltada para os adultos, at\u00e9 porque essas vacinas j\u00e1 est\u00e3o dispon\u00edveis nas salas de vacina\u00e7\u00e3o para que adultos tomem como rotina no seu dia a dia, ent\u00e3o os adultos de at\u00e9 29 anos podem tomar duas doses com intervalo de 30 dias e os acima de 29 at\u00e9 40 anos, uma \u00fanica dose que \u00e9 a vacina da tr\u00edplice viral. As pessoas acima de 49 n\u00e3o tomam\u201d, esclareceu a gerente de imuniza\u00e7\u00e3o.<\/span><\/p>\n<p style=\"text-align: justify\"><span style=\"color: #000000\">Apesar da poliomielite ter sido erradicada do Brasil, essas doen\u00e7as podem causar consequ\u00eancias graves, inclusive levar ao \u00f3bito. \u201cA import\u00e2ncia maior \u00e9 a prote\u00e7\u00e3o para que elas n\u00e3o desenvolvam essas doen\u00e7as, doen\u00e7as que estavam erradicadas no Brasil. A poliomielite ainda se encontra erradicada, por\u00e9m de sarampo foram identificados casos importados de outros pa\u00edses e pessoas que n\u00e3o est\u00e3o protegidas, por n\u00e3o estarem com suas vacinas em dia, podem adquirir e desenvolver essas doen\u00e7as. Como qualquer doen\u00e7a viral, \u00e9 de f\u00e1cil dissemina\u00e7\u00e3o, ent\u00e3o \u00e9 muito importante que todos estejam vacinados para que essas doen\u00e7as n\u00e3o ressurjam\u201d, disse Maysa.<\/span><\/p>\n<p style=\"text-align: justify\"><span style=\"color: #000000\">Em Socorro, as vacinas estar\u00e3o dispon\u00edveis em todas as Unidades B\u00e1sicas de Sa\u00fade (UBS) a partir da pr\u00f3xima segunda-feira, 06, exceto no dia 18 de agosto, quando acontece o Dia \u201cD\u201d de Vacina\u00e7\u00e3o e uma grande mobiliza\u00e7\u00e3o ser\u00e1 realizada em todo munic\u00edpio.<\/span><\/p>\n<p>&nbsp;<\/p>\n<p>&nbsp;<\/p>\n<p><a href=\"https:\/\/senoticias.com.br\/se\/wp-content\/uploads\/2018\/07\/Logomarca-fone-SE-4-2-1-1.jpg\"><img loading=\"lazy\" decoding=\"async\" class=\"aligncenter wp-image-114026 size-full\" src=\"https:\/\/senoticias.com.br\/se\/wp-content\/uploads\/2018\/07\/Logomarca-fone-SE-4-2-1-1.jpg\" alt=\"\" width=\"599\" height=\"78\" srcset=\"https:\/\/senoticias.com.br\/se\/wp-content\/uploads\/2018\/07\/Logomarca-fone-SE-4-2-1-1.jpg 599w, https:\/\/senoticias.com.br\/se\/wp-content\/uploads\/2018\/07\/Logomarca-fone-SE-4-2-1-1-300x39.jpg 300w\" sizes=\"(max-width: 599px) 100vw, 599px\" \/><\/a><\/p>\n<p>&nbsp;<\/p>\n<p><em><strong>Acompanhe tamb\u00e9m o SE Not\u00edcias no<\/strong><span class=\"apple-converted-space\"><b>\u00a0<\/b><\/span><a href=\"https:\/\/twitter.com\/Senoticias\" target=\"_blank\" rel=\"noopener\"><b>Twitter<\/b><\/a><strong>,<\/strong><span class=\"apple-converted-space\"><b>\u00a0<\/b><\/span><a href=\"https:\/\/www.facebook.com\/senoticias1\" target=\"_blank\" rel=\"noopener\"><b>Facebook<\/b><span class=\"apple-converted-space\"><b>\u00a0<\/b><\/span><\/a><strong>e no<\/strong><span class=\"apple-converted-space\"><b>\u00a0<\/b><\/span><a href=\"https:\/\/www.instagram.com\/senoticias\/\" target=\"_blank\" rel=\"noopener\"><b>Instagram<\/b><\/a><\/em><\/p>\n<p>Por ANSocorro<\/p>\n<p>&nbsp;<\/p>\n","protected":false},"excerpt":{"rendered":"<p>A preven\u00e7\u00e3o \u00e9 a melhor arma para evitar as in\u00fameras doen\u00e7as que permeiam em todo o mundo. Por isso, o Minist\u00e9rio da Sa\u00fade, juntamente com a Prefeitura de Nossa Senhora do Socorro e todas as Secretarias Estaduais e Municipais de Sa\u00fade do pa\u00eds, realizar\u00e1 no per\u00edodo de 06 a 31 de agosto de 2018, a [&hellip;]<\/p>\n","protected":false},"author":6553,"featured_media":0,"comment_status":"closed","ping_status":"closed","sticky":false,"template":"","format":"standard","meta":{"footnotes":""},"categories":[2961],"tags":[339,3065,10483,10379,223,2746,554],"class_list":{"0":"post-114400","1":"post","2":"type-post","3":"status-publish","4":"format-standard","6":"category-nacional","7":"tag-aracaju","8":"tag-campanha","9":"tag-polio","10":"tag-sarampo","11":"tag-sergipe","12":"tag-socorro","13":"tag-vacina"},"_links":{"self":[{"href":"https:\/\/senoticias.com.br\/se\/wp-json\/wp\/v2\/posts\/114400"}],"collection":[{"href":"https:\/\/senoticias.com.br\/se\/wp-json\/wp\/v2\/posts"}],"about":[{"href":"https:\/\/senoticias.com.br\/se\/wp-json\/wp\/v2\/types\/post"}],"author":[{"embeddable":true,"href":"https:\/\/senoticias.com.br\/se\/wp-json\/wp\/v2\/users\/6553"}],"replies":[{"embeddable":true,"href":"https:\/\/senoticias.com.br\/se\/wp-json\/wp\/v2\/comments?post=114400"}],"version-history":[{"count":0,"href":"https:\/\/senoticias.com.br\/se\/wp-json\/wp\/v2\/posts\/114400\/revisions"}],"wp:attachment":[{"href":"https:\/\/senoticias.com.br\/se\/wp-json\/wp\/v2\/media?parent=114400"}],"wp:term":[{"taxonomy":"category","embeddable":true,"href":"https:\/\/senoticias.com.br\/se\/wp-json\/wp\/v2\/categories?post=114400"},{"taxonomy":"post_tag","embeddable":true,"href":"https:\/\/senoticias.com.br\/se\/wp-json\/wp\/v2\/tags?post=114400"}],"curies":[{"name":"wp","href":"https:\/\/api.w.org\/{rel}","templated":true}]}}