{"id":114396,"date":"2018-07-30T07:06:13","date_gmt":"2018-07-30T10:06:13","guid":{"rendered":"https:\/\/senoticias.com.br\/se\/?p=114396"},"modified":"2018-07-30T07:12:31","modified_gmt":"2018-07-30T10:12:31","slug":"pt-realiza-encontro-indica-candidatos-e-oficializa-apoio-a-belivaldo-chagas","status":"publish","type":"post","link":"https:\/\/senoticias.com.br\/se\/pt-realiza-encontro-indica-candidatos-e-oficializa-apoio-a-belivaldo-chagas\/","title":{"rendered":"PT realiza encontro, indica candidatos e oficializa apoio a Belivaldo Chagas"},"content":{"rendered":"<div id=\"attachment_114397\" style=\"width: 260px\" class=\"wp-caption alignright\"><a href=\"https:\/\/senoticias.com.br\/se\/wp-content\/uploads\/2018\/07\/ptapoia-250x250.jpg\"><img loading=\"lazy\" decoding=\"async\" aria-describedby=\"caption-attachment-114397\" class=\"size-full wp-image-114397\" src=\"https:\/\/senoticias.com.br\/se\/wp-content\/uploads\/2018\/07\/ptapoia-250x250.jpg\" alt=\"\" width=\"250\" height=\"250\" srcset=\"https:\/\/senoticias.com.br\/se\/wp-content\/uploads\/2018\/07\/ptapoia-250x250.jpg 250w, https:\/\/senoticias.com.br\/se\/wp-content\/uploads\/2018\/07\/ptapoia-250x250-150x150.jpg 150w\" sizes=\"(max-width: 250px) 100vw, 250px\" \/><\/a><p id=\"caption-attachment-114397\" class=\"wp-caption-text\">PT realiza encontro (foto: ascom)<\/p><\/div>\n<p style=\"text-align: justify;\">No Encontro Estadual de Estrat\u00e9gia, T\u00e1tica e de Defini\u00e7\u00f5es do PT, realizado neste domingo (29), na sede do Esporte Clube Cotinguiba, foram confirmadas as candidaturas de Rog\u00e9rio Carvalho ao Senado e Eliane Aquino a vice-governadora na chapa majorit\u00e1ria que tem como pr\u00e9-candidato \u00e0 reelei\u00e7\u00e3o o governador Belivaldo Chagas (PSB).<\/p>\n<p style=\"text-align: justify;\">O PT confirmou ainda as candidaturas a deputado federal de alguns, como o de M\u00e1rcio Macedo, Jo\u00e3o Daniel e Professora \u00c2ngela. Como candidatos a deputado estadual o ex-secret\u00e1rio da Agricultura, Esmeraldo Leal, Caducha, Francisco Gualberto e Ta\u00edres.<\/p>\n<p style=\"text-align: justify;\">Segundo informa\u00e7\u00e3o da assessoria do PT, \u201cneste encontro, ficaram definidas a unidade e a relev\u00e2ncia do Partido dos Trabalhadores no processo eleitoral de 2018. A popula\u00e7\u00e3o estava \u00e0 espera dessas defini\u00e7\u00f5es que vieram numa converg\u00eancia de ideologia onde o PT se consolida como o partido que mais fez e tem projeto consolidado para fazer mais pela popula\u00e7\u00e3o, especialmente \u00e0queles menos favorecidos\u201d.<\/p>\n<p style=\"text-align: justify;\">A assessoria diz ainda que \u201co PT apoia a candidatura de Belivaldo Chagas a governo do Estado porque entende que ele defende tamb\u00e9m a candidatura do presidente Lula \u00e0 presid\u00eancia do Brasil. E assim consolidamos um projeto que come\u00e7ou com Marcelo D\u00e9da, que teve a for\u00e7a e dedica\u00e7\u00e3o de Jos\u00e9 Eduardo Dutra e que hoje tem mais protagonistas que precisam da confian\u00e7a do povo para fazer Sergipe feliz de novo\u201d.<\/p>\n<p style=\"text-align: justify;\">E conclui: \u201co Partido dos Trabalhadores \u00e9 o \u00fanico que tem legitimidade popular e que mostra a partir deste Encontro que tem a unidade que Sergipe precisa para continuar a investir em programas sociais que melhoram a vida das pessoas\u201d.<\/p>\n<p>&nbsp;<\/p>\n<p><em><strong>Acompanhe tamb\u00e9m o SE Not\u00edcias no<\/strong><span class=\"apple-converted-space\"><b>\u00a0<\/b><\/span><a href=\"https:\/\/twitter.com\/Senoticias\" target=\"_blank\" rel=\"noopener\"><b>Twitter<\/b><\/a><strong>,<\/strong><span class=\"apple-converted-space\"><b>\u00a0<\/b><\/span><a href=\"https:\/\/www.facebook.com\/senoticias1\" target=\"_blank\" rel=\"noopener\"><b>Facebook<\/b><span class=\"apple-converted-space\"><b>\u00a0<\/b><\/span><\/a><strong>e no<\/strong><span class=\"apple-converted-space\"><b>\u00a0<\/b><\/span><a href=\"https:\/\/www.instagram.com\/senoticias\/\" target=\"_blank\" rel=\"noopener\"><b>Instagram<\/b><\/a><\/em><\/p>\n<p>&nbsp;<\/p>\n<p><a href=\"https:\/\/senoticias.com.br\/se\/wp-content\/uploads\/2018\/07\/Logomarca-fone-SE-4-2-1-1.jpg\"><img loading=\"lazy\" decoding=\"async\" class=\"aligncenter size-full wp-image-114026\" src=\"https:\/\/senoticias.com.br\/se\/wp-content\/uploads\/2018\/07\/Logomarca-fone-SE-4-2-1-1.jpg\" alt=\"\" width=\"599\" height=\"78\" srcset=\"https:\/\/senoticias.com.br\/se\/wp-content\/uploads\/2018\/07\/Logomarca-fone-SE-4-2-1-1.jpg 599w, https:\/\/senoticias.com.br\/se\/wp-content\/uploads\/2018\/07\/Logomarca-fone-SE-4-2-1-1-300x39.jpg 300w\" sizes=\"(max-width: 599px) 100vw, 599px\" \/><\/a><\/p>\n<p>&nbsp;<\/p>\n<p><em>Da Assessoria de Comunica\u00e7\u00e3o PT<\/em><\/p>\n<p>&nbsp;<\/p>\n","protected":false},"excerpt":{"rendered":"<p>No Encontro Estadual de Estrat\u00e9gia, T\u00e1tica e de Defini\u00e7\u00f5es do PT, realizado neste domingo (29), na sede do Esporte Clube Cotinguiba, foram confirmadas as candidaturas de Rog\u00e9rio Carvalho ao Senado e Eliane Aquino a vice-governadora na chapa majorit\u00e1ria que tem como pr\u00e9-candidato \u00e0 reelei\u00e7\u00e3o o governador Belivaldo Chagas (PSB). O PT confirmou ainda as candidaturas [&hellip;]<\/p>\n","protected":false},"author":6552,"featured_media":0,"comment_status":"closed","ping_status":"closed","sticky":false,"template":"","format":"standard","meta":{"footnotes":""},"categories":[6,1],"tags":[2720,10482],"class_list":{"0":"post-114396","1":"post","2":"type-post","3":"status-publish","4":"format-standard","6":"category-politica","7":"category-sem-categoria","8":"tag-eleicoes-2018","9":"tag-pt-sergipe"},"_links":{"self":[{"href":"https:\/\/senoticias.com.br\/se\/wp-json\/wp\/v2\/posts\/114396"}],"collection":[{"href":"https:\/\/senoticias.com.br\/se\/wp-json\/wp\/v2\/posts"}],"about":[{"href":"https:\/\/senoticias.com.br\/se\/wp-json\/wp\/v2\/types\/post"}],"author":[{"embeddable":true,"href":"https:\/\/senoticias.com.br\/se\/wp-json\/wp\/v2\/users\/6552"}],"replies":[{"embeddable":true,"href":"https:\/\/senoticias.com.br\/se\/wp-json\/wp\/v2\/comments?post=114396"}],"version-history":[{"count":0,"href":"https:\/\/senoticias.com.br\/se\/wp-json\/wp\/v2\/posts\/114396\/revisions"}],"wp:attachment":[{"href":"https:\/\/senoticias.com.br\/se\/wp-json\/wp\/v2\/media?parent=114396"}],"wp:term":[{"taxonomy":"category","embeddable":true,"href":"https:\/\/senoticias.com.br\/se\/wp-json\/wp\/v2\/categories?post=114396"},{"taxonomy":"post_tag","embeddable":true,"href":"https:\/\/senoticias.com.br\/se\/wp-json\/wp\/v2\/tags?post=114396"}],"curies":[{"name":"wp","href":"https:\/\/api.w.org\/{rel}","templated":true}]}}