{"id":114390,"date":"2018-07-29T20:25:34","date_gmt":"2018-07-29T23:25:34","guid":{"rendered":"https:\/\/senoticias.com.br\/se\/?p=114390"},"modified":"2018-07-29T21:23:17","modified_gmt":"2018-07-30T00:23:17","slug":"batida-entre-carros-deixa-tres-mortos-e-feridos-no-interior-de-sergipe","status":"publish","type":"post","link":"https:\/\/senoticias.com.br\/se\/batida-entre-carros-deixa-tres-mortos-e-feridos-no-interior-de-sergipe\/","title":{"rendered":"Batida entre carros deixa tr\u00eas mortos e feridos no interior de Sergipe"},"content":{"rendered":"<p style=\"text-align: justify;\">Uma grave acidente envolvendo dois carros deixou pelo menos tr\u00eas mortos e sete feridos por volta das 14h deste domingo (29), na rodovia SE-335, pr\u00f3ximo ao Povoado Tatu, em Japoat\u00e3, distante 91 Km de Aracaju. Um dos ve\u00edculos pegou fogo fora da pista.<\/p>\n<div id=\"attachment_114395\" style=\"width: 609px\" class=\"wp-caption aligncenter\"><a href=\"https:\/\/senoticias.com.br\/se\/wp-content\/uploads\/2018\/07\/Foto-neopolis-SE-Noticias-e1532909568426.png\"><img loading=\"lazy\" decoding=\"async\" aria-describedby=\"caption-attachment-114395\" class=\"size-full wp-image-114395\" src=\"https:\/\/senoticias.com.br\/se\/wp-content\/uploads\/2018\/07\/Foto-neopolis-SE-Noticias-e1532909568426.png\" alt=\"\" width=\"599\" height=\"752\" \/><\/a><p id=\"caption-attachment-114395\" class=\"wp-caption-text\">Um dos ve\u00edculos envolvidos no acidente pegou fogo fora da pista. (Foto: redes sociais)<\/p><\/div>\n<p><strong>Nota do Samu<\/strong><\/p>\n<p style=\"text-align: justify;\">A Central de Regula\u00e7\u00e3o de Urg\u00eancia (CRU) foi acionada por volta das 14h02 deste domingo, 29, para o atendimento a v\u00edtimas de uma colis\u00e3o envolvendo uma <strong>S10 e um Corsa sedan<\/strong>, na rodovia SE-335, nas proximidades do povoado Tatu, em Japoat\u00e3. Foi encaminhado para o local duas Unidades de Suporte B\u00e1sico (USB) e tamb\u00e9m foi solicitado o apoio do Corpo de Bombeiros. Ao chegar no local do acidente, a equipe foi informada sobre sete v\u00edtimas, por\u00e9m tr\u00eas j\u00e1 haviam sido retiradas do local.<\/p>\n<p><strong>*3 V\u00edtimas Pretas:*<\/strong><\/p>\n<p>V\u00edtima do sexo masculino, encontrada carbonizada;<\/p>\n<p>V\u00edtima do sexo feminino, encontrada carbonizada;<\/p>\n<p>V\u00edtima do sexo masculino, ejetada do ve\u00edculo.<\/p>\n<p><strong>*3 V\u00edtimas Verdes:*<\/strong><\/p>\n<p>R.O.B, masculino, 29 anos, consciente, apresentando escoria\u00e7\u00f5es em membro superior direito.<br \/>\nRecusou remo\u00e7\u00e3o.<\/p>\n<p style=\"text-align: justify;\">E.O, masculino, 91 anos, consciente, apresentando les\u00f5es cortantes nas m\u00e3os.<br \/>\nEncaminhada para o Hospital regional de Propri\u00e1<\/p>\n<p style=\"text-align: justify;\">A.M.O.B, feminino, 61 anos, consciente, apresentando escoria\u00e7\u00f5es. Encaminhada para o Hospital Regional de Propri\u00e1.<\/p>\n<p><strong>*1 V\u00edtima Amarela:*<\/strong><\/p>\n<p style=\"text-align: justify;\">R.A.O, feminino, 89 anos, consciente, com les\u00f5es corto contusas em clav\u00edcula e joelho. Encaminhada para o Hospital Primavera.<\/p>\n<p>&nbsp;<\/p>\n<p><em>Reda\u00e7\u00e3o SE Not\u00edcias<\/em><\/p>\n<p>&nbsp;<\/p>\n<p>&nbsp;<\/p>\n<p><a href=\"https:\/\/senoticias.com.br\/se\/wp-content\/uploads\/2018\/07\/Logomarca-fone-SE-4-2-1-1.jpg\"><img loading=\"lazy\" decoding=\"async\" class=\"aligncenter size-full wp-image-114026\" src=\"https:\/\/senoticias.com.br\/se\/wp-content\/uploads\/2018\/07\/Logomarca-fone-SE-4-2-1-1.jpg\" alt=\"\" width=\"599\" height=\"78\" srcset=\"https:\/\/senoticias.com.br\/se\/wp-content\/uploads\/2018\/07\/Logomarca-fone-SE-4-2-1-1.jpg 599w, https:\/\/senoticias.com.br\/se\/wp-content\/uploads\/2018\/07\/Logomarca-fone-SE-4-2-1-1-300x39.jpg 300w\" sizes=\"(max-width: 599px) 100vw, 599px\" \/><\/a><\/p>\n<p>&nbsp;<\/p>\n<p>&nbsp;<\/p>\n<p>&nbsp;<\/p>\n<p><em><strong>Acompanhe tamb\u00e9m o SE Not\u00edcias no<\/strong><span class=\"apple-converted-space\"><b>\u00a0<\/b><\/span><a href=\"https:\/\/twitter.com\/Senoticias\" target=\"_blank\" rel=\"noopener\"><b>Twitter<\/b><\/a><strong>,<\/strong><span class=\"apple-converted-space\"><b>\u00a0<\/b><\/span><a href=\"https:\/\/www.facebook.com\/senoticias1\" target=\"_blank\" rel=\"noopener\"><b>Facebook<\/b><span class=\"apple-converted-space\"><b>\u00a0<\/b><\/span><\/a><strong>e no<\/strong><span class=\"apple-converted-space\"><b>\u00a0<\/b><\/span><a href=\"https:\/\/www.instagram.com\/senoticias\/\" target=\"_blank\" rel=\"noopener\"><b>Instagram<\/b><\/a><\/em><\/p>\n<p>&nbsp;<\/p>\n<p>&nbsp;<\/p>\n<p>&nbsp;<\/p>\n","protected":false},"excerpt":{"rendered":"<p>Uma grave acidente envolvendo dois carros deixou pelo menos tr\u00eas mortos e sete feridos por volta das 14h deste domingo (29), na rodovia SE-335, pr\u00f3ximo ao Povoado Tatu, em Japoat\u00e3, distante 91 Km de Aracaju. Um dos ve\u00edculos pegou fogo fora da pista. Nota do Samu A Central de Regula\u00e7\u00e3o de Urg\u00eancia (CRU) foi acionada [&hellip;]<\/p>\n","protected":false},"author":6552,"featured_media":114395,"comment_status":"closed","ping_status":"closed","sticky":false,"template":"","format":"standard","meta":{"footnotes":""},"categories":[15],"tags":[10480,10481],"class_list":{"0":"post-114390","1":"post","2":"type-post","3":"status-publish","4":"format-standard","5":"has-post-thumbnail","7":"category-destaques","8":"tag-acidente-em-neopolis","9":"tag-tres-pessoas-mortas"},"_links":{"self":[{"href":"https:\/\/senoticias.com.br\/se\/wp-json\/wp\/v2\/posts\/114390"}],"collection":[{"href":"https:\/\/senoticias.com.br\/se\/wp-json\/wp\/v2\/posts"}],"about":[{"href":"https:\/\/senoticias.com.br\/se\/wp-json\/wp\/v2\/types\/post"}],"author":[{"embeddable":true,"href":"https:\/\/senoticias.com.br\/se\/wp-json\/wp\/v2\/users\/6552"}],"replies":[{"embeddable":true,"href":"https:\/\/senoticias.com.br\/se\/wp-json\/wp\/v2\/comments?post=114390"}],"version-history":[{"count":0,"href":"https:\/\/senoticias.com.br\/se\/wp-json\/wp\/v2\/posts\/114390\/revisions"}],"wp:featuredmedia":[{"embeddable":true,"href":"https:\/\/senoticias.com.br\/se\/wp-json\/wp\/v2\/media\/114395"}],"wp:attachment":[{"href":"https:\/\/senoticias.com.br\/se\/wp-json\/wp\/v2\/media?parent=114390"}],"wp:term":[{"taxonomy":"category","embeddable":true,"href":"https:\/\/senoticias.com.br\/se\/wp-json\/wp\/v2\/categories?post=114390"},{"taxonomy":"post_tag","embeddable":true,"href":"https:\/\/senoticias.com.br\/se\/wp-json\/wp\/v2\/tags?post=114390"}],"curies":[{"name":"wp","href":"https:\/\/api.w.org\/{rel}","templated":true}]}}