{"id":114388,"date":"2018-07-29T17:55:49","date_gmt":"2018-07-29T20:55:49","guid":{"rendered":"https:\/\/senoticias.com.br\/se\/?p=114388"},"modified":"2018-07-29T17:55:49","modified_gmt":"2018-07-29T20:55:49","slug":"amamentacao-alicerce-da-vida-e-tema-da-semana-mundial-do-aleitamento-materno","status":"publish","type":"post","link":"https:\/\/senoticias.com.br\/se\/amamentacao-alicerce-da-vida-e-tema-da-semana-mundial-do-aleitamento-materno\/","title":{"rendered":"\u201cAmamenta\u00e7\u00e3o: alicerce da vida\u201d \u00e9 tema da Semana Mundial do Aleitamento Materno"},"content":{"rendered":"<p style=\"font-weight: 400; text-align: justify;\">No pr\u00f3ximo dia 31 de julho tem in\u00edcio a programa\u00e7\u00e3o da Semana Mundial do Aleitamento Materno (SMAM) 2018 em Aracaju realizada pela Sociedade Sergipana de Pediatria (Sosepe), Hospital e Maternidade Santa Isabel e Universidade Tiradentes (Unit), com apoio da Secretaria de Estado da Sa\u00fade. At\u00e9 o dia 3 de agosto ser\u00e3o realizadas v\u00e1rias atividades. Este ano, o tema da SMAM \u00e9 \u201cAmamenta\u00e7\u00e3o: alicerce da vida\u201d. A Semana Mundial do Aleitamento Materno tem como objetivo informar sobre como a amamenta\u00e7\u00e3o est\u00e1 ligada \u00e0 boa nutri\u00e7\u00e3o, seguran\u00e7a alimentar e redu\u00e7\u00e3o da pobreza.<\/p>\n<div id=\"attachment_114389\" style=\"width: 609px\" class=\"wp-caption aligncenter\"><a href=\"https:\/\/senoticias.com.br\/se\/wp-content\/uploads\/2018\/07\/aleitamento-materno-amamentacao-posicao_0-e1532897579634.jpg\"><img loading=\"lazy\" decoding=\"async\" aria-describedby=\"caption-attachment-114389\" class=\"size-full wp-image-114389\" src=\"https:\/\/senoticias.com.br\/se\/wp-content\/uploads\/2018\/07\/aleitamento-materno-amamentacao-posicao_0-e1532897579634.jpg\" alt=\"\" width=\"599\" height=\"399\" \/><\/a><p id=\"caption-attachment-114389\" class=\"wp-caption-text\">Amamenta\u00e7\u00e3o: alicerce da vida\u201d \u00e9 tema da SMAM 2018.\u00a0 (Thinkstock\/Getty)<\/p><\/div>\n<p style=\"font-weight: 400; text-align: justify;\">A enfermeira e professora da Unit, S\u00edlvia Atan\u00e1sio, explica que a escolha desse tema para a SMAM tem a proposta de vincular a amamenta\u00e7\u00e3o dentro da nutri\u00e7\u00e3o alimentar e diminui\u00e7\u00e3o da pobreza. E, nesse sentido, envolver mais pessoas e organiza\u00e7\u00f5es que trabalham essas quest\u00f5es. \u201cQueremos envolver n\u00e3o s\u00f3 profissionais de sa\u00fade, mas familiares, amigos, motivar a\u00e7\u00f5es para promover a amamenta\u00e7\u00e3o como parte das estrat\u00e9gias de nutri\u00e7\u00e3o, seguran\u00e7a alimentar e redu\u00e7\u00e3o de desigualdades\u201d, ressalta.<\/p>\n<p style=\"font-weight: 400;\">\n<p style=\"font-weight: 400; text-align: justify;\">Uma programa\u00e7\u00e3o com diversas atividades foi preparada para a SMAM. No dia 31 de julho, durante a abertura ser\u00e1 realizada uma pr\u00e9via carnavalesca com as mam\u00e3es de beb\u00eas no Hospital e Maternidade Santa Isabel, das 9h \u00e0s 12h. Na quarta-feira, dia 1 de agosto, ser\u00e3o realizadas palestras e roda de conversa na Comunidade Recanto da Paz, no bairro Aeroporto, a partir das 14 horas. O objetivo \u00e9 levar desse debate sobre a import\u00e2ncia da amamenta\u00e7\u00e3o para a seguran\u00e7a alimentar para essa comunidade, que possui um grande n\u00famero de jovens e adolescentes.<\/p>\n<p style=\"font-weight: 400; text-align: justify;\">\n<p style=\"font-weight: 400; text-align: justify;\">J\u00e1 quinta-feira, dia 2, acontece uma atividade de promo\u00e7\u00e3o no minishop da Universidade Tiradentes. E na sexta-feira, dia 3, \u00e0s 14 horas, encerrando a programa\u00e7\u00e3o da SMAM, ser\u00e1 realizado o Mama\u00e7o, no Parque da Sementeira, com participa\u00e7\u00e3o dos Anjos da Enfermagem. O evento tem como objetivo reunir m\u00e3es para juntas amamentarem seus beb\u00eas e, assim, chamar a aten\u00e7\u00e3o da sociedade e sensibiliz\u00e1-la para o quanto \u00e9 necess\u00e1rio apoio para que mulher tenha condi\u00e7\u00f5es de continuar amamentando o quanto for poss\u00edvel, tendo em vista os benef\u00edcios trazidos pelo leite materno \u00e0 sa\u00fade, boa nutri\u00e7\u00e3o, seguran\u00e7a alimentar e, tamb\u00e9m para a diminui\u00e7\u00e3o da pobreza.<\/p>\n<p>&nbsp;<\/p>\n<p><a href=\"https:\/\/senoticias.com.br\/se\/wp-content\/uploads\/2018\/07\/Logomarca-fone-SE-4-2-1-1.jpg\"><img loading=\"lazy\" decoding=\"async\" class=\"aligncenter size-full wp-image-114026\" src=\"https:\/\/senoticias.com.br\/se\/wp-content\/uploads\/2018\/07\/Logomarca-fone-SE-4-2-1-1.jpg\" alt=\"\" width=\"599\" height=\"78\" srcset=\"https:\/\/senoticias.com.br\/se\/wp-content\/uploads\/2018\/07\/Logomarca-fone-SE-4-2-1-1.jpg 599w, https:\/\/senoticias.com.br\/se\/wp-content\/uploads\/2018\/07\/Logomarca-fone-SE-4-2-1-1-300x39.jpg 300w\" sizes=\"(max-width: 599px) 100vw, 599px\" \/><\/a><\/p>\n<p>&nbsp;<\/p>\n<p><em><strong>Acompanhe tamb\u00e9m o SE Not\u00edcias no<\/strong><span class=\"apple-converted-space\"><b>\u00a0<\/b><\/span><a href=\"https:\/\/twitter.com\/Senoticias\" target=\"_blank\" rel=\"noopener\"><b>Twitter<\/b><\/a><strong>,<\/strong><span class=\"apple-converted-space\"><b>\u00a0<\/b><\/span><a href=\"https:\/\/www.facebook.com\/senoticias1\" target=\"_blank\" rel=\"noopener\"><b>Facebook<\/b><span class=\"apple-converted-space\"><b>\u00a0<\/b><\/span><\/a><strong>e no<\/strong><span class=\"apple-converted-space\"><b>\u00a0<\/b><\/span><a href=\"https:\/\/www.instagram.com\/senoticias\/\" target=\"_blank\" rel=\"noopener\"><b>Instagram<\/b><\/a><\/em><\/p>\n<p>&nbsp;<\/p>\n<p><em>Da Assessoria de Imprensa<\/em><\/p>\n","protected":false},"excerpt":{"rendered":"<p>No pr\u00f3ximo dia 31 de julho tem in\u00edcio a programa\u00e7\u00e3o da Semana Mundial do Aleitamento Materno (SMAM) 2018 em Aracaju realizada pela Sociedade Sergipana de Pediatria (Sosepe), Hospital e Maternidade Santa Isabel e Universidade Tiradentes (Unit), com apoio da Secretaria de Estado da Sa\u00fade. At\u00e9 o dia 3 de agosto ser\u00e3o realizadas v\u00e1rias atividades. Este [&hellip;]<\/p>\n","protected":false},"author":6552,"featured_media":114389,"comment_status":"closed","ping_status":"closed","sticky":false,"template":"","format":"standard","meta":{"footnotes":""},"categories":[15],"tags":[10478,10476,10477,10479],"class_list":{"0":"post-114388","1":"post","2":"type-post","3":"status-publish","4":"format-standard","5":"has-post-thumbnail","7":"category-destaques","8":"tag-alicerce-da-vida","9":"tag-amamentacao","10":"tag-semana-mundial-do-aleitamento-materno","11":"tag-smam"},"_links":{"self":[{"href":"https:\/\/senoticias.com.br\/se\/wp-json\/wp\/v2\/posts\/114388"}],"collection":[{"href":"https:\/\/senoticias.com.br\/se\/wp-json\/wp\/v2\/posts"}],"about":[{"href":"https:\/\/senoticias.com.br\/se\/wp-json\/wp\/v2\/types\/post"}],"author":[{"embeddable":true,"href":"https:\/\/senoticias.com.br\/se\/wp-json\/wp\/v2\/users\/6552"}],"replies":[{"embeddable":true,"href":"https:\/\/senoticias.com.br\/se\/wp-json\/wp\/v2\/comments?post=114388"}],"version-history":[{"count":0,"href":"https:\/\/senoticias.com.br\/se\/wp-json\/wp\/v2\/posts\/114388\/revisions"}],"wp:featuredmedia":[{"embeddable":true,"href":"https:\/\/senoticias.com.br\/se\/wp-json\/wp\/v2\/media\/114389"}],"wp:attachment":[{"href":"https:\/\/senoticias.com.br\/se\/wp-json\/wp\/v2\/media?parent=114388"}],"wp:term":[{"taxonomy":"category","embeddable":true,"href":"https:\/\/senoticias.com.br\/se\/wp-json\/wp\/v2\/categories?post=114388"},{"taxonomy":"post_tag","embeddable":true,"href":"https:\/\/senoticias.com.br\/se\/wp-json\/wp\/v2\/tags?post=114388"}],"curies":[{"name":"wp","href":"https:\/\/api.w.org\/{rel}","templated":true}]}}