{"id":114383,"date":"2018-07-29T11:17:37","date_gmt":"2018-07-29T14:17:37","guid":{"rendered":"https:\/\/senoticias.com.br\/se\/?p=114383"},"modified":"2018-07-29T11:17:37","modified_gmt":"2018-07-29T14:17:37","slug":"corpo-tecnico-do-tce-recebe-treinamento-para-fiscalizar-obras-de-pavimentacao","status":"publish","type":"post","link":"https:\/\/senoticias.com.br\/se\/corpo-tecnico-do-tce-recebe-treinamento-para-fiscalizar-obras-de-pavimentacao\/","title":{"rendered":"Corpo t\u00e9cnico do TCE recebe treinamento para fiscalizar obras de pavimenta\u00e7\u00e3o"},"content":{"rendered":"<p style=\"text-align: justify;\">O corpo t\u00e9cnico do Tribunal de Contas do Estado (TCE\/SE) passou por treinamento pr\u00e1tico na manh\u00e3 desta quinta-feira, 26, para avaliar obras de pavimenta\u00e7\u00e3o no estado, atrav\u00e9s de conv\u00eanio com a Universidade Federal de Sergipe (UFS). A ideia \u00e9 que, ap\u00f3s a capacita\u00e7\u00e3o completa, a Corte possa atuar j\u00e1 no andamento da obra, determinando, caso necess\u00e1rio, que as empresas contratadas fa\u00e7am corre\u00e7\u00f5es e evitem preju\u00edzos aos cofres p\u00fablicos.<\/p>\n<div id=\"attachment_114384\" style=\"width: 609px\" class=\"wp-caption aligncenter\"><a href=\"https:\/\/senoticias.com.br\/se\/wp-content\/uploads\/2018\/07\/Fiscaliza\u00e7\u00e3o-de-Obras-SE-Noticias-e1532873505659.jpg\"><img loading=\"lazy\" decoding=\"async\" aria-describedby=\"caption-attachment-114384\" class=\"size-full wp-image-114384\" src=\"https:\/\/senoticias.com.br\/se\/wp-content\/uploads\/2018\/07\/Fiscaliza\u00e7\u00e3o-de-Obras-SE-Noticias-e1532873505659.jpg\" alt=\"\" width=\"599\" height=\"799\" \/><\/a><p id=\"caption-attachment-114384\" class=\"wp-caption-text\">Corpo t\u00e9cnico do TCE recebe treinamento para avaliar obras de pavimenta\u00e7\u00e3o (Foto: Dicom\/TCE)<\/p><\/div>\n<p style=\"text-align: justify;\">A primeira obra visitada foi a pavimenta\u00e7\u00e3o da Avenida Jos\u00e9 Vicente de Almeida, que fica na Zona de Expans\u00e3o de Aracaju. Para fazer as medi\u00e7\u00f5es, os t\u00e9cnicos da Diretoria de Controle Externo de Obras e Servi\u00e7os (Dceos) levaram ao local dois equipamentos: um gerador e um extrator, que serve para extrair uma amostra do asfalto no local que foi executado o servi\u00e7o a fim de medir a espessura e composi\u00e7\u00e3o.<\/p>\n<p style=\"text-align: justify;\">\u201c\u00c9 uma grande contribui\u00e7\u00e3o que o Tribunal de Contas vai dar para a sociedade que poder\u00e1 ter uma obra de melhor qualidade e mais dur\u00e1vel\u201d, explica o engenheiro C\u00e1ssio Dantas, analista de Controle Externo do TCE.<\/p>\n<p style=\"text-align: justify;\">Al\u00e9m da an\u00e1lise da nova pavimenta\u00e7\u00e3o asf\u00e1ltica nesta avenida, mais obras ser\u00e3o verificadas nesta primeira etapa de treinamento pr\u00e1tico.<\/p>\n<p style=\"text-align: justify;\">De acordo com o professor do departamento de Engenharia Civil da UFS, Fernando Albuquerque, o treinamento tem carga hor\u00e1ria te\u00f3rica e pr\u00e1tica. Esta \u00faltima seria feita dentro de inspe\u00e7\u00e3o de pavimento, principalmente, da parte asf\u00e1ltica. No final, os t\u00e9cnicos ter\u00e3o capacidade suficiente para fazerem inspe\u00e7\u00f5es aut\u00f4nomas para as normas atuais.<\/p>\n<p style=\"text-align: justify;\">\u201cHoje foi a parte experimental. Houve extra\u00e7\u00e3o dos corpos de prova, que seria uma amostra retirada do pavimento da rua para fazer as an\u00e1lises em laborat\u00f3rio. Esta \u00e9 uma parte fundamental. \u00c9 preciso entender como se faz a extra\u00e7\u00e3o desta amostra, catalogar, fazer as an\u00e1lises futuras e referenciar\u201d, disse Fernando, que \u00e9 coordenador do projeto de Controle da Qualidade de Pavimentos do Estado de Sergipe.<\/p>\n<p style=\"text-align: justify;\">O treinamento experimental na Avenida Jos\u00e9 Vicente de Almeida contou ainda com a presen\u00e7a de engenheiros da Empresa Municipal de Obras e Urbaniza\u00e7\u00e3o (Emurb); da diretora da Dceos, Ana Stella Barreto Rollemberg Porto; da coordenadora de Engenharia do Tribunal; Josele Ferreira, e de outros analistas de controle externo do TCE.<\/p>\n<p>&nbsp;<\/p>\n<p><em><strong>Acompanhe tamb\u00e9m o SE Not\u00edcias no<\/strong><span class=\"apple-converted-space\"><b>\u00a0<\/b><\/span><a href=\"https:\/\/twitter.com\/Senoticias\" target=\"_blank\" rel=\"noopener\"><b>Twitter<\/b><\/a><strong>,<\/strong><span class=\"apple-converted-space\"><b>\u00a0<\/b><\/span><a href=\"https:\/\/www.facebook.com\/senoticias1\" target=\"_blank\" rel=\"noopener\"><b>Facebook<\/b><span class=\"apple-converted-space\"><b>\u00a0<\/b><\/span><\/a><strong>e no<\/strong><span class=\"apple-converted-space\"><b>\u00a0<\/b><\/span><a href=\"https:\/\/www.instagram.com\/senoticias\/\" target=\"_blank\" rel=\"noopener\"><b>Instagram<\/b><\/a><\/em><\/p>\n<p>&nbsp;<\/p>\n<p><a href=\"https:\/\/senoticias.com.br\/se\/wp-content\/uploads\/2018\/07\/Logomarca-fone-SE-4-2-1-1.jpg\"><img loading=\"lazy\" decoding=\"async\" class=\"aligncenter size-full wp-image-114026\" src=\"https:\/\/senoticias.com.br\/se\/wp-content\/uploads\/2018\/07\/Logomarca-fone-SE-4-2-1-1.jpg\" alt=\"\" width=\"599\" height=\"78\" srcset=\"https:\/\/senoticias.com.br\/se\/wp-content\/uploads\/2018\/07\/Logomarca-fone-SE-4-2-1-1.jpg 599w, https:\/\/senoticias.com.br\/se\/wp-content\/uploads\/2018\/07\/Logomarca-fone-SE-4-2-1-1-300x39.jpg 300w\" sizes=\"(max-width: 599px) 100vw, 599px\" \/><\/a><\/p>\n<p>&nbsp;<\/p>\n<p>&nbsp;<\/p>\n<p><em>Por Dicom\/TCE<\/em><\/p>\n","protected":false},"excerpt":{"rendered":"<p>O corpo t\u00e9cnico do Tribunal de Contas do Estado (TCE\/SE) passou por treinamento pr\u00e1tico na manh\u00e3 desta quinta-feira, 26, para avaliar obras de pavimenta\u00e7\u00e3o no estado, atrav\u00e9s de conv\u00eanio com a Universidade Federal de Sergipe (UFS). A ideia \u00e9 que, ap\u00f3s a capacita\u00e7\u00e3o completa, a Corte possa atuar j\u00e1 no andamento da obra, determinando, caso [&hellip;]<\/p>\n","protected":false},"author":6552,"featured_media":114384,"comment_status":"closed","ping_status":"closed","sticky":false,"template":"","format":"standard","meta":{"footnotes":""},"categories":[15,6],"tags":[6658,529,565],"class_list":{"0":"post-114383","1":"post","2":"type-post","3":"status-publish","4":"format-standard","5":"has-post-thumbnail","7":"category-destaques","8":"category-politica","9":"tag-auditorio-do-tce","10":"tag-tce","11":"tag-tribunal-de-contas-do-estado"},"_links":{"self":[{"href":"https:\/\/senoticias.com.br\/se\/wp-json\/wp\/v2\/posts\/114383"}],"collection":[{"href":"https:\/\/senoticias.com.br\/se\/wp-json\/wp\/v2\/posts"}],"about":[{"href":"https:\/\/senoticias.com.br\/se\/wp-json\/wp\/v2\/types\/post"}],"author":[{"embeddable":true,"href":"https:\/\/senoticias.com.br\/se\/wp-json\/wp\/v2\/users\/6552"}],"replies":[{"embeddable":true,"href":"https:\/\/senoticias.com.br\/se\/wp-json\/wp\/v2\/comments?post=114383"}],"version-history":[{"count":0,"href":"https:\/\/senoticias.com.br\/se\/wp-json\/wp\/v2\/posts\/114383\/revisions"}],"wp:featuredmedia":[{"embeddable":true,"href":"https:\/\/senoticias.com.br\/se\/wp-json\/wp\/v2\/media\/114384"}],"wp:attachment":[{"href":"https:\/\/senoticias.com.br\/se\/wp-json\/wp\/v2\/media?parent=114383"}],"wp:term":[{"taxonomy":"category","embeddable":true,"href":"https:\/\/senoticias.com.br\/se\/wp-json\/wp\/v2\/categories?post=114383"},{"taxonomy":"post_tag","embeddable":true,"href":"https:\/\/senoticias.com.br\/se\/wp-json\/wp\/v2\/tags?post=114383"}],"curies":[{"name":"wp","href":"https:\/\/api.w.org\/{rel}","templated":true}]}}