{"id":114366,"date":"2018-07-27T14:26:24","date_gmt":"2018-07-27T17:26:24","guid":{"rendered":"https:\/\/senoticias.com.br\/se\/?p=114366"},"modified":"2018-07-27T14:52:19","modified_gmt":"2018-07-27T17:52:19","slug":"prefeito-de-aracaju-anuncia-pagamento-dos-salarios-do-mes-de-julho-para-o-dia-30","status":"publish","type":"post","link":"https:\/\/senoticias.com.br\/se\/prefeito-de-aracaju-anuncia-pagamento-dos-salarios-do-mes-de-julho-para-o-dia-30\/","title":{"rendered":"Prefeito de Aracaju anuncia pagamento dos sal\u00e1rios do m\u00eas de julho para o dia 30"},"content":{"rendered":"<p style=\"text-align: justify\"><span style=\"color: #000000\">O prefeito Edvaldo Nogueira anunciou, nesta sexta-feira, 27, o pagamento dos sal\u00e1rios do m\u00eas de julho, do funcionalismo municipal. Pelas redes sociais, ele informou que os sal\u00e1rios estar\u00e3o depositados nas contas de todos os servidores \u2013 ativos (efetivos e comissionados) e inativos (aposentados e pensionistas) \u2013 na noite da pr\u00f3xima segunda-feira, 30.<\/span><\/p>\n<div id=\"attachment_114367\" style=\"width: 609px\" class=\"wp-caption aligncenter\"><a href=\"https:\/\/senoticias.com.br\/se\/wp-content\/uploads\/2018\/07\/img_9033-e1532712323239.jpg\"><img loading=\"lazy\" decoding=\"async\" aria-describedby=\"caption-attachment-114367\" class=\"wp-image-114367 size-full\" src=\"https:\/\/senoticias.com.br\/se\/wp-content\/uploads\/2018\/07\/img_9033-e1532712323239.jpg\" alt=\"\" width=\"599\" height=\"399\" \/><\/a><p id=\"caption-attachment-114367\" class=\"wp-caption-text\">Foto: Ana L\u00edcia Menezes\/PMA<\/p><\/div>\n<p style=\"text-align: justify\"><span style=\"color: #000000\">Ainda na transmiss\u00e3o, Edvaldo afirmou que a Prefeitura de Aracaju dar\u00e1 continuidade ao pagamento da primeira parcela do 13\u00ba sal\u00e1rio. Neste m\u00eas, recebem o benef\u00edcio os funcion\u00e1rios que aniversariam em julho e agosto. A antecipa\u00e7\u00e3o do pagamento da gratifica\u00e7\u00e3o natalina ocorre desde abril, com prazo de encerramento em setembro.<\/span><\/p>\n<p style=\"text-align: justify\"><span style=\"color: #000000\">\u201cA partir das 18h desta segunda-feira, dia 30, os sal\u00e1rios de todos os servidores municipais, ativos e inativos, efetivos e comissionados, estar\u00e3o na conta. \u00c9 um esfor\u00e7o gigantesco que temos feito para honrar este compromisso. E, pelo quinto m\u00eas seguido, de maneira antecipada\u201d, afirmou o prefeito.<\/span><\/p>\n<p>&nbsp;<\/p>\n<p style=\"text-align: justify\"><a href=\"https:\/\/senoticias.com.br\/se\/wp-content\/uploads\/2018\/07\/Logomarca-fone-SE-4-2-1-1.jpg\"><img loading=\"lazy\" decoding=\"async\" class=\"aligncenter wp-image-114026 size-full\" src=\"https:\/\/senoticias.com.br\/se\/wp-content\/uploads\/2018\/07\/Logomarca-fone-SE-4-2-1-1.jpg\" alt=\"\" width=\"599\" height=\"78\" srcset=\"https:\/\/senoticias.com.br\/se\/wp-content\/uploads\/2018\/07\/Logomarca-fone-SE-4-2-1-1.jpg 599w, https:\/\/senoticias.com.br\/se\/wp-content\/uploads\/2018\/07\/Logomarca-fone-SE-4-2-1-1-300x39.jpg 300w\" sizes=\"(max-width: 599px) 100vw, 599px\" \/><\/a><\/p>\n<p><em><strong>Acompanhe tamb\u00e9m o SE Not\u00edcias no<\/strong><span class=\"apple-converted-space\"><b>\u00a0<\/b><\/span><a href=\"https:\/\/twitter.com\/Senoticias\" target=\"_blank\" rel=\"noopener\"><b>Twitter<\/b><\/a><strong>,<\/strong><span class=\"apple-converted-space\"><b>\u00a0<\/b><\/span><a href=\"https:\/\/www.facebook.com\/senoticias1\" target=\"_blank\" rel=\"noopener\"><b>Facebook<\/b><span class=\"apple-converted-space\"><b>\u00a0<\/b><\/span><\/a><strong>e no<\/strong><span class=\"apple-converted-space\"><b>\u00a0<\/b><\/span><a href=\"https:\/\/www.instagram.com\/senoticias\/\" target=\"_blank\" rel=\"noopener\"><b>Instagram<\/b><\/a><\/em><\/p>\n<p>Com informa\u00e7\u00f5es da Ag\u00eancia Aracaju de Not\u00edcias<\/p>\n","protected":false},"excerpt":{"rendered":"<p>O prefeito Edvaldo Nogueira anunciou, nesta sexta-feira, 27, o pagamento dos sal\u00e1rios do m\u00eas de julho, do funcionalismo municipal. Pelas redes sociais, ele informou que os sal\u00e1rios estar\u00e3o depositados nas contas de todos os servidores \u2013 ativos (efetivos e comissionados) e inativos (aposentados e pensionistas) \u2013 na noite da pr\u00f3xima segunda-feira, 30. Ainda na transmiss\u00e3o, [&hellip;]<\/p>\n","protected":false},"author":6553,"featured_media":0,"comment_status":"closed","ping_status":"closed","sticky":false,"template":"","format":"standard","meta":{"footnotes":""},"categories":[15,6],"tags":[339,1436,2884,3539,223,2936],"class_list":{"0":"post-114366","1":"post","2":"type-post","3":"status-publish","4":"format-standard","6":"category-destaques","7":"category-politica","8":"tag-aracaju","9":"tag-edvaldo","10":"tag-prefeitura","11":"tag-salario","12":"tag-sergipe","13":"tag-servidores"},"_links":{"self":[{"href":"https:\/\/senoticias.com.br\/se\/wp-json\/wp\/v2\/posts\/114366"}],"collection":[{"href":"https:\/\/senoticias.com.br\/se\/wp-json\/wp\/v2\/posts"}],"about":[{"href":"https:\/\/senoticias.com.br\/se\/wp-json\/wp\/v2\/types\/post"}],"author":[{"embeddable":true,"href":"https:\/\/senoticias.com.br\/se\/wp-json\/wp\/v2\/users\/6553"}],"replies":[{"embeddable":true,"href":"https:\/\/senoticias.com.br\/se\/wp-json\/wp\/v2\/comments?post=114366"}],"version-history":[{"count":0,"href":"https:\/\/senoticias.com.br\/se\/wp-json\/wp\/v2\/posts\/114366\/revisions"}],"wp:attachment":[{"href":"https:\/\/senoticias.com.br\/se\/wp-json\/wp\/v2\/media?parent=114366"}],"wp:term":[{"taxonomy":"category","embeddable":true,"href":"https:\/\/senoticias.com.br\/se\/wp-json\/wp\/v2\/categories?post=114366"},{"taxonomy":"post_tag","embeddable":true,"href":"https:\/\/senoticias.com.br\/se\/wp-json\/wp\/v2\/tags?post=114366"}],"curies":[{"name":"wp","href":"https:\/\/api.w.org\/{rel}","templated":true}]}}