{"id":114362,"date":"2018-07-27T14:12:36","date_gmt":"2018-07-27T17:12:36","guid":{"rendered":"https:\/\/senoticias.com.br\/se\/?p=114362"},"modified":"2018-07-27T20:10:11","modified_gmt":"2018-07-27T23:10:11","slug":"arvore-cai-e-danifica-predio-da-universidade-federal-de-sergipe","status":"publish","type":"post","link":"https:\/\/senoticias.com.br\/se\/arvore-cai-e-danifica-predio-da-universidade-federal-de-sergipe\/","title":{"rendered":"\u00c1rvore cai e danifica pr\u00e9dio da Universidade Federal de Sergipe"},"content":{"rendered":"<p style=\"text-align: justify;\"><span style=\"color: #000000;\">Uma \u00e1rvore caiu no Campus da Universidade Federal de Sergipe no in\u00edcio da tarde desta sexta-feira, 27 de julho, causando danos no telhado do pr\u00e9dio da Superintend\u00eancia de Infraestrutura da Universidade (Infra &#8211; UFS). N\u00e3o houve feridos.<\/span><\/p>\n<div id=\"attachment_114363\" style=\"width: 609px\" class=\"wp-caption aligncenter\"><a href=\"https:\/\/senoticias.com.br\/se\/wp-content\/uploads\/2018\/07\/WhatsApp-Image-2018-07-27-at-13.57.39-e1532711412975.jpeg\"><img loading=\"lazy\" decoding=\"async\" aria-describedby=\"caption-attachment-114363\" class=\"wp-image-114363 size-full\" src=\"https:\/\/senoticias.com.br\/se\/wp-content\/uploads\/2018\/07\/WhatsApp-Image-2018-07-27-at-13.57.39-e1532711412975.jpeg\" alt=\"\" width=\"599\" height=\"337\" \/><\/a><p id=\"caption-attachment-114363\" class=\"wp-caption-text\">\u00c1rvore destruiu parte do telhado (Foto enviada por um leitor do SE Not\u00edcias).<\/p><\/div>\n<p style=\"text-align: justify;\"><span style=\"color: #000000;\">De acordo com os servidores da UFS, os trabalhadores costumavam descansar na sombra da \u00e1rvore que caiu depois do almo\u00e7o. Eles acreditam que a queda foi causada por uma infesta\u00e7\u00e3o de cupins.<\/span><\/p>\n<p style=\"text-align: justify;\"><span style=\"color: #000000;\">Os servidores dizem que outra \u00e1rvore j\u00e1 caiu na mesma regi\u00e3o da Universidade e feriu um servidor que descansava no local.<\/span><\/p>\n<p>&nbsp;<\/p>\n<p>&nbsp;<\/p>\n<p><a href=\"https:\/\/senoticias.com.br\/se\/wp-content\/uploads\/2018\/07\/Logomarca-fone-SE-4-2-1-1.jpg\"><img loading=\"lazy\" decoding=\"async\" class=\"aligncenter wp-image-114026 size-full\" src=\"https:\/\/senoticias.com.br\/se\/wp-content\/uploads\/2018\/07\/Logomarca-fone-SE-4-2-1-1.jpg\" alt=\"\" width=\"599\" height=\"78\" srcset=\"https:\/\/senoticias.com.br\/se\/wp-content\/uploads\/2018\/07\/Logomarca-fone-SE-4-2-1-1.jpg 599w, https:\/\/senoticias.com.br\/se\/wp-content\/uploads\/2018\/07\/Logomarca-fone-SE-4-2-1-1-300x39.jpg 300w\" sizes=\"(max-width: 599px) 100vw, 599px\" \/><\/a><\/p>\n<p>&nbsp;<\/p>\n<p><em><strong>Acompanhe tamb\u00e9m o SE Not\u00edcias no<\/strong><span class=\"apple-converted-space\"><b>\u00a0<\/b><\/span><a href=\"https:\/\/twitter.com\/Senoticias\" target=\"_blank\" rel=\"noopener\"><b>Twitter<\/b><\/a><strong>,<\/strong><span class=\"apple-converted-space\"><b>\u00a0<\/b><\/span><a href=\"https:\/\/www.facebook.com\/senoticias1\" target=\"_blank\" rel=\"noopener\"><b>Facebook<\/b><span class=\"apple-converted-space\"><b>\u00a0<\/b><\/span><\/a><strong>e no<\/strong><span class=\"apple-converted-space\"><b>\u00a0<\/b><\/span><a href=\"https:\/\/www.instagram.com\/senoticias\/\" target=\"_blank\" rel=\"noopener\"><b>Instagram<\/b><\/a><\/em><\/p>\n<p><em>Reda\u00e7\u00e3o do SE Not\u00edcias<\/em><\/p>\n","protected":false},"excerpt":{"rendered":"<p>Uma \u00e1rvore caiu no Campus da Universidade Federal de Sergipe no in\u00edcio da tarde desta sexta-feira, 27 de julho, causando danos no telhado do pr\u00e9dio da Superintend\u00eancia de Infraestrutura da Universidade (Infra &#8211; UFS). N\u00e3o houve feridos. De acordo com os servidores da UFS, os trabalhadores costumavam descansar na sombra da \u00e1rvore que caiu depois [&hellip;]<\/p>\n","protected":false},"author":6553,"featured_media":0,"comment_status":"closed","ping_status":"closed","sticky":false,"template":"","format":"standard","meta":{"footnotes":""},"categories":[15,38],"tags":[339,9186,6405,4260,335,223,2299],"class_list":{"0":"post-114362","1":"post","2":"type-post","3":"status-publish","4":"format-standard","6":"category-destaques","7":"category-municipios","8":"tag-aracaju","9":"tag-arvore","10":"tag-predio","11":"tag-queda","12":"tag-sao-cristovao","13":"tag-sergipe","14":"tag-ufs"},"_links":{"self":[{"href":"https:\/\/senoticias.com.br\/se\/wp-json\/wp\/v2\/posts\/114362"}],"collection":[{"href":"https:\/\/senoticias.com.br\/se\/wp-json\/wp\/v2\/posts"}],"about":[{"href":"https:\/\/senoticias.com.br\/se\/wp-json\/wp\/v2\/types\/post"}],"author":[{"embeddable":true,"href":"https:\/\/senoticias.com.br\/se\/wp-json\/wp\/v2\/users\/6553"}],"replies":[{"embeddable":true,"href":"https:\/\/senoticias.com.br\/se\/wp-json\/wp\/v2\/comments?post=114362"}],"version-history":[{"count":0,"href":"https:\/\/senoticias.com.br\/se\/wp-json\/wp\/v2\/posts\/114362\/revisions"}],"wp:attachment":[{"href":"https:\/\/senoticias.com.br\/se\/wp-json\/wp\/v2\/media?parent=114362"}],"wp:term":[{"taxonomy":"category","embeddable":true,"href":"https:\/\/senoticias.com.br\/se\/wp-json\/wp\/v2\/categories?post=114362"},{"taxonomy":"post_tag","embeddable":true,"href":"https:\/\/senoticias.com.br\/se\/wp-json\/wp\/v2\/tags?post=114362"}],"curies":[{"name":"wp","href":"https:\/\/api.w.org\/{rel}","templated":true}]}}