{"id":114356,"date":"2018-07-26T14:20:43","date_gmt":"2018-07-26T17:20:43","guid":{"rendered":"https:\/\/senoticias.com.br\/se\/?p=114356"},"modified":"2018-07-26T14:20:43","modified_gmt":"2018-07-26T17:20:43","slug":"shopping-jardins-comemora-dia-dos-pais-com-show-de-erasmo-carlos","status":"publish","type":"post","link":"https:\/\/senoticias.com.br\/se\/shopping-jardins-comemora-dia-dos-pais-com-show-de-erasmo-carlos\/","title":{"rendered":"Shopping Jardins comemora dia dos pais com show de Erasmo Carlos"},"content":{"rendered":"<p style=\"text-align: justify\"><span style=\"color: #000000\">Ainda n\u00e3o sabe como surpreender o seu pai no dia 12 de agosto? Que tal presente\u00e1-lo com itens-desejo para cuidados pessoais? Ou seria melhor um par de ingressos para voc\u00eas curtirem juntos um show incr\u00edvel daquele \u00eddolo que marcou gera\u00e7\u00f5es? Neste Dia dos Pais, o Shopping Jardins em Aracaju (SE) liquida de vez com qualquer d\u00favida e, em uma a\u00e7\u00e3o in\u00e9dita no centro de compras, proporciona uma experi\u00eancia \u00fanica aos pais e filhos de Sergipe.<\/span><\/p>\n<p style=\"text-align: justify\"><span style=\"color: #000000\">A partir desta quinta-feira (26), as suas compras nas lojas do empreendimento podem valer um conjunto O Botic\u00e1rio &#8211; contendo um desodorante aerosol 75 gramas e um shower gel 2 em 1 de 205 gramas, ambos da linha Malbec Noir &#8211; e um par de ingressos para pai e filho curtirem o show incr\u00edvel de Erasmo Carlos que ser\u00e1 realizado na \u00e1rea externa do Shopping Jardins, no dia 16 de agosto. Por apenas R$ 15 e mediante a apresenta\u00e7\u00e3o de notas fiscais que somem R$ 200 em compras, voc\u00ea pode surpreender o paiz\u00e3o com este super-presente. Para a promo\u00e7\u00e3o, s\u00e3o v\u00e1lidas as notas emitidas no per\u00edodo de 26 de julho a 11 de agosto referentes a compras em lojas do Shopping Jardins.<\/span><\/p>\n<div id=\"attachment_114357\" style=\"width: 609px\" class=\"wp-caption aligncenter\"><a href=\"https:\/\/senoticias.com.br\/se\/wp-content\/uploads\/2018\/07\/Shopping-Jardins-presenteia-os-pais-com-show-de-Erasmo-Carlos_Fotot_GutoCosta_4-e1532625528716.jpg\"><img loading=\"lazy\" decoding=\"async\" aria-describedby=\"caption-attachment-114357\" class=\"wp-image-114357 size-full\" src=\"https:\/\/senoticias.com.br\/se\/wp-content\/uploads\/2018\/07\/Shopping-Jardins-presenteia-os-pais-com-show-de-Erasmo-Carlos_Fotot_GutoCosta_4-e1532625528716.jpg\" alt=\"\" width=\"599\" height=\"399\" \/><\/a><p id=\"caption-attachment-114357\" class=\"wp-caption-text\">Foto de Erasmo Carlos: Guto Costa<\/p><\/div>\n<p style=\"text-align: justify\"><span style=\"color: #000000\">Clientes que utilizarem o Banese Card em suas compras ter\u00e3o direito a tr\u00eas ingressos e um conjunto O Botic\u00e1rio. As trocas poder\u00e3o ser realizadas a partir de 1\u00ba de agosto, no ponto de atendimento da campanha, ao lado da livraria Escariz (pr\u00f3ximo \u00e0 Portaria A).<\/span><\/p>\n<p style=\"text-align: justify\"><span style=\"color: #000000\">Para atender \u00e0 demanda de p\u00fablico, o cantor Erasmo Carlos ir\u00e1 apresentar o seu show em homenagem ao pais em dois hor\u00e1rios distintos: \u00e0s 17 horas e \u00e0s 19h30 do dia 16 de agosto. No momento da retirada dos ingressos, o cliente dever\u00e1 optar por assistir ao show em uma das sess\u00f5es dispon\u00edveis.<\/span><\/p>\n<p style=\"text-align: justify\"><span style=\"color: #000000\">Cada CPF cadastrado dar\u00e1 direito a at\u00e9 dois super-presentes (cada um deles contendo 1 conjunto O Botic\u00e1rio + 1 par de ingressos) e a troca estar\u00e1 sujeita \u00e0 disponibilidade de bilhetes para os respectivos hor\u00e1rios de shows. O regulamento completo da campanha do Dia dos Pais 2018, voc\u00ea encontra no site www.shoppingjardins.com.br.<\/span><\/p>\n<p style=\"text-align: justify\"><span style=\"color: #000000\"><strong>Amor \u00e9 isso<\/strong><\/span><\/p>\n<p style=\"text-align: justify\"><span style=\"color: #000000\">Com mais de 50 anos de carreira fonogr\u00e1fica, Erasmo Carlos \u00e9, sem d\u00favida, um dos maiores \u00edcones da m\u00fasica brasileira. Seja jovem, adulto ou veterano deste carioca de 77 anos, quem nunca se deparou cantarolando uma de suas m\u00fasicas?<\/span><\/p>\n<p style=\"text-align: justify\"><span style=\"color: #000000\">Autor de sucessos como \u201cPega na mentira\u201d, \u201cMinha fama de mau\u201d, \u201cMulher\u201d, \u201cAl\u00e9m do horizonte\u201d, \u201c\u00c9 proibido fumar\u201d, \u201cFesta de arromba\u201d, \u201c\u00c9 preciso saber viver\u201d, \u201cEu sou terr\u00edvel\u201d, \u201cQuero que v\u00e1 tudo para o inferno\u201d, \u201cDetalhes\u201d, \u201cEmo\u00e7\u00f5es\u201d \u2013 apenas para citar alguns \u2013 , o \u201ctremend\u00e3o\u201d marcou gera\u00e7\u00f5es com o seu rock and roll, permeado por pegadas de bossa nova, samba-rock, soul e MPB.<\/span><\/p>\n<p style=\"text-align: justify\"><span style=\"color: #000000\">Poeta, fil\u00f3sofo, rom\u00e2ntico incur\u00e1vel, roqueiro inveterado, Erasmo Carlos \u00e9 autoridade na compreens\u00e3o do amor, da mulher, da natureza. Em seu mais recente trabalho, \u201cAmor \u00e9 isso\u201d, o artista apresenta parcerias com Emicida, Adriana Calcanhotto, Samuel Rosa, Arnaldo Antunes, Marisa Monte, Nando Reis, Marcelo Camelo, dentre outros, mantendo-se \u00fanico e atual entre seus eternos sucessos e o frescor de m\u00fasicas novas.<\/span><\/p>\n<p style=\"text-align: justify\"><span style=\"color: #000000\">Durante o show que apresentar\u00e1 em homenagem ao Dia dos Pais no Shopping Jardins, o p\u00fablico sergipano ter\u00e1 a oportunidade de apreciar algumas dessas novas can\u00e7\u00f5es e, principalmente, reviver grandes emo\u00e7\u00f5es. Pais e filhos, preparem-se para curtir can\u00e7\u00f5es inesquec\u00edveis e construir novas mem\u00f3rias vivendo uma experi\u00eancia \u00fanica ao som do nosso \u201cbrasa\u201d, \u201cgigante gentil\u201d, Erasmo Carlos!<\/span><\/p>\n<p>&nbsp;<\/p>\n<p><a href=\"https:\/\/senoticias.com.br\/se\/wp-content\/uploads\/2018\/07\/Logomarca-fone-SE-4-2-1-1.jpg\"><img loading=\"lazy\" decoding=\"async\" class=\"aligncenter wp-image-114026 size-full\" src=\"https:\/\/senoticias.com.br\/se\/wp-content\/uploads\/2018\/07\/Logomarca-fone-SE-4-2-1-1.jpg\" alt=\"\" width=\"599\" height=\"78\" srcset=\"https:\/\/senoticias.com.br\/se\/wp-content\/uploads\/2018\/07\/Logomarca-fone-SE-4-2-1-1.jpg 599w, https:\/\/senoticias.com.br\/se\/wp-content\/uploads\/2018\/07\/Logomarca-fone-SE-4-2-1-1-300x39.jpg 300w\" sizes=\"(max-width: 599px) 100vw, 599px\" \/><\/a><\/p>\n<p>Por Lotti Caldas Comunica\u00e7\u00e3o<\/p>\n","protected":false},"excerpt":{"rendered":"<p>Ainda n\u00e3o sabe como surpreender o seu pai no dia 12 de agosto? Que tal presente\u00e1-lo com itens-desejo para cuidados pessoais? Ou seria melhor um par de ingressos para voc\u00eas curtirem juntos um show incr\u00edvel daquele \u00eddolo que marcou gera\u00e7\u00f5es? Neste Dia dos Pais, o Shopping Jardins em Aracaju (SE) liquida de vez com qualquer [&hellip;]<\/p>\n","protected":false},"author":6553,"featured_media":0,"comment_status":"closed","ping_status":"closed","sticky":false,"template":"","format":"standard","meta":{"footnotes":""},"categories":[21],"tags":[],"class_list":{"0":"post-114356","1":"post","2":"type-post","3":"status-publish","4":"format-standard","6":"category-entretenimento"},"_links":{"self":[{"href":"https:\/\/senoticias.com.br\/se\/wp-json\/wp\/v2\/posts\/114356"}],"collection":[{"href":"https:\/\/senoticias.com.br\/se\/wp-json\/wp\/v2\/posts"}],"about":[{"href":"https:\/\/senoticias.com.br\/se\/wp-json\/wp\/v2\/types\/post"}],"author":[{"embeddable":true,"href":"https:\/\/senoticias.com.br\/se\/wp-json\/wp\/v2\/users\/6553"}],"replies":[{"embeddable":true,"href":"https:\/\/senoticias.com.br\/se\/wp-json\/wp\/v2\/comments?post=114356"}],"version-history":[{"count":0,"href":"https:\/\/senoticias.com.br\/se\/wp-json\/wp\/v2\/posts\/114356\/revisions"}],"wp:attachment":[{"href":"https:\/\/senoticias.com.br\/se\/wp-json\/wp\/v2\/media?parent=114356"}],"wp:term":[{"taxonomy":"category","embeddable":true,"href":"https:\/\/senoticias.com.br\/se\/wp-json\/wp\/v2\/categories?post=114356"},{"taxonomy":"post_tag","embeddable":true,"href":"https:\/\/senoticias.com.br\/se\/wp-json\/wp\/v2\/tags?post=114356"}],"curies":[{"name":"wp","href":"https:\/\/api.w.org\/{rel}","templated":true}]}}