{"id":114326,"date":"2018-07-25T14:33:27","date_gmt":"2018-07-25T17:33:27","guid":{"rendered":"https:\/\/senoticias.com.br\/se\/?p=114326"},"modified":"2018-07-25T14:33:27","modified_gmt":"2018-07-25T17:33:27","slug":"policia-militar-prende-foragido-da-justica-de-sao-paulo","status":"publish","type":"post","link":"https:\/\/senoticias.com.br\/se\/policia-militar-prende-foragido-da-justica-de-sao-paulo\/","title":{"rendered":"Pol\u00edcia Militar prende foragido da justi\u00e7a de S\u00e3o Paulo"},"content":{"rendered":"<p style=\"font-weight: 400;text-align: justify\"><span style=\"color: #000000\">A Pol\u00edcia Militar do Estado de Sergipe, por meio do Grupamento Especial T\u00e1tico de Motos do 3\u00ba Batalh\u00e3o de Pol\u00edcia Militar (Getam\/3\u00ba BPM), prendeu nessa ter\u00e7a-feira, 24, Jorge Fontoura Junior, em cumprimento a mandado de pris\u00e3o, na cidade de Itabaiana, localizada no Agreste sergipano.<\/span><\/p>\n<div id=\"attachment_114327\" style=\"width: 534px\" class=\"wp-caption aligncenter\"><a href=\"https:\/\/senoticias.com.br\/se\/wp-content\/uploads\/2018\/07\/image-2-1.png\"><img loading=\"lazy\" decoding=\"async\" aria-describedby=\"caption-attachment-114327\" class=\"wp-image-114327 size-full\" src=\"https:\/\/senoticias.com.br\/se\/wp-content\/uploads\/2018\/07\/image-2-1.png\" alt=\"\" width=\"524\" height=\"350\" srcset=\"https:\/\/senoticias.com.br\/se\/wp-content\/uploads\/2018\/07\/image-2-1.png 524w, https:\/\/senoticias.com.br\/se\/wp-content\/uploads\/2018\/07\/image-2-1-300x200.png 300w, https:\/\/senoticias.com.br\/se\/wp-content\/uploads\/2018\/07\/image-2-1-90x60.png 90w, https:\/\/senoticias.com.br\/se\/wp-content\/uploads\/2018\/07\/image-2-1-180x120.png 180w, https:\/\/senoticias.com.br\/se\/wp-content\/uploads\/2018\/07\/image-2-1-95x64.png 95w\" sizes=\"(max-width: 524px) 100vw, 524px\" \/><\/a><p id=\"caption-attachment-114327\" class=\"wp-caption-text\">Foto: PM<\/p><\/div>\n<p style=\"font-weight: 400;text-align: justify\"><span style=\"color: #000000\">Ap\u00f3s um trabalho integrado das Ag\u00eancias de Intelig\u00eancia das Pol\u00edcias Militares de Sergipe e de S\u00e3o Paulo, Jorge, que responde a processo por estupro de vulner\u00e1vel no estado de S\u00e3o Paulo, foi localizado, monitorado e preso.<\/span><\/p>\n<p style=\"font-weight: 400;text-align: justify\"><span style=\"color: #000000\">O caso foi encaminhado \u00e0 Delegacia de Itabaiana e a Pol\u00edcia Militar de S\u00e3o Paulo foi avisada sobre a pris\u00e3o do foragido.<\/span><\/p>\n<p>&nbsp;<\/p>\n<p><a href=\"https:\/\/senoticias.com.br\/se\/wp-content\/uploads\/2018\/07\/Logomarca-fone-SE-4-2-1-1.jpg\"><img loading=\"lazy\" decoding=\"async\" class=\"aligncenter wp-image-114026 size-full\" src=\"https:\/\/senoticias.com.br\/se\/wp-content\/uploads\/2018\/07\/Logomarca-fone-SE-4-2-1-1.jpg\" alt=\"\" width=\"599\" height=\"78\" srcset=\"https:\/\/senoticias.com.br\/se\/wp-content\/uploads\/2018\/07\/Logomarca-fone-SE-4-2-1-1.jpg 599w, https:\/\/senoticias.com.br\/se\/wp-content\/uploads\/2018\/07\/Logomarca-fone-SE-4-2-1-1-300x39.jpg 300w\" sizes=\"(max-width: 599px) 100vw, 599px\" \/><\/a><\/p>\n<p>Por Ascom PM<\/p>\n","protected":false},"excerpt":{"rendered":"<p>A Pol\u00edcia Militar do Estado de Sergipe, por meio do Grupamento Especial T\u00e1tico de Motos do 3\u00ba Batalh\u00e3o de Pol\u00edcia Militar (Getam\/3\u00ba BPM), prendeu nessa ter\u00e7a-feira, 24, Jorge Fontoura Junior, em cumprimento a mandado de pris\u00e3o, na cidade de Itabaiana, localizada no Agreste sergipano. Ap\u00f3s um trabalho integrado das Ag\u00eancias de Intelig\u00eancia das Pol\u00edcias Militares [&hellip;]<\/p>\n","protected":false},"author":6553,"featured_media":0,"comment_status":"closed","ping_status":"closed","sticky":false,"template":"","format":"standard","meta":{"footnotes":""},"categories":[15,7],"tags":[6044,2952,1303,3147,1260,223],"class_list":{"0":"post-114326","1":"post","2":"type-post","3":"status-publish","4":"format-standard","6":"category-destaques","7":"category-policia","8":"tag-foragido","9":"tag-pm","10":"tag-policia","11":"tag-prisao","12":"tag-sao-paulo","13":"tag-sergipe"},"_links":{"self":[{"href":"https:\/\/senoticias.com.br\/se\/wp-json\/wp\/v2\/posts\/114326"}],"collection":[{"href":"https:\/\/senoticias.com.br\/se\/wp-json\/wp\/v2\/posts"}],"about":[{"href":"https:\/\/senoticias.com.br\/se\/wp-json\/wp\/v2\/types\/post"}],"author":[{"embeddable":true,"href":"https:\/\/senoticias.com.br\/se\/wp-json\/wp\/v2\/users\/6553"}],"replies":[{"embeddable":true,"href":"https:\/\/senoticias.com.br\/se\/wp-json\/wp\/v2\/comments?post=114326"}],"version-history":[{"count":0,"href":"https:\/\/senoticias.com.br\/se\/wp-json\/wp\/v2\/posts\/114326\/revisions"}],"wp:attachment":[{"href":"https:\/\/senoticias.com.br\/se\/wp-json\/wp\/v2\/media?parent=114326"}],"wp:term":[{"taxonomy":"category","embeddable":true,"href":"https:\/\/senoticias.com.br\/se\/wp-json\/wp\/v2\/categories?post=114326"},{"taxonomy":"post_tag","embeddable":true,"href":"https:\/\/senoticias.com.br\/se\/wp-json\/wp\/v2\/tags?post=114326"}],"curies":[{"name":"wp","href":"https:\/\/api.w.org\/{rel}","templated":true}]}}