{"id":114316,"date":"2018-07-24T17:46:29","date_gmt":"2018-07-24T20:46:29","guid":{"rendered":"https:\/\/senoticias.com.br\/se\/?p=114316"},"modified":"2018-07-24T17:46:29","modified_gmt":"2018-07-24T20:46:29","slug":"prefeitura-de-sao-cristovao-tem-novo-secretario-de-planejamento-orcamento-e-gestao","status":"publish","type":"post","link":"https:\/\/senoticias.com.br\/se\/prefeitura-de-sao-cristovao-tem-novo-secretario-de-planejamento-orcamento-e-gestao\/","title":{"rendered":"Prefeitura de S\u00e3o Crist\u00f3v\u00e3o tem novo secret\u00e1rio de Planejamento, Or\u00e7amento e Gest\u00e3o"},"content":{"rendered":"<p style=\"text-align: justify\">\nO prefeito Marcos Santana deu posse na manh\u00e3 desta ter\u00e7a-feira (24), ao novo secret\u00e1rio municipal de Planejamento, Or\u00e7amento e Gest\u00e3o. Ant\u00f4nio Fernando Carvalho de Andrade possui gradua\u00e7\u00e3o em Economia pela Universidade Federal de Sergipe, \u00e9 mestre em desenvolvimento e meio ambiente PRODEMA\/UFS e doutorando em desenvolvimento e meio ambiente PRODEMA\/UFS. Tem experi\u00eancia na \u00e1rea de Economia, Economia Internacional, Economia do Petr\u00f3leo com \u00eanfase em Desenvolvimento Econ\u00f4mico. O novo secret\u00e1rio foi oficialmente apresentado aos demais secret\u00e1rios e servidores municipais em solenidade no Pa\u00e7o Municipal, Centro Hist\u00f3rico.<br \/>\n\u201cEu precisava de algu\u00e9m que pensasse o planejamento e Fernando vem para cumprir este papel. Ele \u00e9 algu\u00e9m que gosta muito de S\u00e3o Crist\u00f3v\u00e3o e mora no Rosa Elze. Eu tenho a compreens\u00e3o que estamos realizando um trabalho com o objetivo de deixar um legado, precisamos planejar S\u00e3o Crist\u00f3v\u00e3o para o futuro. Que a gente cada vez mais tenha a esperan\u00e7a que vamos transformar e construir um tempo novo para esta cidade, criando oportunidades e mostrando as nossas potencialidades\u201d, falou o prefeito Marcos Santana.<\/p>\n<div id=\"attachment_114317\" style=\"width: 609px\" class=\"wp-caption alignnone\"><a href=\"https:\/\/senoticias.com.br\/se\/wp-content\/uploads\/2018\/07\/Fernando-Santana-SE-Noticias-e1532464957424.jpg\"><img loading=\"lazy\" decoding=\"async\" aria-describedby=\"caption-attachment-114317\" class=\"size-full wp-image-114317\" src=\"https:\/\/senoticias.com.br\/se\/wp-content\/uploads\/2018\/07\/Fernando-Santana-SE-Noticias-e1532464957424.jpg\" alt=\"\" width=\"599\" height=\"469\" \/><\/a><p id=\"caption-attachment-114317\" class=\"wp-caption-text\">Ant\u00f4nio Fernando Carvalho de Andrade \u00e9 empossado novo secret\u00e1rio de Planejamento, Or\u00e7amento e Gest\u00e3o (Foto: Daniele Pereira\/Ascom\/PMSC)<\/p><\/div>\n<p style=\"text-align: justify\">O novo secret\u00e1rio agradeceu o convite do prefeito Marcos Santana para assumir a pasta e reafirmou o seu compromisso com a gest\u00e3o municipal no desenvolvimento de um trabalho que contribua para o desenvolvimento da cidade. \u201cEst\u00e1 na hora de retribuir a cidade de S\u00e3o Crist\u00f3v\u00e3o em forma de trabalho e dedica\u00e7\u00e3o. A cidade pode ter perdido muito com gest\u00f5es passadas, mas a dignidade, o seu povo nunca perdeu. S\u00e3o Crist\u00f3v\u00e3o agora tem um prefeito de verdade e por isso eu aceitei o convite, por saber do trabalho que Marcos Santana vem realizando em S\u00e3o Crist\u00f3v\u00e3o. Minha ambi\u00e7\u00e3o \u00e9 trabalhar e ajudar a gest\u00e3o. Sou humilde para reconhecer o que n\u00e3o sei e tamb\u00e9m muito determinado para aprender. A estrada vai muito al\u00e9m do que se v\u00ea. Vamos adiante porque n\u00f3s temos muito trabalho\u201d, pontuou Ant\u00f4nio Fernando Carvalho de Andrade.<\/p>\n<p style=\"text-align: justify\">O magnifico reitor da Universidade Federal de Sergipe (UFS), \u00c2ngelo Antoniolli falou sobre a import\u00e2ncia da integra\u00e7\u00e3o entre UFS e comunidade e destacou o trabalho que o novo secret\u00e1rio pode desenvolver. \u201cFernando era um militante do movimento estudantil e o que ele mais sabe fazer \u00e9 dialogar. Ele sabe fazer parte de um time e o que motiva ele \u00e9 acreditar em um projeto como ele acredita no projeto do prefeito Marcos Santana. Ele est\u00e1 preparado para ajudar a gest\u00e3o municipal na articula\u00e7\u00e3o. Ele vai agregar significativamente para o fortalecimento e crescimento do munic\u00edpio de S\u00e3o Crist\u00f3v\u00e3o. A aproxima\u00e7\u00e3o com a cidade \u00e9 fundamental, assim como o sentimento de pertencimento dos sancristovenes\u201d, disse.<\/p>\n<p style=\"text-align: justify\"><strong>Presen\u00e7as<\/strong><\/p>\n<p style=\"text-align: justify\">Participaram da posse: o presidente da Funda\u00e7\u00e3o de Cultura e Turismo Jo\u00e3o Bebe-\u00c1gua (Fundact), Everaldo Pinto Fontes; o secret\u00e1rio de Fazenda, Eldro Fran\u00e7a; a secret\u00e1ria de Assist\u00eancia Social e do Trabalho, Elaine Barroso; a secret\u00e1ria de Sa\u00fade, Fernanda Santana, a secret\u00e1ria de Governo e Rela\u00e7\u00f5es Comunit\u00e1rias, Paola Santana; a secret\u00e1ria de Educa\u00e7\u00e3o, Quit\u00e9ria L\u00facia Barros; o secret\u00e1rio de Meio Ambiente, Agricultura e Pesca, Thiago Corr\u00eaa; o secret\u00e1rio de Infraestrutura; Thiago Sousa; o secret\u00e1rio Chefe de Gabinete, M\u00e1rio Freire; o diretor presidente do SAAE, Carlos Melo; a procuradora geral do munic\u00edpio, Aline Magna; a controladora geral do munic\u00edpio de S\u00e3o Crist\u00f3v\u00e3o, Maria Auxiliadora Sobral Feitosa e a diretora de Comunica\u00e7\u00e3o, N\u00edvia Lima. Al\u00e9m de F\u00e1bio Lemos Lopes, diretor de Tr\u00e2nsito da SMTT.<\/p>\n<p style=\"text-align: justify\">Representando a Universidade Federal de Sergipe (UFS), participou o Magnifico Reitor da UFS, \u00c2ngelo Antoniolli; o professor doutor Andr\u00e9 Mauricio; o professor doutor Lucindo Quintans (Pr\u00f3 Reitor de P\u00f3s gradua\u00e7\u00e3o e Pesquisa da UFS); o professor doutor Dilton C\u00e2ndido (Pr\u00f3 Reitor de Gradua\u00e7\u00e3o\/UFS); professor doutor Jodnes Sobreira (Diretor do Campus do Sert\u00e3o); professor doutor Roberto Rodrigues de Souza (Diretor do CCET\/UFS); o professor doutor Jailton Costa (Presidente da CPPD\/UFS); o professor doutor Edward Moreno (vice diretor do CCET\/UFS). O auditor da Receita Federal, Cleriston Adonai tamb\u00e9m esteve presente.<\/p>\n<p>Prestigiou a solenidade de posse, os vereadores: Diego Prado; Djalma Santana; Rege do Rosa Maria e Adailton Lopes (Dito).<\/p>\n<p>&nbsp;<\/p>\n<p>&nbsp;<\/p>\n<p><a href=\"https:\/\/senoticias.com.br\/se\/wp-content\/uploads\/2018\/07\/Logomarca-fone-SE-4-2-1-1.jpg\"><img loading=\"lazy\" decoding=\"async\" class=\"alignnone size-full wp-image-114026\" src=\"https:\/\/senoticias.com.br\/se\/wp-content\/uploads\/2018\/07\/Logomarca-fone-SE-4-2-1-1.jpg\" alt=\"\" width=\"599\" height=\"78\" srcset=\"https:\/\/senoticias.com.br\/se\/wp-content\/uploads\/2018\/07\/Logomarca-fone-SE-4-2-1-1.jpg 599w, https:\/\/senoticias.com.br\/se\/wp-content\/uploads\/2018\/07\/Logomarca-fone-SE-4-2-1-1-300x39.jpg 300w\" sizes=\"(max-width: 599px) 100vw, 599px\" \/><\/a><\/p>\n<p>&nbsp;<\/p>\n<p><em><strong>Acompanhe tamb\u00e9m o SE Not\u00edcias no<\/strong><span class=\"apple-converted-space\"><b>\u00a0<\/b><\/span><a href=\"https:\/\/twitter.com\/Senoticias\" target=\"_blank\" rel=\"noopener\"><b>Twitter<\/b><\/a><strong>,<\/strong><span class=\"apple-converted-space\"><b>\u00a0<\/b><\/span><a href=\"https:\/\/www.facebook.com\/senoticias1\" target=\"_blank\" rel=\"noopener\"><b>Facebook<\/b><span class=\"apple-converted-space\"><b>\u00a0<\/b><\/span><\/a><strong>e no<\/strong><span class=\"apple-converted-space\"><b>\u00a0<\/b><\/span><a href=\"https:\/\/www.instagram.com\/senoticias\/\" target=\"_blank\" rel=\"noopener\"><b>Instagram<\/b><\/a><\/em><\/p>\n<p><em>Por ascom\/PMSC<\/em><\/p>\n","protected":false},"excerpt":{"rendered":"<p>O prefeito Marcos Santana deu posse na manh\u00e3 desta ter\u00e7a-feira (24), ao novo secret\u00e1rio municipal de Planejamento, Or\u00e7amento e Gest\u00e3o. Ant\u00f4nio Fernando Carvalho de Andrade possui gradua\u00e7\u00e3o em Economia pela Universidade Federal de Sergipe, \u00e9 mestre em desenvolvimento e meio ambiente PRODEMA\/UFS e doutorando em desenvolvimento e meio ambiente PRODEMA\/UFS. Tem experi\u00eancia na \u00e1rea de [&hellip;]<\/p>\n","protected":false},"author":6556,"featured_media":114317,"comment_status":"closed","ping_status":"closed","sticky":false,"template":"","format":"standard","meta":{"footnotes":""},"categories":[15,38],"tags":[10438,4589,81,10439],"class_list":{"0":"post-114316","1":"post","2":"type-post","3":"status-publish","4":"format-standard","5":"has-post-thumbnail","7":"category-destaques","8":"category-municipios","9":"tag-fernando-carvalho","10":"tag-prefeito-marcos-santana","11":"tag-prefeitura-de-sao-cristovao","12":"tag-secretario-de-planejamento"},"_links":{"self":[{"href":"https:\/\/senoticias.com.br\/se\/wp-json\/wp\/v2\/posts\/114316"}],"collection":[{"href":"https:\/\/senoticias.com.br\/se\/wp-json\/wp\/v2\/posts"}],"about":[{"href":"https:\/\/senoticias.com.br\/se\/wp-json\/wp\/v2\/types\/post"}],"author":[{"embeddable":true,"href":"https:\/\/senoticias.com.br\/se\/wp-json\/wp\/v2\/users\/6556"}],"replies":[{"embeddable":true,"href":"https:\/\/senoticias.com.br\/se\/wp-json\/wp\/v2\/comments?post=114316"}],"version-history":[{"count":0,"href":"https:\/\/senoticias.com.br\/se\/wp-json\/wp\/v2\/posts\/114316\/revisions"}],"wp:featuredmedia":[{"embeddable":true,"href":"https:\/\/senoticias.com.br\/se\/wp-json\/wp\/v2\/media\/114317"}],"wp:attachment":[{"href":"https:\/\/senoticias.com.br\/se\/wp-json\/wp\/v2\/media?parent=114316"}],"wp:term":[{"taxonomy":"category","embeddable":true,"href":"https:\/\/senoticias.com.br\/se\/wp-json\/wp\/v2\/categories?post=114316"},{"taxonomy":"post_tag","embeddable":true,"href":"https:\/\/senoticias.com.br\/se\/wp-json\/wp\/v2\/tags?post=114316"}],"curies":[{"name":"wp","href":"https:\/\/api.w.org\/{rel}","templated":true}]}}