{"id":114307,"date":"2018-07-24T14:32:30","date_gmt":"2018-07-24T17:32:30","guid":{"rendered":"https:\/\/senoticias.com.br\/se\/?p=114307"},"modified":"2018-07-24T14:32:30","modified_gmt":"2018-07-24T17:32:30","slug":"edvaldo-e-belivaldo-firmam-acordo-para-reduzir-transtornos-gerados-por-obras-da-deso-em-aracaju","status":"publish","type":"post","link":"https:\/\/senoticias.com.br\/se\/edvaldo-e-belivaldo-firmam-acordo-para-reduzir-transtornos-gerados-por-obras-da-deso-em-aracaju\/","title":{"rendered":"Edvaldo e Belivaldo firmam acordo para reduzir transtornos gerados por obras da Deso em Aracaju"},"content":{"rendered":"<p style=\"text-align: justify\"><span style=\"color: #000000\">O prefeito Edvaldo Nogueira recebeu, em seu gabinete, o governador Belivaldo Chagas, na manh\u00e3 desta ter\u00e7a-feira, 24, para discutir uma solu\u00e7\u00e3o definitiva para os transtornos gerados na cidade em decorr\u00eancia das obras da Companhia de Saneamento de Sergipe, a Deso. Edvaldo e Belivaldo chegaram a um acordo, a partir do qual o \u00f3rg\u00e3o estadual estabelecer\u00e1, a partir de agora, um di\u00e1logo efetivo com a Empresa Municipal de Obras e Urbaniza\u00e7\u00e3o (Emurb), com procedimentos pr\u00e9-definidos para autoriza\u00e7\u00e3o de obras de esgotamento sanit\u00e1rio e garantia de recupera\u00e7\u00e3o do pavimento das ruas e avenidas. O prefeito e o governador se disseram muito satisfeitos com o encontro.<\/span><\/p>\n<div id=\"attachment_114308\" style=\"width: 609px\" class=\"wp-caption aligncenter\"><a href=\"https:\/\/senoticias.com.br\/se\/wp-content\/uploads\/2018\/07\/mar_6679.jpg\"><img loading=\"lazy\" decoding=\"async\" aria-describedby=\"caption-attachment-114308\" class=\"wp-image-114308 size-full\" src=\"https:\/\/senoticias.com.br\/se\/wp-content\/uploads\/2018\/07\/mar_6679-e1532453413367.jpg\" alt=\"\" width=\"599\" height=\"400\" \/><\/a><p id=\"caption-attachment-114308\" class=\"wp-caption-text\">Foto: Marco Vieira\/PMA<\/p><\/div>\n<p style=\"text-align: justify\"><span style=\"color: #000000\">\u201cEste encontro foi muito importante para, ao lado do governador e com a participa\u00e7\u00e3o da Emurb e da Deso, definirmos os procedimentos que ir\u00e3o melhorar as situa\u00e7\u00f5es que causavam muitos transtornos na cidade. Todo mundo sabe e a popula\u00e7\u00e3o sente na pele os problemas gerados pela Deso, ao fazer os buracos para a realiza\u00e7\u00e3o de uma obra e, ao concluir, deixar o pavimento malfeito e com muitos transtornos. Eu vinha tendo uma atitude de reclamar, de expor isto para o nosso descontentamento. Agora, com o governador sentamos \u00e0 mesa e vimos que \u00e9 poss\u00edvel minorar estes transtornos. A Deso e a Emurb v\u00e3o sentar e discutir o planejamento de obras. As obras ser\u00e3o liberadas \u00e0 medida que haja garantias de que ser\u00e3o feitas rapidamente, sem gerar transtornos\u201d, afirmou o prefeito, ao final do encontro.<\/span><\/p>\n<p style=\"text-align: justify\"><span style=\"color: #000000\">Edvaldo anunciou ainda que a Prefeitura far\u00e1 uma fiscaliza\u00e7\u00e3o maior e uma discuss\u00e3o mais objetiva sobre como as ruas e avenidas ser\u00e3o devolvidas ao final da obra. \u201cQueremos o pavimento igual ao que era antes da realiza\u00e7\u00e3o do servi\u00e7o. S\u00f3 iremos liberar as obras \u00e0 medida que esta discuss\u00e3o for realizada. A Deso e a Emurb chegar\u00e3o a estas solu\u00e7\u00f5es. Estou muito feliz, pois est\u00e1 \u00e9 uma parceria importante. Chegamos a bom termo. A cidade vai ganhar com isso. A conviv\u00eancia harm\u00f4nica e essa discuss\u00e3o muito concreta sobre cada obra que cada ente est\u00e1 fazendo em Aracaju ser\u00e3o ben\u00e9ficas para a popula\u00e7\u00e3o\u201d, disse.<\/span><\/p>\n<p style=\"text-align: justify\"><span style=\"color: #000000\"><strong>Belivaldo: estamos em sintonia<\/strong><\/span><\/p>\n<p style=\"text-align: justify\"><span style=\"color: #000000\">O governador reconheceu as dificuldades geradas pela Deso nas obras e servi\u00e7os que desenvolve na cidade, mas refor\u00e7ou que o entendimento com a Prefeitura abrir\u00e1 um novo momento de benef\u00edcios para Aracaju. Ele tamb\u00e9m exp\u00f4s que, em breves dias, anunciar\u00e1 uma obra que resultar\u00e1 na melhoria da qualidade de vida da capital sergipana.<\/span><\/p>\n<p style=\"text-align: justify\"><span style=\"color: #000000\">\u201cQueremos acabar com aquela hist\u00f3ria de que Deso vem, abre a rua e n\u00e3o devolve a via como encontrou. Como o prefeito est\u00e1 investindo muito em asfaltamento de ruas e avenidas de Aracaju, a gente quer ter esta preocupa\u00e7\u00e3o com a cidade. As obras de esgotamento ser\u00e3o ajustadas entre Emurb e Deso. Mesmo sem ser prefeito, tamb\u00e9m me preocupo com os transtornos. N\u00e3o d\u00e1 para realizar obra atrapalhando a vida do munic\u00edpio. Se a gente senta, discute, faz cronograma, a cidade ganha. A Deso n\u00e3o pode decidir que vai come\u00e7ar por aqui ou por ali e sair abrindo tudo\u201d, afirmou.<\/span><\/p>\n<p style=\"text-align: justify\"><span style=\"color: #000000\">Belivaldo destacou que \u201cqualquer a\u00e7\u00e3o do governo dentro do munic\u00edpio deve ser realizada para deixar a popula\u00e7\u00e3o satisfeita\u201d. \u201cA gente quer cumprir o nosso papel e agradar a popula\u00e7\u00e3o. \u00c0s vezes, fazemos a obra, mas a popula\u00e7\u00e3o fica irritada devido aos transtornos. Isto vai mudar. Vamos anunciar, em breve, um investimento em obra de esgotamento sanit\u00e1rio em Aracaju. E esta sintonia entre governo e prefeitura tem que existir sempre, pois nos dar\u00e1 a certeza de que iniciaremos a obra e concluiremos, e ningu\u00e9m vai ter do que reclamar\u201d, completou.<\/span><\/p>\n<p style=\"text-align: justify\"><span style=\"color: #000000\">O presidente da Emurb, S\u00e9rgio Ferrari, e o presidente da Deso, Gabriel Campos, tamb\u00e9m participaram da reuni\u00e3o na sede do Poder Executivo Municipal, no Centro Administrativo Prefeito Alo\u00edsio Campos.<\/span><\/p>\n<p>&nbsp;<\/p>\n<p><a href=\"https:\/\/senoticias.com.br\/se\/wp-content\/uploads\/2018\/07\/Logomarca-fone-SE-4-2-1-1.jpg\"><img loading=\"lazy\" decoding=\"async\" class=\"aligncenter wp-image-114026 size-full\" src=\"https:\/\/senoticias.com.br\/se\/wp-content\/uploads\/2018\/07\/Logomarca-fone-SE-4-2-1-1.jpg\" alt=\"\" width=\"599\" height=\"78\" srcset=\"https:\/\/senoticias.com.br\/se\/wp-content\/uploads\/2018\/07\/Logomarca-fone-SE-4-2-1-1.jpg 599w, https:\/\/senoticias.com.br\/se\/wp-content\/uploads\/2018\/07\/Logomarca-fone-SE-4-2-1-1-300x39.jpg 300w\" sizes=\"(max-width: 599px) 100vw, 599px\" \/><\/a><\/p>\n<p>Com informa\u00e7\u00f5es da Ag\u00eancia Aracaju de Not\u00edcias<\/p>\n","protected":false},"excerpt":{"rendered":"<p>O prefeito Edvaldo Nogueira recebeu, em seu gabinete, o governador Belivaldo Chagas, na manh\u00e3 desta ter\u00e7a-feira, 24, para discutir uma solu\u00e7\u00e3o definitiva para os transtornos gerados na cidade em decorr\u00eancia das obras da Companhia de Saneamento de Sergipe, a Deso. Edvaldo e Belivaldo chegaram a um acordo, a partir do qual o \u00f3rg\u00e3o estadual estabelecer\u00e1, [&hellip;]<\/p>\n","protected":false},"author":6553,"featured_media":0,"comment_status":"closed","ping_status":"closed","sticky":false,"template":"","format":"standard","meta":{"footnotes":""},"categories":[15,6],"tags":[339,3565,208,1436,4542,2168,223],"class_list":{"0":"post-114307","1":"post","2":"type-post","3":"status-publish","4":"format-standard","6":"category-destaques","7":"category-politica","8":"tag-aracaju","9":"tag-belivaldo","10":"tag-deso","11":"tag-edvaldo","12":"tag-emurb","13":"tag-politica","14":"tag-sergipe"},"_links":{"self":[{"href":"https:\/\/senoticias.com.br\/se\/wp-json\/wp\/v2\/posts\/114307"}],"collection":[{"href":"https:\/\/senoticias.com.br\/se\/wp-json\/wp\/v2\/posts"}],"about":[{"href":"https:\/\/senoticias.com.br\/se\/wp-json\/wp\/v2\/types\/post"}],"author":[{"embeddable":true,"href":"https:\/\/senoticias.com.br\/se\/wp-json\/wp\/v2\/users\/6553"}],"replies":[{"embeddable":true,"href":"https:\/\/senoticias.com.br\/se\/wp-json\/wp\/v2\/comments?post=114307"}],"version-history":[{"count":0,"href":"https:\/\/senoticias.com.br\/se\/wp-json\/wp\/v2\/posts\/114307\/revisions"}],"wp:attachment":[{"href":"https:\/\/senoticias.com.br\/se\/wp-json\/wp\/v2\/media?parent=114307"}],"wp:term":[{"taxonomy":"category","embeddable":true,"href":"https:\/\/senoticias.com.br\/se\/wp-json\/wp\/v2\/categories?post=114307"},{"taxonomy":"post_tag","embeddable":true,"href":"https:\/\/senoticias.com.br\/se\/wp-json\/wp\/v2\/tags?post=114307"}],"curies":[{"name":"wp","href":"https:\/\/api.w.org\/{rel}","templated":true}]}}