{"id":114305,"date":"2018-07-24T14:24:32","date_gmt":"2018-07-24T17:24:32","guid":{"rendered":"https:\/\/senoticias.com.br\/se\/?p=114305"},"modified":"2018-07-24T14:24:32","modified_gmt":"2018-07-24T17:24:32","slug":"termina-nesta-terca-feira-prazo-para-inscricao-no-fies","status":"publish","type":"post","link":"https:\/\/senoticias.com.br\/se\/termina-nesta-terca-feira-prazo-para-inscricao-no-fies\/","title":{"rendered":"Termina nesta ter\u00e7a-feira prazo para inscri\u00e7\u00e3o no Fies"},"content":{"rendered":"<p style=\"text-align: justify\"><span style=\"color: #000000\">Ap\u00f3s prorroga\u00e7\u00e3o, termina \u00e0s 23h59 nesta ter\u00e7a-feira (24) o prazo para inscri\u00e7\u00e3o no Fundo de Financiamento Estudantil (Fies) para vagas no segundo semestre deste ano. As inscri\u00e7\u00f5es devem ser feitas na p\u00e1gina do Fies, na internet.<\/span><\/p>\n<p style=\"text-align: justify\"><span style=\"color: #000000\">Nesta edi\u00e7\u00e3o, s\u00e3o ofertadas pelo menos 155 mil vagas, das quais 50 mil com juro zero. O programa concede financiamento a estudantes em cursos superiores de institui\u00e7\u00f5es privadas que tenham avalia\u00e7\u00e3o positiva do Minist\u00e9rio da Educa\u00e7\u00e3o.<\/span><\/p>\n<div id=\"attachment_103638\" style=\"width: 610px\" class=\"wp-caption aligncenter\"><a href=\"https:\/\/senoticias.com.br\/se\/wp-content\/uploads\/2017\/05\/fies-2017.jpg\"><img loading=\"lazy\" decoding=\"async\" aria-describedby=\"caption-attachment-103638\" class=\"wp-image-103638 size-full\" src=\"https:\/\/senoticias.com.br\/se\/wp-content\/uploads\/2017\/05\/fies-2017.jpg\" alt=\"\" width=\"600\" height=\"400\" srcset=\"https:\/\/senoticias.com.br\/se\/wp-content\/uploads\/2017\/05\/fies-2017.jpg 600w, https:\/\/senoticias.com.br\/se\/wp-content\/uploads\/2017\/05\/fies-2017-300x200.jpg 300w, https:\/\/senoticias.com.br\/se\/wp-content\/uploads\/2017\/05\/fies-2017-90x60.jpg 90w, https:\/\/senoticias.com.br\/se\/wp-content\/uploads\/2017\/05\/fies-2017-180x120.jpg 180w, https:\/\/senoticias.com.br\/se\/wp-content\/uploads\/2017\/05\/fies-2017-95x64.jpg 95w\" sizes=\"(max-width: 600px) 100vw, 600px\" \/><\/a><p id=\"caption-attachment-103638\" class=\"wp-caption-text\">Foto: Ag\u00eancia Brasil<\/p><\/div>\n<p style=\"text-align: justify\"><span style=\"color: #000000\">O resultado da sele\u00e7\u00e3o do Fies ser\u00e1 divulgado no dia 30 deste m\u00eas, em chamada \u00fanica. Os candidatos pr\u00e9-selecionados dever\u00e3o complementar as informa\u00e7\u00f5es da inscri\u00e7\u00e3o do dia 30 deste m\u00eas at\u00e9 3 de agosto e, em seguida, fechar a contrata\u00e7\u00e3o do financiamento.<\/span><\/p>\n<p style=\"text-align: justify\"><span style=\"color: #000000\">Pode concorrer \u00e0s vagas quem fez uma das edi\u00e7\u00f5es do Exame Nacional do Ensino M\u00e9dio (Enem) a partir de 2010, teve m\u00e9dia igual ou superior a 450 pontos e n\u00e3o tirou zero na reda\u00e7\u00e3o.<\/span><\/p>\n<p style=\"text-align: justify\"><span style=\"color: #000000\"><strong>Modalidades<\/strong><\/span><br \/>\n<span style=\"color: #000000\">O novo Fies tem modalidades de acordo com a renda familiar do candidato. A que tem juro zero destina-se a candidatos com renda mensal familiar per capita de at\u00e9 tr\u00eas sal\u00e1rios m\u00ednimos (R$ 2.862). Nesse caso, o financiamento m\u00ednimo \u00e9 50% do curso, e o limite m\u00e1ximo semestral de R$ 42 mil.<\/span><\/p>\n<p style=\"text-align: justify\"><span style=\"color: #000000\">A modalidade chamada de P-Fies \u00e9 para candidatos com renda familiar per capita entre tr\u00eas (R$ 2.862) e cinco sal\u00e1rios m\u00ednimos (R$ 4.770). Nesse caso, o financiamento \u00e9 feito por condi\u00e7\u00f5es definidas pelo agente financeiro operador de cr\u00e9dito, que pode ser um banco privado ou fundos constitucionais e de desenvolvimento.<\/span><\/p>\n<p>&nbsp;<\/p>\n<p><a href=\"https:\/\/senoticias.com.br\/se\/wp-content\/uploads\/2018\/07\/Logomarca-fone-SE-4-2-1-1.jpg\"><img loading=\"lazy\" decoding=\"async\" class=\"aligncenter wp-image-114026 size-full\" src=\"https:\/\/senoticias.com.br\/se\/wp-content\/uploads\/2018\/07\/Logomarca-fone-SE-4-2-1-1.jpg\" alt=\"\" width=\"599\" height=\"78\" srcset=\"https:\/\/senoticias.com.br\/se\/wp-content\/uploads\/2018\/07\/Logomarca-fone-SE-4-2-1-1.jpg 599w, https:\/\/senoticias.com.br\/se\/wp-content\/uploads\/2018\/07\/Logomarca-fone-SE-4-2-1-1-300x39.jpg 300w\" sizes=\"(max-width: 599px) 100vw, 599px\" \/><\/a><\/p>\n<p>Por Ag\u00eancia Brasil<\/p>\n","protected":false},"excerpt":{"rendered":"<p>Ap\u00f3s prorroga\u00e7\u00e3o, termina \u00e0s 23h59 nesta ter\u00e7a-feira (24) o prazo para inscri\u00e7\u00e3o no Fundo de Financiamento Estudantil (Fies) para vagas no segundo semestre deste ano. As inscri\u00e7\u00f5es devem ser feitas na p\u00e1gina do Fies, na internet. Nesta edi\u00e7\u00e3o, s\u00e3o ofertadas pelo menos 155 mil vagas, das quais 50 mil com juro zero. O programa concede [&hellip;]<\/p>\n","protected":false},"author":6553,"featured_media":0,"comment_status":"closed","ping_status":"closed","sticky":false,"template":"","format":"standard","meta":{"footnotes":""},"categories":[15,2961],"tags":[370,1306,8950,844,6868,884,3396,223,3773],"class_list":{"0":"post-114305","1":"post","2":"type-post","3":"status-publish","4":"format-standard","6":"category-destaques","7":"category-nacional","8":"tag-brasil","9":"tag-educacao","10":"tag-ensino-superior","11":"tag-fies","12":"tag-financiamento","13":"tag-inscricoes","14":"tag-prazo","15":"tag-sergipe","16":"tag-universidade"},"_links":{"self":[{"href":"https:\/\/senoticias.com.br\/se\/wp-json\/wp\/v2\/posts\/114305"}],"collection":[{"href":"https:\/\/senoticias.com.br\/se\/wp-json\/wp\/v2\/posts"}],"about":[{"href":"https:\/\/senoticias.com.br\/se\/wp-json\/wp\/v2\/types\/post"}],"author":[{"embeddable":true,"href":"https:\/\/senoticias.com.br\/se\/wp-json\/wp\/v2\/users\/6553"}],"replies":[{"embeddable":true,"href":"https:\/\/senoticias.com.br\/se\/wp-json\/wp\/v2\/comments?post=114305"}],"version-history":[{"count":0,"href":"https:\/\/senoticias.com.br\/se\/wp-json\/wp\/v2\/posts\/114305\/revisions"}],"wp:attachment":[{"href":"https:\/\/senoticias.com.br\/se\/wp-json\/wp\/v2\/media?parent=114305"}],"wp:term":[{"taxonomy":"category","embeddable":true,"href":"https:\/\/senoticias.com.br\/se\/wp-json\/wp\/v2\/categories?post=114305"},{"taxonomy":"post_tag","embeddable":true,"href":"https:\/\/senoticias.com.br\/se\/wp-json\/wp\/v2\/tags?post=114305"}],"curies":[{"name":"wp","href":"https:\/\/api.w.org\/{rel}","templated":true}]}}