{"id":114287,"date":"2018-07-23T11:52:47","date_gmt":"2018-07-23T14:52:47","guid":{"rendered":"https:\/\/senoticias.com.br\/se\/?p=114287"},"modified":"2018-07-23T14:09:50","modified_gmt":"2018-07-23T17:09:50","slug":"policia-militar-faz-apreensoes-na-feira-das-trocas-do-bairro-lamarao","status":"publish","type":"post","link":"https:\/\/senoticias.com.br\/se\/policia-militar-faz-apreensoes-na-feira-das-trocas-do-bairro-lamarao\/","title":{"rendered":"Pol\u00edcia Militar faz apreens\u00f5es na Feira das Trocas do Bairro Lamar\u00e3o"},"content":{"rendered":"<p style=\"text-align: justify;\"><span style=\"color: #000000;\">Na manh\u00e3 do \u00faltimo s\u00e1bado, 21, militares do Pelot\u00e3o de Pol\u00edcia Ambiental (PPAmb) apreenderam 18 aves silvestres na regi\u00e3o da Feira das Trocas, no Bairro Lamar\u00e3o, zona Norte de Aracaju.<\/span><\/p>\n<div id=\"attachment_114288\" style=\"width: 390px\" class=\"wp-caption aligncenter\"><a href=\"https:\/\/senoticias.com.br\/se\/wp-content\/uploads\/2018\/07\/image-1-1-e1532357453425.png\"><img loading=\"lazy\" decoding=\"async\" aria-describedby=\"caption-attachment-114288\" class=\"wp-image-114288 size-full\" src=\"https:\/\/senoticias.com.br\/se\/wp-content\/uploads\/2018\/07\/image-1-1-e1532357453425.png\" alt=\"\" width=\"380\" height=\"285\" \/><\/a><p id=\"caption-attachment-114288\" class=\"wp-caption-text\">Foto: PM<\/p><\/div>\n<p style=\"text-align: justify;\"><span style=\"color: #000000;\">O flagrante de com\u00e9rcio ilegal de p\u00e1ssaros silvestres ocorreu durante a fiscaliza\u00e7\u00e3o de rotina, efetuada por equipes do PPAmb, na localidade situada pr\u00f3xima a cabeceira da ponte que liga o Lamar\u00e3o ao Conjunto Jo\u00e3o Alves, em Socorro.<\/span><\/p>\n<p style=\"text-align: justify;\"><span style=\"color: #000000;\">No momento da chegada dos policiais, os infratores abandonaram as gaiolas com os animais e fugiram. No total, 18 aves foram apreendidas, todas bastante comuns nos biomas sergipanos, como sanha\u00e7os, can\u00e1rios e papa-capins. Os p\u00e1ssaros n\u00e3o apresentavam sinais de domestica\u00e7\u00e3o e, por este motivo, foram soltos em habitat natural.<\/span><\/p>\n<p>&nbsp;<\/p>\n<p>&nbsp;<\/p>\n<p><a href=\"https:\/\/senoticias.com.br\/se\/wp-content\/uploads\/2018\/07\/Logomarca-fone-SE-4-2-1-1.jpg\"><img loading=\"lazy\" decoding=\"async\" class=\"aligncenter wp-image-114026 size-full\" src=\"https:\/\/senoticias.com.br\/se\/wp-content\/uploads\/2018\/07\/Logomarca-fone-SE-4-2-1-1.jpg\" alt=\"\" width=\"599\" height=\"78\" srcset=\"https:\/\/senoticias.com.br\/se\/wp-content\/uploads\/2018\/07\/Logomarca-fone-SE-4-2-1-1.jpg 599w, https:\/\/senoticias.com.br\/se\/wp-content\/uploads\/2018\/07\/Logomarca-fone-SE-4-2-1-1-300x39.jpg 300w\" sizes=\"(max-width: 599px) 100vw, 599px\" \/><\/a><\/p>\n<p><em><strong>Acompanhe tamb\u00e9m o SE Not\u00edcias no<\/strong><span class=\"apple-converted-space\"><b>\u00a0<\/b><\/span><a href=\"https:\/\/twitter.com\/Senoticias\" target=\"_blank\" rel=\"noopener\"><b>Twitter<\/b><\/a><strong>,<\/strong><span class=\"apple-converted-space\"><b>\u00a0<\/b><\/span><a href=\"https:\/\/www.facebook.com\/senoticias1\" target=\"_blank\" rel=\"noopener\"><b>Facebook<\/b><span class=\"apple-converted-space\"><b>\u00a0<\/b><\/span><\/a><strong>e no<\/strong><span class=\"apple-converted-space\"><b>\u00a0<\/b><\/span><a href=\"https:\/\/www.instagram.com\/senoticias\/\" target=\"_blank\" rel=\"noopener\"><b>Instagram<\/b><\/a><\/em><\/p>\n<p>Por Pol\u00edcia Militar<\/p>\n","protected":false},"excerpt":{"rendered":"<p>Na manh\u00e3 do \u00faltimo s\u00e1bado, 21, militares do Pelot\u00e3o de Pol\u00edcia Ambiental (PPAmb) apreenderam 18 aves silvestres na regi\u00e3o da Feira das Trocas, no Bairro Lamar\u00e3o, zona Norte de Aracaju. O flagrante de com\u00e9rcio ilegal de p\u00e1ssaros silvestres ocorreu durante a fiscaliza\u00e7\u00e3o de rotina, efetuada por equipes do PPAmb, na localidade situada pr\u00f3xima a cabeceira [&hellip;]<\/p>\n","protected":false},"author":6553,"featured_media":0,"comment_status":"closed","ping_status":"closed","sticky":false,"template":"","format":"standard","meta":{"footnotes":""},"categories":[7],"tags":[2953,10423,10424,2952,1303],"class_list":{"0":"post-114287","1":"post","2":"type-post","3":"status-publish","4":"format-standard","6":"category-policia","7":"tag-apreensao","8":"tag-aves","9":"tag-feira-das-trocas","10":"tag-pm","11":"tag-policia"},"_links":{"self":[{"href":"https:\/\/senoticias.com.br\/se\/wp-json\/wp\/v2\/posts\/114287"}],"collection":[{"href":"https:\/\/senoticias.com.br\/se\/wp-json\/wp\/v2\/posts"}],"about":[{"href":"https:\/\/senoticias.com.br\/se\/wp-json\/wp\/v2\/types\/post"}],"author":[{"embeddable":true,"href":"https:\/\/senoticias.com.br\/se\/wp-json\/wp\/v2\/users\/6553"}],"replies":[{"embeddable":true,"href":"https:\/\/senoticias.com.br\/se\/wp-json\/wp\/v2\/comments?post=114287"}],"version-history":[{"count":0,"href":"https:\/\/senoticias.com.br\/se\/wp-json\/wp\/v2\/posts\/114287\/revisions"}],"wp:attachment":[{"href":"https:\/\/senoticias.com.br\/se\/wp-json\/wp\/v2\/media?parent=114287"}],"wp:term":[{"taxonomy":"category","embeddable":true,"href":"https:\/\/senoticias.com.br\/se\/wp-json\/wp\/v2\/categories?post=114287"},{"taxonomy":"post_tag","embeddable":true,"href":"https:\/\/senoticias.com.br\/se\/wp-json\/wp\/v2\/tags?post=114287"}],"curies":[{"name":"wp","href":"https:\/\/api.w.org\/{rel}","templated":true}]}}