{"id":114223,"date":"2018-07-19T13:52:49","date_gmt":"2018-07-19T16:52:49","guid":{"rendered":"https:\/\/senoticias.com.br\/se\/?p=114223"},"modified":"2018-07-19T15:14:05","modified_gmt":"2018-07-19T18:14:05","slug":"justica-acata-denuncia-contra-suspeitos-de-tentar-fraudar-concurso-da-pm","status":"publish","type":"post","link":"https:\/\/senoticias.com.br\/se\/justica-acata-denuncia-contra-suspeitos-de-tentar-fraudar-concurso-da-pm\/","title":{"rendered":"Justi\u00e7a acata den\u00fancia contra suspeitos de tentar fraudar concurso da PM"},"content":{"rendered":"<p style=\"text-align: justify\"><span style=\"color: #000000\">Nesta quinta-feira, 19, a ju\u00edza Jumara Porto Pinheiro, da 9\u00aa Vara Criminal de Aracaju, decidiu acatar a den\u00fancia do Minist\u00e9rio P\u00fablico Estadual de Sergipe (MPE\/SE) contra os dois suspeitos de tentar fraudar o concurso da Pol\u00edcia Militar de Sergipe.<\/span><\/p>\n<p style=\"text-align: justify\"><span style=\"color: #000000\">Eles s\u00e3o denunciados pelo MPE por utilizar conte\u00fado sigiloso de concurso p\u00fablico em benef\u00edcio pr\u00f3prio e de associa\u00e7\u00e3o para cometimento de crime.<\/span><\/p>\n<div id=\"attachment_114225\" style=\"width: 609px\" class=\"wp-caption aligncenter\"><a href=\"https:\/\/senoticias.com.br\/se\/wp-content\/uploads\/2018\/07\/exame-de-raio-x-constatou-a-presenca-de-um-celular-dentro-do-gesso-1.jpeg\"><img loading=\"lazy\" decoding=\"async\" aria-describedby=\"caption-attachment-114225\" class=\"wp-image-114225 size-full\" src=\"https:\/\/senoticias.com.br\/se\/wp-content\/uploads\/2018\/07\/exame-de-raio-x-constatou-a-presenca-de-um-celular-dentro-do-gesso-1-e1532019103898.jpeg\" alt=\"\" width=\"599\" height=\"375\" \/><\/a><p id=\"caption-attachment-114225\" class=\"wp-caption-text\">Foto: PM<\/p><\/div>\n<p style=\"text-align: justify\"><span style=\"color: #000000\">A magistrada tamb\u00e9m autorizou que seja realizada uma per\u00edcia nos aparelhos telef\u00f4nicos dos suspeitos. No entendimento do MPE, a an\u00e1lise do conte\u00fado dos aparelhos pode ajudar na identifica\u00e7\u00e3o de integrantes da associa\u00e7\u00e3o criminosa que atuava na tentativa de fraudar o concurso.<\/span><\/p>\n<p><strong>Saiba mais<\/strong><\/p>\n<p><a href=\"http:\/\/Irm\u00e3os s\u00e3o presos por tentarem fraudar o concurso da PM de Sergipe\"><strong>Irm\u00e3os s\u00e3o presos por tentarem fraudar o concurso da PM de Sergipe<\/strong><\/a><\/p>\n<p style=\"text-align: justify\"><span style=\"color: #000000\">O advogado de defesa dos suspeitos disse que est\u00e1 ciente da aceita\u00e7\u00e3o da den\u00fancia e que vai apresentar a defesa deles, por\u00e9m preferiu n\u00e3o entrar no m\u00e9rito dos argumentos que v\u00e3o ser utilizados.<\/span><\/p>\n<p style=\"text-align: justify\"><span style=\"color: #000000\">A delegada Rosana Freitas, que investiga o caso, disse ao G1 que a per\u00edcia dos aparelhos vai ser realizada pelo Instituto de Criminal\u00edstica.<\/span><\/p>\n<p>&nbsp;<\/p>\n<p><em>Com informa\u00e7\u00f5es do G1 SE<\/em><\/p>\n<p>&nbsp;<\/p>\n<p><a href=\"https:\/\/senoticias.com.br\/se\/wp-content\/uploads\/2018\/07\/Logomarca-fone-SE-4-2-1-1.jpg\"><img loading=\"lazy\" decoding=\"async\" class=\"aligncenter wp-image-114026 size-full\" src=\"https:\/\/senoticias.com.br\/se\/wp-content\/uploads\/2018\/07\/Logomarca-fone-SE-4-2-1-1.jpg\" alt=\"\" width=\"599\" height=\"78\" srcset=\"https:\/\/senoticias.com.br\/se\/wp-content\/uploads\/2018\/07\/Logomarca-fone-SE-4-2-1-1.jpg 599w, https:\/\/senoticias.com.br\/se\/wp-content\/uploads\/2018\/07\/Logomarca-fone-SE-4-2-1-1-300x39.jpg 300w\" sizes=\"(max-width: 599px) 100vw, 599px\" \/><\/a><\/p>\n<p><em><strong>Acompanhe tamb\u00e9m o SE Not\u00edcias no<\/strong><span class=\"apple-converted-space\"><b>\u00a0<\/b><\/span><a href=\"https:\/\/twitter.com\/Senoticias\" target=\"_blank\" rel=\"noopener\"><b>Twitter<\/b><\/a><strong>,<\/strong><span class=\"apple-converted-space\"><b>\u00a0<\/b><\/span><a href=\"https:\/\/www.facebook.com\/senoticias1\" target=\"_blank\" rel=\"noopener\"><b>Facebook<\/b><span class=\"apple-converted-space\"><b>\u00a0<\/b><\/span><\/a><strong>e no<\/strong><span class=\"apple-converted-space\"><b>\u00a0<\/b><\/span><a href=\"https:\/\/www.instagram.com\/senoticias\/\" target=\"_blank\" rel=\"noopener\"><b>Instagram<\/b><\/a><\/em><\/p>\n<p>&nbsp;<\/p>\n","protected":false},"excerpt":{"rendered":"<p>Nesta quinta-feira, 19, a ju\u00edza Jumara Porto Pinheiro, da 9\u00aa Vara Criminal de Aracaju, decidiu acatar a den\u00fancia do Minist\u00e9rio P\u00fablico Estadual de Sergipe (MPE\/SE) contra os dois suspeitos de tentar fraudar o concurso da Pol\u00edcia Militar de Sergipe. Eles s\u00e3o denunciados pelo MPE por utilizar conte\u00fado sigiloso de concurso p\u00fablico em benef\u00edcio pr\u00f3prio e [&hellip;]<\/p>\n","protected":false},"author":6553,"featured_media":0,"comment_status":"closed","ping_status":"closed","sticky":false,"template":"","format":"standard","meta":{"footnotes":""},"categories":[15,7],"tags":[339,412,3179,4621,2967,2952,1303,223],"class_list":{"0":"post-114223","1":"post","2":"type-post","3":"status-publish","4":"format-standard","6":"category-destaques","7":"category-policia","8":"tag-aracaju","9":"tag-concurso","10":"tag-crime","11":"tag-denuncia","12":"tag-fraude","13":"tag-pm","14":"tag-policia","15":"tag-sergipe"},"_links":{"self":[{"href":"https:\/\/senoticias.com.br\/se\/wp-json\/wp\/v2\/posts\/114223"}],"collection":[{"href":"https:\/\/senoticias.com.br\/se\/wp-json\/wp\/v2\/posts"}],"about":[{"href":"https:\/\/senoticias.com.br\/se\/wp-json\/wp\/v2\/types\/post"}],"author":[{"embeddable":true,"href":"https:\/\/senoticias.com.br\/se\/wp-json\/wp\/v2\/users\/6553"}],"replies":[{"embeddable":true,"href":"https:\/\/senoticias.com.br\/se\/wp-json\/wp\/v2\/comments?post=114223"}],"version-history":[{"count":0,"href":"https:\/\/senoticias.com.br\/se\/wp-json\/wp\/v2\/posts\/114223\/revisions"}],"wp:attachment":[{"href":"https:\/\/senoticias.com.br\/se\/wp-json\/wp\/v2\/media?parent=114223"}],"wp:term":[{"taxonomy":"category","embeddable":true,"href":"https:\/\/senoticias.com.br\/se\/wp-json\/wp\/v2\/categories?post=114223"},{"taxonomy":"post_tag","embeddable":true,"href":"https:\/\/senoticias.com.br\/se\/wp-json\/wp\/v2\/tags?post=114223"}],"curies":[{"name":"wp","href":"https:\/\/api.w.org\/{rel}","templated":true}]}}