{"id":114222,"date":"2018-07-19T13:47:41","date_gmt":"2018-07-19T16:47:41","guid":{"rendered":"https:\/\/senoticias.com.br\/se\/?p=114222"},"modified":"2018-07-19T13:50:06","modified_gmt":"2018-07-19T16:50:06","slug":"114222-2","status":"publish","type":"post","link":"https:\/\/senoticias.com.br\/se\/114222-2\/","title":{"rendered":"Minist\u00e9rio P\u00fablico Federal acata pedido de suspens\u00e3o do concurso da UFS"},"content":{"rendered":"<p style=\"text-align: justify;\">O Minist\u00e9rio P\u00fablico Federal em Sergipe (MPF\/SE), atrav\u00e9s do procurador Leonardo Cervino Martinelli, acatou o pedido de suspens\u00e3o do concurso p\u00fablico da Universidade Federal de Sergipe (UFS).<\/p>\n<div id=\"attachment_59488\" style=\"width: 710px\" class=\"wp-caption aligncenter\"><a href=\"https:\/\/senoticias.com.br\/se\/wp-content\/uploads\/2014\/02\/grande-ufs_grande_novo_291011.jpg\"><img loading=\"lazy\" decoding=\"async\" aria-describedby=\"caption-attachment-59488\" class=\"size-full wp-image-59488\" src=\"https:\/\/senoticias.com.br\/se\/wp-content\/uploads\/2014\/02\/grande-ufs_grande_novo_291011.jpg\" alt=\"\" width=\"700\" height=\"525\" srcset=\"https:\/\/senoticias.com.br\/se\/wp-content\/uploads\/2014\/02\/grande-ufs_grande_novo_291011.jpg 700w, https:\/\/senoticias.com.br\/se\/wp-content\/uploads\/2014\/02\/grande-ufs_grande_novo_291011-300x225.jpg 300w, https:\/\/senoticias.com.br\/se\/wp-content\/uploads\/2014\/02\/grande-ufs_grande_novo_291011-342x256.jpg 342w, https:\/\/senoticias.com.br\/se\/wp-content\/uploads\/2014\/02\/grande-ufs_grande_novo_291011-60x45.jpg 60w, https:\/\/senoticias.com.br\/se\/wp-content\/uploads\/2014\/02\/grande-ufs_grande_novo_291011-150x113.jpg 150w, https:\/\/senoticias.com.br\/se\/wp-content\/uploads\/2014\/02\/grande-ufs_grande_novo_291011-269x201.jpg 269w\" sizes=\"(max-width: 700px) 100vw, 700px\" \/><\/a><p id=\"caption-attachment-59488\" class=\"wp-caption-text\">A universidade ainda n\u00e3o se pronunciou sobre a suspens\u00e3o. (Foto: arquivo\/UFS)<\/p><\/div>\n<p style=\"text-align: justify;\">Na decis\u00e3o, o procurador julgou procedente a anula\u00e7\u00e3o j\u00e1 que houve \u201cevidente viola\u00e7\u00e3o aos princ\u00edpios da impessoalidade e da legalidade\u201d, pois a identifica\u00e7\u00e3o dos candidatos ocorreu nos envelopes e n\u00e3o nas provas.<\/p>\n<p style=\"text-align: justify;\">Uma A\u00e7\u00e3o Popular foi proposta por cinco pessoas, pedindo a suspens\u00e3o imediata e anula\u00e7\u00e3o do concurso p\u00fablico para preenchimento de vagas da carreira do magist\u00e9rio superior da UFS, regido pelo Edital n\u00ba 017\/2016.<\/p>\n<p style=\"text-align: justify;\">A a\u00e7\u00e3o utilizou os seguintes argumentos para pedir a nulidade do concurso:<\/p>\n<p style=\"text-align: justify;\">1 &#8211; Princ\u00edpio de impessoalidade violado por existir rela\u00e7\u00e3o profissional e pessoal de alguns membros da comiss\u00e3o com candidatos aprovados na 2\u00aa fase do concurso;<br \/>\n2 &#8211; Identifica\u00e7\u00e3o das provas;<br \/>\n3 &#8211; Descumprimento de itens previstos no edital.<\/p>\n<p>De acordo com o MPF, a UFS confessou que os envelopes foram identificados.<\/p>\n<p><a href=\"https:\/\/senoticias.com.br\/se\/wp-content\/uploads\/2018\/07\/Logomarca-fone-SE-4-2-1-1.jpg\"><img loading=\"lazy\" decoding=\"async\" class=\"aligncenter size-full wp-image-114026\" src=\"https:\/\/senoticias.com.br\/se\/wp-content\/uploads\/2018\/07\/Logomarca-fone-SE-4-2-1-1.jpg\" alt=\"\" width=\"599\" height=\"78\" srcset=\"https:\/\/senoticias.com.br\/se\/wp-content\/uploads\/2018\/07\/Logomarca-fone-SE-4-2-1-1.jpg 599w, https:\/\/senoticias.com.br\/se\/wp-content\/uploads\/2018\/07\/Logomarca-fone-SE-4-2-1-1-300x39.jpg 300w\" sizes=\"(max-width: 599px) 100vw, 599px\" \/><\/a><\/p>\n<p><em><strong>Acompanhe tamb\u00e9m o SE Not\u00edcias no<\/strong><span class=\"apple-converted-space\"><b>\u00a0<\/b><\/span><a href=\"https:\/\/twitter.com\/Senoticias\" target=\"_blank\" rel=\"noopener\"><b>Twitter<\/b><\/a><strong>,<\/strong><span class=\"apple-converted-space\"><b>\u00a0<\/b><\/span><a href=\"https:\/\/www.facebook.com\/senoticias1\" target=\"_blank\" rel=\"noopener\"><b>Facebook<\/b><span class=\"apple-converted-space\"><b>\u00a0<\/b><\/span><\/a><strong>e no<\/strong><span class=\"apple-converted-space\"><b>\u00a0<\/b><\/span><a href=\"https:\/\/www.instagram.com\/senoticias\/\" target=\"_blank\" rel=\"noopener\"><b>Instagram<\/b><\/a><\/em><\/p>\n<p><em>Com informa\u00e7\u00f5es do <a href=\"https:\/\/g1.globo.com\/se\/sergipe\/noticia\/2018\/07\/19\/ministerio-publico-federal-acata-pedido-de-suspensao-do-concurso-da-ufs.ghtml\"><strong>G1<\/strong><\/a> SE<\/em><\/p>\n","protected":false},"excerpt":{"rendered":"<p>O Minist\u00e9rio P\u00fablico Federal em Sergipe (MPF\/SE), atrav\u00e9s do procurador Leonardo Cervino Martinelli, acatou o pedido de suspens\u00e3o do concurso p\u00fablico da Universidade Federal de Sergipe (UFS). Na decis\u00e3o, o procurador julgou procedente a anula\u00e7\u00e3o j\u00e1 que houve \u201cevidente viola\u00e7\u00e3o aos princ\u00edpios da impessoalidade e da legalidade\u201d, pois a identifica\u00e7\u00e3o dos candidatos ocorreu nos envelopes [&hellip;]<\/p>\n","protected":false},"author":6552,"featured_media":102372,"comment_status":"closed","ping_status":"closed","sticky":false,"template":"","format":"standard","meta":{"footnotes":""},"categories":[15,38],"tags":[10395,6244,2299],"class_list":{"0":"post-114222","1":"post","2":"type-post","3":"status-publish","4":"format-standard","5":"has-post-thumbnail","7":"category-destaques","8":"category-municipios","9":"tag-concurso-da-ufs","10":"tag-ministerio-publico-federal-em-sergipe","11":"tag-ufs"},"_links":{"self":[{"href":"https:\/\/senoticias.com.br\/se\/wp-json\/wp\/v2\/posts\/114222"}],"collection":[{"href":"https:\/\/senoticias.com.br\/se\/wp-json\/wp\/v2\/posts"}],"about":[{"href":"https:\/\/senoticias.com.br\/se\/wp-json\/wp\/v2\/types\/post"}],"author":[{"embeddable":true,"href":"https:\/\/senoticias.com.br\/se\/wp-json\/wp\/v2\/users\/6552"}],"replies":[{"embeddable":true,"href":"https:\/\/senoticias.com.br\/se\/wp-json\/wp\/v2\/comments?post=114222"}],"version-history":[{"count":0,"href":"https:\/\/senoticias.com.br\/se\/wp-json\/wp\/v2\/posts\/114222\/revisions"}],"wp:featuredmedia":[{"embeddable":true,"href":"https:\/\/senoticias.com.br\/se\/wp-json\/wp\/v2\/media\/102372"}],"wp:attachment":[{"href":"https:\/\/senoticias.com.br\/se\/wp-json\/wp\/v2\/media?parent=114222"}],"wp:term":[{"taxonomy":"category","embeddable":true,"href":"https:\/\/senoticias.com.br\/se\/wp-json\/wp\/v2\/categories?post=114222"},{"taxonomy":"post_tag","embeddable":true,"href":"https:\/\/senoticias.com.br\/se\/wp-json\/wp\/v2\/tags?post=114222"}],"curies":[{"name":"wp","href":"https:\/\/api.w.org\/{rel}","templated":true}]}}