{"id":114219,"date":"2018-07-19T06:57:34","date_gmt":"2018-07-19T09:57:34","guid":{"rendered":"https:\/\/senoticias.com.br\/se\/?p=114219"},"modified":"2018-07-19T15:14:45","modified_gmt":"2018-07-19T18:14:45","slug":"com-gol-de-ex-flamengo-sao-paulo-vence-e-assume-vice-lideranca","status":"publish","type":"post","link":"https:\/\/senoticias.com.br\/se\/com-gol-de-ex-flamengo-sao-paulo-vence-e-assume-vice-lideranca\/","title":{"rendered":"Com gol de ex-Flamengo, S\u00e3o Paulo vence e assume vice-lideran\u00e7a; confira a classifica\u00e7\u00e3o"},"content":{"rendered":"<p style=\"text-align: justify;\">O S\u00e3o Paulo conquistou uma importante vit\u00f3ria durante a noite desta quarta-feira, no Maracan\u00e3. Em duelo entre dois postulantes ao t\u00edtulo do Campeonato Brasileiro, o Tricolor n\u00e3o se intimidou diante do l\u00edder Flamengo e venceu pelo placar de 1 a 0, com gol de Everton, que fez valer a lei do ex.<\/p>\n<div id=\"attachment_114220\" style=\"width: 609px\" class=\"wp-caption aligncenter\"><a href=\"https:\/\/senoticias.com.br\/se\/wp-content\/uploads\/2018\/07\/01134188-e1531994122228.jpg\"><img loading=\"lazy\" decoding=\"async\" aria-describedby=\"caption-attachment-114220\" class=\"size-full wp-image-114220\" src=\"https:\/\/senoticias.com.br\/se\/wp-content\/uploads\/2018\/07\/01134188-e1531994122228.jpg\" alt=\"\" width=\"599\" height=\"399\" \/><\/a><p id=\"caption-attachment-114220\" class=\"wp-caption-text\">S\u00e3o Paulo cola no l\u00edder Flamengo com vit\u00f3ria no Maracan\u00e3. (Foto: Rudy Trindade\/Gazeta Press)<\/p><\/div>\n<p style=\"text-align: justify;\">Mas Everton n\u00e3o foi o \u00fanico a ser decisivo na vit\u00f3ria s\u00e3o-paulina. Foi do estreante Joao Rojas, contratado junto ao Talleres-ARG durante a intertemporada, que saiu o cruzamento para o gol do ex-Flamengo. J\u00e1 Paolo Guerrero, liberado pela Corte Arbitral do Esporte (CAS), teve atua\u00e7\u00e3o apagada e foi anulado pela marca\u00e7\u00e3o rival.<\/p>\n<p style=\"text-align: justify;\">Com o resultado, o S\u00e3o Paulo chegou aos 26 pontos e deixou a terceira posi\u00e7\u00e3o para assumir a vice-lideran\u00e7a do Brasileir\u00e3o. O Flamengo, por sua vez, segue no primeiro lugar, com 27 pontos, mas v\u00ea o clube do Morumbi se aproximar perigosamente.<\/p>\n<p style=\"text-align: justify;\">Pela 14\u00aa rodada do Campeonato Brasileiro, ambos os times t\u00eam cl\u00e1ssicos estaduais pela frente. O S\u00e3o Paulo recebe o arquirrival Corinthians no pr\u00f3ximo s\u00e1bado, \u00e0s 21 horas (de Bras\u00edlia), no Morumbi. No mesmo dia, mas \u00e0s 19 horas, o Flamengo encara o Botafogo, no Maracan\u00e3.<\/p>\n<p style=\"text-align: justify;\"><strong>O Jogo<\/strong> \u2013 Empurrado por mais de 50 mil torcedores, o Flamengo come\u00e7ou impondo seu ritmo e trocando passes r\u00e1pidos em busca de espa\u00e7os. Mas, bem postado defensivamente, o S\u00e3o Paulo suportou a press\u00e3o e n\u00e3o correu riscos nos primeiros minutos da partida.<\/p>\n<p style=\"text-align: justify;\">Com a marca\u00e7\u00e3o bem feita em Guerrero, o Tricolor passou a encontrar espa\u00e7os para contra-atacar e teve a primeira chance real de gol no duelo. Aos 29 minutos, Rojas recebeu na direita, driblou R\u00e9ver e bateu cruzado. No rebote de Diego Alves, Everton tentou de bicicleta, mas mandou para fora.<\/p>\n<p style=\"text-align: justify;\">Pouco depois, Diego Aguirre ganhou um problema. Ap\u00f3s desarmar Marlos Moreno, Jucilei sentiu uma fisgada na virilha esquerda e precisou ser substitu\u00eddo por Liziero. A equipe visitante, contudo, continuou com sua proposta de jogo funcionando.<\/p>\n<p style=\"text-align: justify;\">Aos 37 minutos, em r\u00e1pido contra-ataque, Nen\u00ea recebeu de Diego Souza e chutou em cima do zagueiro. Abola sobrou livre para Reinaldo, que bateu mal e isolou. O Flamengo respondeu aos 42. Ap\u00f3s Diego cobrar falta na \u00e1rea, Lucas Paquet\u00e1 desviou de cabe\u00e7a e acertou o travess\u00e3o de Sid\u00e3o. Com a torcida inflamada, os cariocas voltaram a pressionar no fim do primeiro tempo, mas n\u00e3o acharam o gol.<\/p>\n<p style=\"text-align: justify;\">A etapa complementar come\u00e7ou da melhor maneira poss\u00edvel para o Tricolor, que abriu o placar logo aos dois minutos. Ap\u00f3s bom cruzamento de Rojas pela direita, Everton se antecipou a Ren\u00ea e testou de peixinho, sem chances para Diego Alves. O atacante, que atuou no clube carioca nos \u00faltimos quatro anos, n\u00e3o comemorou o gol.<\/p>\n<p style=\"text-align: justify;\">O Flamengo quase chegou ao empate logo em seguida, quando Marlos Moreno foi at\u00e9 a linha de fundo e cruzou. Guerrero cabeceou fraco, e Sid\u00e3o teve tempo de cair para fazer a defesa. Pouco depois, ap\u00f3s chute fraco de Paquet\u00e1, o goleiro quase levou um frango. A bola passou entre suas m\u00e3os, mas saiu pela linha de fundo.<\/p>\n<p style=\"text-align: justify;\">Ap\u00f3s se safar do empate, o S\u00e3o Paulo sofreu outra baixa: com dores na coxa direita, Rojas deu lugar a Araruna. J\u00e1 o t\u00e9cnico Maur\u00edcio Barbiere mexeu em busca do empate, promovendo a estreia do colombiano Fernando Uribe, que substituiu o compatriota Marlos Moreno.<\/p>\n<p style=\"text-align: justify;\">E o atacante desperdi\u00e7ou uma grande oportunidade de marcar em sua estreia. Aos 20 minutos, ap\u00f3s levantamento na \u00e1rea, a bola sobrou para Paquet\u00e1, que bateu em cima de Sid\u00e3o. No rebote, completamente livre de marca\u00e7\u00e3o, Uribe chutou da marca do p\u00eanalti e mandou para fora.<\/p>\n<p style=\"text-align: justify;\">Logo em seguida, o colombiano testou para o ch\u00e3o e exigiu grande defesa do arqueiro tricolor. Nos acr\u00e9scimos, ap\u00f3s expuls\u00e3o de Araruna, Guerrero assustou em cabe\u00e7ada, no que foi a \u00faltima chance dos rubro-negros, que amargaram o primeiro rev\u00e9s em casa na competi\u00e7\u00e3o.<\/p>\n<p>FICHA T\u00c9CNICA<br \/>\nFLAMENGO 0 X 1 S\u00c3O PAULO<\/p>\n<p>Local: Maracan\u00e3, no Rio de Janeiro (RJ)<br \/>\nData: 18 de julho de 2018 (quarta-feira)<br \/>\nHor\u00e1rio: 21h45 (de Bras\u00edlia)<br \/>\n\u00c1rbitro: Paulo Roberto Alves Junior (PR)<br \/>\nAssistentes: Pedro Martinelli Christino (PR) e Luciano Roggenbaum (PR)<br \/>\nCart\u00e3o Amarelo: R\u00f4mulo, \u00c9verton Ribeiro e Diego (Flamengo); Everton, Araruna, Sid\u00e3o e Reinaldo (S\u00e3o Paulo)<br \/>\nCart\u00e3o Vermelho: Araruna (S\u00e3o Paulo)<br \/>\nGol: S\u00c3O PAULO: Everton, aos 2 minutos do 2\u00ba tempo<\/p>\n<p>FLAMENGO: Diego Alves; Rodinei, L\u00e9o Duarte, R\u00e9ver e Ren\u00ea; R\u00f4mulo (Trauco), Lucas Paquet\u00e1, Diego, \u00c9verton Ribeiro e Marlos Moreno (Uribe); Paolo Guerrero<br \/>\nT\u00e9cnico: Maur\u00edcio Barbieri<\/p>\n<p>S\u00c3O PAULO: Sid\u00e3o; \u00c9der Milit\u00e3o, Robert Arboleda, Anderson Martins e Reinaldo; Jucilei (Liziero), Hudson e Nen\u00ea; Joao Rojas (Araruna), Everton (Tr\u00e9llez) e Diego Souza<br \/>\nT\u00e9cnico: Diego Aguirre<\/p>\n<p>Clique <a href=\"https:\/\/globoesporte.globo.com\/futebol\/brasileirao-serie-a\/\"><span style=\"font-size: 14pt;\"><strong>AQUI<\/strong><\/span><\/a> e confira a classifica\u00e7\u00e3o<\/p>\n<p><a href=\"https:\/\/senoticias.com.br\/se\/wp-content\/uploads\/2018\/07\/Logomarca-fone-SE-4-2-1-1.jpg\"><img loading=\"lazy\" decoding=\"async\" class=\"aligncenter size-full wp-image-114026\" src=\"https:\/\/senoticias.com.br\/se\/wp-content\/uploads\/2018\/07\/Logomarca-fone-SE-4-2-1-1.jpg\" alt=\"\" width=\"599\" height=\"78\" srcset=\"https:\/\/senoticias.com.br\/se\/wp-content\/uploads\/2018\/07\/Logomarca-fone-SE-4-2-1-1.jpg 599w, https:\/\/senoticias.com.br\/se\/wp-content\/uploads\/2018\/07\/Logomarca-fone-SE-4-2-1-1-300x39.jpg 300w\" sizes=\"(max-width: 599px) 100vw, 599px\" \/><\/a><\/p>\n<p>&nbsp;<\/p>\n<p><em><strong>Acompanhe tamb\u00e9m o SE Not\u00edcias no<\/strong><span class=\"apple-converted-space\"><b>\u00a0<\/b><\/span><a href=\"https:\/\/twitter.com\/Senoticias\" target=\"_blank\" rel=\"noopener\"><b>Twitter<\/b><\/a><strong>,<\/strong><span class=\"apple-converted-space\"><b>\u00a0<\/b><\/span><a href=\"https:\/\/www.facebook.com\/senoticias1\" target=\"_blank\" rel=\"noopener\"><b>Facebook<\/b><span class=\"apple-converted-space\"><b>\u00a0<\/b><\/span><\/a><strong>e no<\/strong><span class=\"apple-converted-space\"><b>\u00a0<\/b><\/span><a href=\"https:\/\/www.instagram.com\/senoticias\/\" target=\"_blank\" rel=\"noopener\"><b>Instagram<\/b><\/a><\/em><\/p>\n<p>&nbsp;<\/p>\n<p><em>Reda\u00e7\u00e3o Gazeta Esportiva<\/em><\/p>\n","protected":false},"excerpt":{"rendered":"<p>O S\u00e3o Paulo conquistou uma importante vit\u00f3ria durante a noite desta quarta-feira, no Maracan\u00e3. Em duelo entre dois postulantes ao t\u00edtulo do Campeonato Brasileiro, o Tricolor n\u00e3o se intimidou diante do l\u00edder Flamengo e venceu pelo placar de 1 a 0, com gol de Everton, que fez valer a lei do ex. Mas Everton n\u00e3o [&hellip;]<\/p>\n","protected":false},"author":6552,"featured_media":114220,"comment_status":"closed","ping_status":"closed","sticky":false,"template":"","format":"standard","meta":{"footnotes":""},"categories":[26],"tags":[794,392,1260,10394],"class_list":{"0":"post-114219","1":"post","2":"type-post","3":"status-publish","4":"format-standard","5":"has-post-thumbnail","7":"category-esportes","8":"tag-campeonato-brasileiro","9":"tag-flamengo","10":"tag-sao-paulo","11":"tag-sao-paulo-vence"},"_links":{"self":[{"href":"https:\/\/senoticias.com.br\/se\/wp-json\/wp\/v2\/posts\/114219"}],"collection":[{"href":"https:\/\/senoticias.com.br\/se\/wp-json\/wp\/v2\/posts"}],"about":[{"href":"https:\/\/senoticias.com.br\/se\/wp-json\/wp\/v2\/types\/post"}],"author":[{"embeddable":true,"href":"https:\/\/senoticias.com.br\/se\/wp-json\/wp\/v2\/users\/6552"}],"replies":[{"embeddable":true,"href":"https:\/\/senoticias.com.br\/se\/wp-json\/wp\/v2\/comments?post=114219"}],"version-history":[{"count":0,"href":"https:\/\/senoticias.com.br\/se\/wp-json\/wp\/v2\/posts\/114219\/revisions"}],"wp:featuredmedia":[{"embeddable":true,"href":"https:\/\/senoticias.com.br\/se\/wp-json\/wp\/v2\/media\/114220"}],"wp:attachment":[{"href":"https:\/\/senoticias.com.br\/se\/wp-json\/wp\/v2\/media?parent=114219"}],"wp:term":[{"taxonomy":"category","embeddable":true,"href":"https:\/\/senoticias.com.br\/se\/wp-json\/wp\/v2\/categories?post=114219"},{"taxonomy":"post_tag","embeddable":true,"href":"https:\/\/senoticias.com.br\/se\/wp-json\/wp\/v2\/tags?post=114219"}],"curies":[{"name":"wp","href":"https:\/\/api.w.org\/{rel}","templated":true}]}}