{"id":114216,"date":"2018-07-19T06:18:35","date_gmt":"2018-07-19T09:18:35","guid":{"rendered":"https:\/\/senoticias.com.br\/se\/?p=114216"},"modified":"2018-07-19T06:18:35","modified_gmt":"2018-07-19T09:18:35","slug":"sergipe-registra-queda-no-numero-de-crimes-violentos-letais-intencionais-nos-ultimos-anos","status":"publish","type":"post","link":"https:\/\/senoticias.com.br\/se\/sergipe-registra-queda-no-numero-de-crimes-violentos-letais-intencionais-nos-ultimos-anos\/","title":{"rendered":"Sergipe registra queda no n\u00famero de crimes violentos letais intencionais nos \u00faltimos anos"},"content":{"rendered":"<p style=\"text-align: justify;\">O trabalho integrado entre as pol\u00edcias Militar e Civil de Sergipe resultou na diminui\u00e7\u00e3o dos crimes violentos letais intencionais no estado, surtindo efeito em uma maior seguran\u00e7a ao cidad\u00e3o sergipano. De acordo com dados da Secretaria de Seguran\u00e7a P\u00fablica de Sergipe (SSP\/SE), atrav\u00e9s da Coordenadoria de Estat\u00edstica e An\u00e1lise Criminal (Ceacrim), o tipo de crime que mais registrou queda foi o latroc\u00ednio \u2013 roubo seguido de morte -, que caiu 43,8% neste primeiro semestre do ano, em compara\u00e7\u00e3o ao ano de 2016. Foram 18 casos registrados neste ano, enquanto os anos de 2016 e 2017 registraram, respectivamente, 32 e 30 casos de latroc\u00ednio.<\/p>\n<div id=\"attachment_111938\" style=\"width: 609px\" class=\"wp-caption aligncenter\"><a href=\"https:\/\/senoticias.com.br\/se\/wp-content\/uploads\/2018\/04\/IMG_1510-e1522686916778.jpg\"><img loading=\"lazy\" decoding=\"async\" aria-describedby=\"caption-attachment-111938\" class=\"size-full wp-image-111938\" src=\"https:\/\/senoticias.com.br\/se\/wp-content\/uploads\/2018\/04\/IMG_1510-e1522686916778.jpg\" alt=\"\" width=\"599\" height=\"399\" \/><\/a><p id=\"caption-attachment-111938\" class=\"wp-caption-text\"><br \/>O trabalho integrado entre as pol\u00edcias Militar e Civil resultou na diminui\u00e7\u00e3o dos crimes violentos no estado (Foto: SE Not\u00edcias)<\/p><\/div>\n<p style=\"text-align: justify;\">\u201cApresentamos uma redu\u00e7\u00e3o, de modo geral, nos crimes violentos letais intencionais, que s\u00e3o os homic\u00eddios, latroc\u00ednios, e demais crimes violentos que geram morte. Em compara\u00e7\u00e3o ao ano de 2015, a redu\u00e7\u00e3o foi de 11,7%. J\u00e1 em rela\u00e7\u00e3o ao ano de 2016, foi de 12,5% e em compara\u00e7\u00e3o ao ano passado, foi de 1,4%\u201d, ressaltou a delegada geral da Pol\u00edcia Civil em Sergipe, Katarina Feitoza.<\/p>\n<p style=\"text-align: justify;\">No que diz respeito aos homic\u00eddios culposos, aqueles onde h\u00e1 inten\u00e7\u00e3o de matar, a SSP\/SE identificou uma redu\u00e7\u00e3o de 11,1% entre os anos de 2015 e 2018, e de 11,4% entre os anos de 2016 e 2018. Katarina afirma ainda, que os n\u00fameros positivos da seguran\u00e7a p\u00fablica de Sergipe se devem a uma s\u00e9rie de fatores e investimentos realizados pelo governo do Estado.<\/p>\n<p style=\"text-align: justify;\">\u201c\u00c9 uma batalha di\u00e1ria, mas n\u00f3s estamos sempre trabalhando junto ao setor de Intelig\u00eancia, nomeando novos servidores, que est\u00e3o sendo lotados, em maioria, nas delegacias do interior e tamb\u00e9m nas \u00e1reas de intelig\u00eancia. Al\u00e9m disso, estamos ampliando e reestruturando o DHPP, pois nossa prioridade \u00e9 o combate ao homic\u00eddio e ao tr\u00e1fico de drogas, e ele atua junto ao Denarc, e os frutos est\u00e3o aparecendo\u201d, ressalta a delegada geral.<\/p>\n<p style=\"text-align: justify;\">Simultaneamente, o Grupamento Especial T\u00e1tico de Motos (Getam) atua com foco nas abordagens, coibindo os latroc\u00ednios no momento em que s\u00e3o feitos os patrulhamentos ostensivos. Com isso, os poss\u00edveis assaltantes que estejam com arma de fogo acabam sendo inibidos.<\/p>\n<p style=\"text-align: justify;\">Desde outubro de 2016, os roubos seguidos de morte passaram a ser investigados pela Delegacia de Roubos e Furtos (Derof), que atualmente comp\u00f5e o Departamento de crimes contra o Patrim\u00f4nio (Depatri), justamente por combaterem os crimes patrimoniais.<\/p>\n<p style=\"text-align: justify;\">\u201cN\u00f3s damos prioridade absoluta aos latroc\u00ednios e esse foco de combate vem casado \u00e0 pol\u00edtica da SSP em gerar uma redu\u00e7\u00e3o no \u00edndice no Estado. Acreditamos que o nosso saldo \u00e9 bastante positivo\u201d, destacou a delegada Juliana Alcoforado.<\/p>\n<p><strong>Outras a\u00e7\u00f5es<\/strong><\/p>\n<p style=\"text-align: justify;\">Como forma de reduzir os \u00edndices de criminalidade em Sergipe e de melhorar cada vez mais o servi\u00e7o de Seguran\u00e7a P\u00fablica prestado \u00e0 popula\u00e7\u00e3o, diversas outras a\u00e7\u00f5es v\u00eam sido realizadas. Um exemplo \u00e9 a reabertura de 11 delegacias plantonistas do interior, que est\u00e3o facilitando a atua\u00e7\u00e3o policial nas regi\u00f5es do estado.<\/p>\n<p style=\"text-align: justify;\">A realiza\u00e7\u00e3o do concurso da Pol\u00edcia Militar neste ano, que colocar\u00e1 em breve nas ruas, 300 novos soldados e 30 aspirantes, tamb\u00e9m acarretar\u00e1 em melhorias para a seguran\u00e7a. No \u00e2mbito da Pol\u00edcia Civil, foi lan\u00e7ado, na \u00faltima semana, o edital para preenchimento de 10 vagas para o cargo de delegado substituto, al\u00e9m das convoca\u00e7\u00f5es de concursos anteriores.<\/p>\n<p style=\"text-align: justify;\">\u201cPara o cargo de Escriv\u00e3o, por exemplo, j\u00e1 realizamos todas as convoca\u00e7\u00f5es, foram 105 pessoas convocadas. J\u00e1 para o cargo de agente de Pol\u00edcia Civil n\u00f3s temos 96 pessoas a serem convocadas, devido ao remanejamento para o fim de lista. Sabemos do compromisso do governo em convocar todos e tamb\u00e9m de acompanhar de perto as a\u00e7\u00f5es da Seguran\u00e7a P\u00fablica\u201d, acrescentou Katarina. A convoca\u00e7\u00e3o dos agentes ser\u00e1 realizada em tr\u00eas etapas, a partir do pr\u00f3ximo m\u00eas.<\/p>\n<p style=\"text-align: justify;\">Tamb\u00e9m at\u00e9 o m\u00eas de agosto, dever\u00e1 entrar em funcionamento o Instituo de An\u00e1lises e Pesquisas Forenses (IAFP), junto \u00e0 nomea\u00e7\u00e3o de peritos criminais do \u00faltimo concurso realizado, que ir\u00e1 contribuir para as investiga\u00e7\u00f5es policiais. \u201cDentro de, no m\u00e1ximo 15 dias, o instituto j\u00e1 estar\u00e1 funcionando, para que possamos melhorar essa quest\u00e3o da identifica\u00e7\u00e3o de cad\u00e1veres, de exames enfim, que antes muitas vezes precisavam ser encaminhados para outros estados\u201d, complementou a delegada geral.<\/p>\n<p>&nbsp;<\/p>\n<p><a href=\"https:\/\/senoticias.com.br\/se\/wp-content\/uploads\/2018\/07\/Logomarca-fone-SE-4-2-1-1.jpg\"><img loading=\"lazy\" decoding=\"async\" class=\"aligncenter size-full wp-image-114026\" src=\"https:\/\/senoticias.com.br\/se\/wp-content\/uploads\/2018\/07\/Logomarca-fone-SE-4-2-1-1.jpg\" alt=\"\" width=\"599\" height=\"78\" srcset=\"https:\/\/senoticias.com.br\/se\/wp-content\/uploads\/2018\/07\/Logomarca-fone-SE-4-2-1-1.jpg 599w, https:\/\/senoticias.com.br\/se\/wp-content\/uploads\/2018\/07\/Logomarca-fone-SE-4-2-1-1-300x39.jpg 300w\" sizes=\"(max-width: 599px) 100vw, 599px\" \/><\/a><\/p>\n<p>&nbsp;<\/p>\n<p><em><strong>Acompanhe tamb\u00e9m o SE Not\u00edcias no<\/strong><span class=\"apple-converted-space\"><b>\u00a0<\/b><\/span><a href=\"https:\/\/twitter.com\/Senoticias\" target=\"_blank\" rel=\"noopener\"><b>Twitter<\/b><\/a><strong>,<\/strong><span class=\"apple-converted-space\"><b>\u00a0<\/b><\/span><a href=\"https:\/\/www.facebook.com\/senoticias1\" target=\"_blank\" rel=\"noopener\"><b>Facebook<\/b><span class=\"apple-converted-space\"><b>\u00a0<\/b><\/span><\/a><strong>e no<\/strong><span class=\"apple-converted-space\"><b>\u00a0<\/b><\/span><a href=\"https:\/\/www.instagram.com\/senoticias\/\" target=\"_blank\" rel=\"noopener\"><b>Instagram<\/b><\/a><\/em><\/p>\n<p>&nbsp;<\/p>\n<p><em>Informa\u00e7\u00f5es da SSP\/SE<\/em><\/p>\n","protected":false},"excerpt":{"rendered":"<p>O trabalho integrado entre as pol\u00edcias Militar e Civil de Sergipe resultou na diminui\u00e7\u00e3o dos crimes violentos letais intencionais no estado, surtindo efeito em uma maior seguran\u00e7a ao cidad\u00e3o sergipano. De acordo com dados da Secretaria de Seguran\u00e7a P\u00fablica de Sergipe (SSP\/SE), atrav\u00e9s da Coordenadoria de Estat\u00edstica e An\u00e1lise Criminal (Ceacrim), o tipo de crime [&hellip;]<\/p>\n","protected":false},"author":6552,"featured_media":111938,"comment_status":"closed","ping_status":"closed","sticky":false,"template":"","format":"standard","meta":{"footnotes":""},"categories":[15,7],"tags":[10391,78,86,10392],"class_list":{"0":"post-114216","1":"post","2":"type-post","3":"status-publish","4":"format-standard","5":"has-post-thumbnail","7":"category-destaques","8":"category-policia","9":"tag-crimes-violentos","10":"tag-policia-civil","11":"tag-policia-militar","12":"tag-sergipe-registra-queda-no-numero-de-crimes-violentos"},"_links":{"self":[{"href":"https:\/\/senoticias.com.br\/se\/wp-json\/wp\/v2\/posts\/114216"}],"collection":[{"href":"https:\/\/senoticias.com.br\/se\/wp-json\/wp\/v2\/posts"}],"about":[{"href":"https:\/\/senoticias.com.br\/se\/wp-json\/wp\/v2\/types\/post"}],"author":[{"embeddable":true,"href":"https:\/\/senoticias.com.br\/se\/wp-json\/wp\/v2\/users\/6552"}],"replies":[{"embeddable":true,"href":"https:\/\/senoticias.com.br\/se\/wp-json\/wp\/v2\/comments?post=114216"}],"version-history":[{"count":0,"href":"https:\/\/senoticias.com.br\/se\/wp-json\/wp\/v2\/posts\/114216\/revisions"}],"wp:featuredmedia":[{"embeddable":true,"href":"https:\/\/senoticias.com.br\/se\/wp-json\/wp\/v2\/media\/111938"}],"wp:attachment":[{"href":"https:\/\/senoticias.com.br\/se\/wp-json\/wp\/v2\/media?parent=114216"}],"wp:term":[{"taxonomy":"category","embeddable":true,"href":"https:\/\/senoticias.com.br\/se\/wp-json\/wp\/v2\/categories?post=114216"},{"taxonomy":"post_tag","embeddable":true,"href":"https:\/\/senoticias.com.br\/se\/wp-json\/wp\/v2\/tags?post=114216"}],"curies":[{"name":"wp","href":"https:\/\/api.w.org\/{rel}","templated":true}]}}