{"id":114210,"date":"2018-07-18T16:49:06","date_gmt":"2018-07-18T19:49:06","guid":{"rendered":"https:\/\/senoticias.com.br\/se\/?p=114210"},"modified":"2018-07-19T15:17:02","modified_gmt":"2018-07-19T18:17:02","slug":"suplementos-alimentares-ganham-regulamentacao","status":"publish","type":"post","link":"https:\/\/senoticias.com.br\/se\/suplementos-alimentares-ganham-regulamentacao\/","title":{"rendered":"Suplementos alimentares ganham regulamenta\u00e7\u00e3o"},"content":{"rendered":"<p style=\"text-align: justify\"><span style=\"color: #000000\">A diretoria colegiada da Ag\u00eancia Nacional de Vigil\u00e2ncia Sanit\u00e1ria (Anvisa) aprovou novo marco regulat\u00f3rio para suplementos alimentares. A regulamenta\u00e7\u00e3o, segundo a entidade, vai contribuir para o acesso de consumidores a produtos seguros e de qualidade, al\u00e9m de ajudar a reduzir a assimetria de informa\u00e7\u00f5es no mercado \u2013 sobretudo em rela\u00e7\u00e3o \u00e0 veicula\u00e7\u00e3o de alega\u00e7\u00f5es sem comprova\u00e7\u00e3o cient\u00edfica.<\/span><\/p>\n<p style=\"text-align: justify\"><span style=\"color: #000000\"><a href=\"https:\/\/senoticias.com.br\/se\/wp-content\/uploads\/2014\/03\/23009-suplementos-alimentares-2.jpg\"><img loading=\"lazy\" decoding=\"async\" class=\"aligncenter wp-image-61332 size-full\" src=\"https:\/\/senoticias.com.br\/se\/wp-content\/uploads\/2014\/03\/23009-suplementos-alimentares-2.jpg\" alt=\"\" width=\"640\" height=\"425\" srcset=\"https:\/\/senoticias.com.br\/se\/wp-content\/uploads\/2014\/03\/23009-suplementos-alimentares-2.jpg 640w, https:\/\/senoticias.com.br\/se\/wp-content\/uploads\/2014\/03\/23009-suplementos-alimentares-2-300x199.jpg 300w, https:\/\/senoticias.com.br\/se\/wp-content\/uploads\/2014\/03\/23009-suplementos-alimentares-2-342x227.jpg 342w\" sizes=\"(max-width: 640px) 100vw, 640px\" \/><\/a><\/span><\/p>\n<p style=\"text-align: justify\"><span style=\"color: #000000\">Segundo a Anvisa, uma resolu\u00e7\u00e3o, a ser publicada nos pr\u00f3ximos dias no Di\u00e1rio Oficial da Uni\u00e3o, trar\u00e1 os requisitos sanit\u00e1rios gerais dos suplementos alimentares, incluindo regras de composi\u00e7\u00e3o, qualidade, seguran\u00e7a e rotulagem.<\/span><\/p>\n<p style=\"text-align: justify\"><span style=\"color: #000000\">A ag\u00eancia tamb\u00e9m vai publicar uma instru\u00e7\u00e3o normativa com a lista de ingredientes permitidos e as alega\u00e7\u00f5es autorizadas. O texto ser\u00e1 atualizado periodicamente e vai estabelecer limites m\u00ednimos e m\u00e1ximos para cada subst\u00e2ncia, de acordo com grupo populacional \u2013 crian\u00e7as, gestantes e lactantes, por exemplo.<\/span><\/p>\n<p style=\"text-align: justify\"><span style=\"color: #000000\">Ser\u00e1 publicada ainda uma resolu\u00e7\u00e3o que trata de aditivos e coadjuvantes de tecnologia permitidos para esses produtos e uma outra resolu\u00e7\u00e3o sobre estudos necess\u00e1rios para comprovar a seguran\u00e7a e a efic\u00e1cia de probi\u00f3ticos (micro-organismos vivos que, quando administrados em quantidades adequadas, conferem benef\u00edcio \u00e0 sa\u00fade).<\/span><\/p>\n<p style=\"text-align: justify\"><span style=\"color: #000000\">\u201cAs empresas ter\u00e3o cinco anos para adequarem os produtos que j\u00e1 est\u00e3o no mercado \u00e0 nova norma. No entanto, os suplementos alimentares novos j\u00e1 dever\u00e3o ser comercializados de acordo com as novas regras\u201d, informou a Anvisa.<\/span><\/p>\n<p style=\"text-align: justify\"><strong><span style=\"color: #000000\">Debate<\/span><\/strong><br \/>\n<span style=\"color: #000000\">Antes de regulamentar o tema, a ag\u00eancia realizou diversas reuni\u00f5es com setores interessados no tema e recebeu opini\u00f5es, cr\u00edticas e sugest\u00f5es da sociedade civil e de entidades por meio de seis consultas p\u00fablicas.<\/span><\/p>\n<p>&nbsp;<\/p>\n<p><a href=\"https:\/\/senoticias.com.br\/se\/wp-content\/uploads\/2018\/07\/Logomarca-fone-SE-4-2-1-1.jpg\"><img loading=\"lazy\" decoding=\"async\" class=\"aligncenter wp-image-114026 size-full\" src=\"https:\/\/senoticias.com.br\/se\/wp-content\/uploads\/2018\/07\/Logomarca-fone-SE-4-2-1-1.jpg\" alt=\"\" width=\"599\" height=\"78\" srcset=\"https:\/\/senoticias.com.br\/se\/wp-content\/uploads\/2018\/07\/Logomarca-fone-SE-4-2-1-1.jpg 599w, https:\/\/senoticias.com.br\/se\/wp-content\/uploads\/2018\/07\/Logomarca-fone-SE-4-2-1-1-300x39.jpg 300w\" sizes=\"(max-width: 599px) 100vw, 599px\" \/><\/a><\/p>\n<p><em><strong>Acompanhe tamb\u00e9m o SE Not\u00edcias no<\/strong><span class=\"apple-converted-space\"><b>\u00a0<\/b><\/span><a href=\"https:\/\/twitter.com\/Senoticias\" target=\"_blank\" rel=\"noopener\"><b>Twitter<\/b><\/a><strong>,<\/strong><span class=\"apple-converted-space\"><b>\u00a0<\/b><\/span><a href=\"https:\/\/www.facebook.com\/senoticias1\" target=\"_blank\" rel=\"noopener\"><b>Facebook<\/b><span class=\"apple-converted-space\"><b>\u00a0<\/b><\/span><\/a><strong>e no<\/strong><span class=\"apple-converted-space\"><b>\u00a0<\/b><\/span><a href=\"https:\/\/www.instagram.com\/senoticias\/\" target=\"_blank\" rel=\"noopener\"><b>Instagram<\/b><\/a><\/em><\/p>\n<p>Por Ag\u00eancia Brasil<\/p>\n","protected":false},"excerpt":{"rendered":"<p>A diretoria colegiada da Ag\u00eancia Nacional de Vigil\u00e2ncia Sanit\u00e1ria (Anvisa) aprovou novo marco regulat\u00f3rio para suplementos alimentares. A regulamenta\u00e7\u00e3o, segundo a entidade, vai contribuir para o acesso de consumidores a produtos seguros e de qualidade, al\u00e9m de ajudar a reduzir a assimetria de informa\u00e7\u00f5es no mercado \u2013 sobretudo em rela\u00e7\u00e3o \u00e0 veicula\u00e7\u00e3o de alega\u00e7\u00f5es sem [&hellip;]<\/p>\n","protected":false},"author":6553,"featured_media":0,"comment_status":"closed","ping_status":"closed","sticky":false,"template":"","format":"standard","meta":{"footnotes":""},"categories":[2961],"tags":[10384,812,339,370,10385,223,10383],"class_list":{"0":"post-114210","1":"post","2":"type-post","3":"status-publish","4":"format-standard","6":"category-nacional","7":"tag-alimento","8":"tag-anvisa","9":"tag-aracaju","10":"tag-brasil","11":"tag-regulamentacao","12":"tag-sergipe","13":"tag-suplementos"},"_links":{"self":[{"href":"https:\/\/senoticias.com.br\/se\/wp-json\/wp\/v2\/posts\/114210"}],"collection":[{"href":"https:\/\/senoticias.com.br\/se\/wp-json\/wp\/v2\/posts"}],"about":[{"href":"https:\/\/senoticias.com.br\/se\/wp-json\/wp\/v2\/types\/post"}],"author":[{"embeddable":true,"href":"https:\/\/senoticias.com.br\/se\/wp-json\/wp\/v2\/users\/6553"}],"replies":[{"embeddable":true,"href":"https:\/\/senoticias.com.br\/se\/wp-json\/wp\/v2\/comments?post=114210"}],"version-history":[{"count":0,"href":"https:\/\/senoticias.com.br\/se\/wp-json\/wp\/v2\/posts\/114210\/revisions"}],"wp:attachment":[{"href":"https:\/\/senoticias.com.br\/se\/wp-json\/wp\/v2\/media?parent=114210"}],"wp:term":[{"taxonomy":"category","embeddable":true,"href":"https:\/\/senoticias.com.br\/se\/wp-json\/wp\/v2\/categories?post=114210"},{"taxonomy":"post_tag","embeddable":true,"href":"https:\/\/senoticias.com.br\/se\/wp-json\/wp\/v2\/tags?post=114210"}],"curies":[{"name":"wp","href":"https:\/\/api.w.org\/{rel}","templated":true}]}}