{"id":114196,"date":"2018-07-17T16:12:16","date_gmt":"2018-07-17T19:12:16","guid":{"rendered":"https:\/\/senoticias.com.br\/se\/?p=114196"},"modified":"2018-07-17T19:50:58","modified_gmt":"2018-07-17T22:50:58","slug":"saiba-quais-sao-os-sintomas-do-sarampo-e-como-evitar","status":"publish","type":"post","link":"https:\/\/senoticias.com.br\/se\/saiba-quais-sao-os-sintomas-do-sarampo-e-como-evitar\/","title":{"rendered":"Saiba quais s\u00e3o os sintomas do sarampo e como evitar"},"content":{"rendered":"<p style=\"text-align: justify;\"><span style=\"color: #000000;\">A ocorr\u00eancia de centenas de casos confirmados de sarampo em Manaus e Roraima e a morte de um beb\u00ea em Manaus deixaram o pa\u00eds em alerta. Outros tr\u00eas estados &#8211; Rio Grande do Sul, Rond\u00f4nia e Rio de Janeiro &#8211; tamb\u00e9m j\u00e1 registraram pacientes com diagn\u00f3stico positivo para a doen\u00e7a.<\/span><\/p>\n<p style=\"text-align: justify;\"><span style=\"color: #000000;\">O Brasil n\u00e3o registrava casos desde 2014 e a volta da doen\u00e7a preocupa. O sarampo j\u00e1 foi uma das principais causas de mortalidade infantil no pa\u00eds e pode deixar sequelas neurol\u00f3gicas. O v\u00edrus provoca manchas vermelhas no corpo, febre alta, tosse, coriza, conjuntivite e pontos brancos na mucosa bucal.<\/span><\/p>\n<p style=\"text-align: justify;\"><span style=\"color: #000000;\">A vacina contra o sarampo est\u00e1 dispon\u00edvel na rede p\u00fablica. A mais comum \u00e9 a Tr\u00edplice Viral, que protege ainda contra rub\u00e9ola e caxumba. A Tetra Viral fornece ainda prote\u00e7\u00e3o adicional contra a varicela. S\u00e3o indicadas duas doses em um intervalo de um a dois meses. Em crian\u00e7as, o intervalo deve ser um pouco maior, sendo a primeira dose entre os primeiros 12 e 15 meses de vida.<\/span><\/p>\n<p style=\"text-align: justify;\"><span style=\"color: #000000;\">A reportagem da Ag\u00eancia Brasil conversou com a m\u00e9dica Isabella Ballalai, presidente da Sociedade Brasileira de Imuniza\u00e7\u00f5es (SBIm), para tirar d\u00favidas sobre a transmiss\u00e3o da doen\u00e7a, vacina\u00e7\u00e3o e como evitar. &#8220;Vacinar e combater a circula\u00e7\u00e3o do v\u00edrus n\u00e3o \u00e9 s\u00f3 um ato individual, \u00e9 um ato de solidariedade e de responsabilidade coletiva&#8221;, destaca a m\u00e9dica.<\/span><\/p>\n<div id=\"attachment_114197\" style=\"width: 609px\" class=\"wp-caption aligncenter\"><a href=\"https:\/\/senoticias.com.br\/se\/wp-content\/uploads\/2018\/07\/sarampo.jpg\"><img loading=\"lazy\" decoding=\"async\" aria-describedby=\"caption-attachment-114197\" class=\"wp-image-114197 size-full\" src=\"https:\/\/senoticias.com.br\/se\/wp-content\/uploads\/2018\/07\/sarampo-e1531854679471.jpg\" alt=\"\" width=\"599\" height=\"399\" \/><\/a><p id=\"caption-attachment-114197\" class=\"wp-caption-text\">Foto: OMS\/ONU\/Ag\u00eancia Brasil<\/p><\/div>\n<p style=\"text-align: justify;\"><strong><span style=\"color: #000000;\">Como se pega o sarampo?<\/span><\/strong><\/p>\n<p style=\"text-align: justify;\"><span style=\"color: #000000;\">&#8220;O v\u00edrus \u00e9 facilmente transmiss\u00edvel. A doen\u00e7a se dissemina de forma similar \u00e0 gripe, por vias respirat\u00f3rias, atrav\u00e9s de um espirro, tosse, beijo e tamb\u00e9m pelas m\u00e3os. Ent\u00e3o, \u00e9 f\u00e1cil ocorrer um surto de sarampo. Ele se alastra rapidamente.&#8221;<\/span><\/p>\n<p style=\"text-align: justify;\"><strong><span style=\"color: #000000;\">Quais os riscos para quem contrai?<\/span><\/strong><\/p>\n<p style=\"text-align: justify;\"><span style=\"color: #000000;\">&#8220;Em caso de suspeita, a pessoa precisa procurar uma unidade de sa\u00fade. Ela n\u00e3o deve usar medicamentos por conta pr\u00f3pria. O sarampo n\u00e3o tem tratamento e o papel do sistema de sa\u00fade \u00e9 dar suporte \u00e0 pessoa. Pode ocorrer necessidade de hospitaliza\u00e7\u00e3o, mas \u00e9 raro. Na maioria dos casos, o paciente fica em casa. Mas quadros graves ocorrem e a doen\u00e7a pode inclusive levar \u00e0 morte.&#8221;<\/span><\/p>\n<p style=\"text-align: justify;\"><strong><span style=\"color: #000000;\">Como se proteger?<\/span><\/strong><\/p>\n<p style=\"text-align: justify;\"><span style=\"color: #000000;\">&#8220;A \u00fanica maneira eficaz \u00e9 atrav\u00e9s da vacina. Crian\u00e7as, adolescentes e adultos devem se imunizar n\u00e3o apenas para se protegerem, mas para proteger tamb\u00e9m os que n\u00e3o podem se vacinar e que s\u00e3o os que correm o maior risco de complica\u00e7\u00f5es e de terem quadros que evoluem ao \u00f3bito. Estamos falando de pessoas com c\u00e2ncer, pessoas que vivem com HIV e est\u00e3o imunodeprimidas, pessoas que est\u00e3o fazendo quimioterapia ou outro tratamento com drogas que causam imunossupress\u00e3o.&#8221;<\/span><\/p>\n<p style=\"text-align: justify;\"><strong><span style=\"color: #000000;\">Quem j\u00e1 teve sarampo precisa se vacinar?<\/span><\/strong><\/p>\n<p style=\"text-align: justify;\"><span style=\"color: #000000;\">&#8220;N\u00e3o. Quem tem certeza que teve a doen\u00e7a n\u00e3o precisa. O sarampo n\u00e3o ocorre duas vezes.&#8221;<\/span><\/p>\n<p style=\"text-align: justify;\"><strong><span style=\"color: #000000;\">Quem n\u00e3o se lembra ou n\u00e3o sabe se foi vacinado precisa se vacinar?<\/span><\/strong><\/p>\n<p style=\"text-align: justify;\"><span style=\"color: #000000;\">&#8220;Quem n\u00e3o tem certeza, mesmo que ache que j\u00e1 tenha se vacinado, deve se vacinar. Se n\u00e3o tem a carteirinha que comprove a vacina\u00e7\u00e3o, n\u00e3o h\u00e1 nenhum preju\u00edzo para a sa\u00fade do indiv\u00edduo receber uma nova dose.&#8221;<\/span><\/p>\n<p style=\"text-align: justify;\"><strong><span style=\"color: #000000;\">Onde se vacinar?<\/span><\/strong><\/p>\n<p style=\"text-align: justify;\"><span style=\"color: #000000;\">&#8220;Em postos de sa\u00fade espalhados pelas cidades. O Minist\u00e9rio da Sa\u00fade disponibiliza a vacina h\u00e1 muito tempo. N\u00e3o \u00e9 uma novidade. Se todos tivessem seguido o calend\u00e1rio de vacina\u00e7\u00e3o, talvez n\u00e3o estiv\u00e9ssemos passando por esta situa\u00e7\u00e3o. \u00c9 importante destacar que a vacina n\u00e3o \u00e9 s\u00f3 para a crian\u00e7a. O adulto pode ser o respons\u00e1vel pelo in\u00edcio de um surto no pa\u00eds ou na sua regi\u00e3o. Apenas uma minoria que recebe as duas doses n\u00e3o cria imunidade. S\u00e3o cerca de 2%. Mas se toda a popula\u00e7\u00e3o estiver vacinada, essas pessoas tamb\u00e9m estar\u00e3o protegidas.<\/span><\/p>\n<p style=\"text-align: justify;\"><span style=\"color: #000000;\">Caso n\u00e3o tenham se vacinado na inf\u00e2ncia, pessoas com at\u00e9 29 anos conseguem obter duas doses da vacina na rede p\u00fablica. J\u00e1 entre 30 e 49 anos, recebem uma dose apenas. A SBIm, do ponto de vista individual, recomenda as duas doses em qualquer idade para pessoas que ainda n\u00e3o tenham sido imunizadas. Mas o Minist\u00e9rio da Sa\u00fade opta por n\u00e3o vacinar maiores de 50 anos, porque a maioria das pessoas dessa faixa et\u00e1ria teve o sarampo na inf\u00e2ncia.&#8221;<\/span><\/p>\n<p style=\"text-align: justify;\"><strong><span style=\"color: #000000;\">H\u00e1 alguma situa\u00e7\u00e3o em que a vacina n\u00e3o \u00e9 recomendada, por exemplo, ap\u00f3s o consumo \u00e1lcool ou drogas?<\/span><\/strong><\/p>\n<p style=\"text-align: justify;\"><span style=\"color: #000000;\">&#8220;Situa\u00e7\u00f5es de vida comum, como o consumo de \u00e1lcool, n\u00e3o contraindicam a vacina\u00e7\u00e3o. Uma das contraindica\u00e7\u00f5es \u00e9 relacionada com as situa\u00e7\u00f5es de imunodepress\u00e3o. Gr\u00e1vidas n\u00e3o podem ser vacinadas. Para que estas pessoas fiquem protegidas, as demais precisam se vacinar.&#8221;<\/span><\/p>\n<p style=\"text-align: justify;\"><strong><span style=\"color: #000000;\">Qual esta\u00e7\u00e3o do ano ocorre mais transmiss\u00e3o da doen\u00e7a?<\/span><\/strong><\/p>\n<p style=\"text-align: justify;\"><span style=\"color: #000000;\">&#8220;Antigamente, o sarampo tinha maior ocorr\u00eancia na primavera. Hoje, o que podemos dizer \u00e9 que ambientes fechados ampliam as chances de dissemina\u00e7\u00e3o das doen\u00e7as que s\u00e3o transmitidas por via respirat\u00f3ria&#8221;.<\/span><\/p>\n<p style=\"text-align: justify;\"><strong><span style=\"color: #000000;\">Como est\u00e1 o cen\u00e1rio atual?<\/span><\/strong><\/p>\n<p style=\"text-align: justify;\"><span style=\"color: #000000;\">&#8220;A preocupa\u00e7\u00e3o \u00e9 grande. Se n\u00e3o tomarmos as medidas necess\u00e1rias e as pessoas n\u00e3o forem se vacinar, podemos ter de volta a circula\u00e7\u00e3o do v\u00edrus do sarampo no pa\u00eds. Temos atualmente surtos secund\u00e1rios decorrentes da importa\u00e7\u00e3o do v\u00edrus. O que n\u00e3o podemos \u00e9 ter a circula\u00e7\u00e3o do v\u00edrus sem controle. De 2000 a 2013, tivemos casos pontuais e todos importados. N\u00e3o tivemos surtos. Em 2013, importamos o v\u00edrus, provavelmente da Europa, e tivemos surtos no Cear\u00e1 e em Pernambuco. De 2014 pra c\u00e1, n\u00e3o tivemos mais casos. Em 2016, recebemos o certificado de erradica\u00e7\u00e3o da circula\u00e7\u00e3o do v\u00edrus do sarampo no pa\u00eds. E agora, em 2018, fomos surpreendidos pela importa\u00e7\u00e3o da Venezuela. E temos uma preocupa\u00e7\u00e3o grande quando vemos, por exemplo, casos em Porto Alegre, onde o v\u00edrus foi trazido de Manaus&#8221;.<\/span><\/p>\n<p>&nbsp;<\/p>\n<p><a href=\"https:\/\/senoticias.com.br\/se\/wp-content\/uploads\/2018\/07\/Logomarca-fone-SE-4-2-1-1.jpg\"><img loading=\"lazy\" decoding=\"async\" class=\"aligncenter wp-image-114026 size-full\" src=\"https:\/\/senoticias.com.br\/se\/wp-content\/uploads\/2018\/07\/Logomarca-fone-SE-4-2-1-1.jpg\" alt=\"\" width=\"599\" height=\"78\" srcset=\"https:\/\/senoticias.com.br\/se\/wp-content\/uploads\/2018\/07\/Logomarca-fone-SE-4-2-1-1.jpg 599w, https:\/\/senoticias.com.br\/se\/wp-content\/uploads\/2018\/07\/Logomarca-fone-SE-4-2-1-1-300x39.jpg 300w\" sizes=\"(max-width: 599px) 100vw, 599px\" \/><\/a><\/p>\n<p>&nbsp;<\/p>\n<p><em><strong>Acompanhe tamb\u00e9m o SE Not\u00edcias no<\/strong><span class=\"apple-converted-space\"><b>\u00a0<\/b><\/span><a href=\"https:\/\/twitter.com\/Senoticias\" target=\"_blank\" rel=\"noopener\"><b>Twitter<\/b><\/a><strong>,<\/strong><span class=\"apple-converted-space\"><b>\u00a0<\/b><\/span><a href=\"https:\/\/www.facebook.com\/senoticias1\" target=\"_blank\" rel=\"noopener\"><b>Facebook<\/b><span class=\"apple-converted-space\"><b>\u00a0<\/b><\/span><\/a><strong>e no<\/strong><span class=\"apple-converted-space\"><b>\u00a0<\/b><\/span><a href=\"https:\/\/www.instagram.com\/senoticias\/\" target=\"_blank\" rel=\"noopener\"><b>Instagram<\/b><\/a><\/em><\/p>\n<p>Por Ag\u00eancia Brasil<\/p>\n","protected":false},"excerpt":{"rendered":"<p>A ocorr\u00eancia de centenas de casos confirmados de sarampo em Manaus e Roraima e a morte de um beb\u00ea em Manaus deixaram o pa\u00eds em alerta. Outros tr\u00eas estados &#8211; Rio Grande do Sul, Rond\u00f4nia e Rio de Janeiro &#8211; tamb\u00e9m j\u00e1 registraram pacientes com diagn\u00f3stico positivo para a doen\u00e7a. O Brasil n\u00e3o registrava casos [&hellip;]<\/p>\n","protected":false},"author":6553,"featured_media":0,"comment_status":"closed","ping_status":"closed","sticky":false,"template":"","format":"standard","meta":{"footnotes":""},"categories":[2961,6],"tags":[339,370,905,8123,5280,10379,223,554],"class_list":{"0":"post-114196","1":"post","2":"type-post","3":"status-publish","4":"format-standard","6":"category-nacional","7":"category-politica","8":"tag-aracaju","9":"tag-brasil","10":"tag-criancas","11":"tag-doenca","12":"tag-prevencao","13":"tag-sarampo","14":"tag-sergipe","15":"tag-vacina"},"_links":{"self":[{"href":"https:\/\/senoticias.com.br\/se\/wp-json\/wp\/v2\/posts\/114196"}],"collection":[{"href":"https:\/\/senoticias.com.br\/se\/wp-json\/wp\/v2\/posts"}],"about":[{"href":"https:\/\/senoticias.com.br\/se\/wp-json\/wp\/v2\/types\/post"}],"author":[{"embeddable":true,"href":"https:\/\/senoticias.com.br\/se\/wp-json\/wp\/v2\/users\/6553"}],"replies":[{"embeddable":true,"href":"https:\/\/senoticias.com.br\/se\/wp-json\/wp\/v2\/comments?post=114196"}],"version-history":[{"count":0,"href":"https:\/\/senoticias.com.br\/se\/wp-json\/wp\/v2\/posts\/114196\/revisions"}],"wp:attachment":[{"href":"https:\/\/senoticias.com.br\/se\/wp-json\/wp\/v2\/media?parent=114196"}],"wp:term":[{"taxonomy":"category","embeddable":true,"href":"https:\/\/senoticias.com.br\/se\/wp-json\/wp\/v2\/categories?post=114196"},{"taxonomy":"post_tag","embeddable":true,"href":"https:\/\/senoticias.com.br\/se\/wp-json\/wp\/v2\/tags?post=114196"}],"curies":[{"name":"wp","href":"https:\/\/api.w.org\/{rel}","templated":true}]}}