{"id":114185,"date":"2018-07-17T13:48:01","date_gmt":"2018-07-17T16:48:01","guid":{"rendered":"https:\/\/senoticias.com.br\/se\/?p=114185"},"modified":"2018-07-17T19:49:27","modified_gmt":"2018-07-17T22:49:27","slug":"edvaldo-reassume-comando-da-prefeitura-de-aracaju","status":"publish","type":"post","link":"https:\/\/senoticias.com.br\/se\/edvaldo-reassume-comando-da-prefeitura-de-aracaju\/","title":{"rendered":"Edvaldo Nogueira reassume comando da Prefeitura de Aracaju"},"content":{"rendered":"<p style=\"text-align: justify;\"><span style=\"color: #000000;\">O prefeito Edvaldo Nogueira reassumiu a gest\u00e3o municipal, na noite da \u00faltima segunda-feira, 16, em r\u00e1pida cerim\u00f4nia, em seu gabinete, no Centro Administrativo Alo\u00edsio Campos. Por 11 dias (entre 5 e 16 de julho), a cidade foi gerida pelo presidente da C\u00e2mara, vereador Nitinho Vitale. Neste per\u00edodo, Edvaldo esteve fora do pa\u00eds, em viagem aos Estados Unidos, onde participou do programa &#8220;Acelerando o crescimento das cidades brasileiras&#8221;, curso oferecido pela Universidade de Columbia, em Nova Iorque.<\/span><\/p>\n<p style=\"text-align: justify;\"><span style=\"color: #000000;\">\u201cFoi bastante importante este curso, pois, pela primeira na hist\u00f3ria, Aracaju foi escolhida para participar de um momento de discuss\u00e3o sobre as cidades num ambiente t\u00e3o relevante quanto a Universidade de Col\u00fambia. De modo que retorno ao comando da administra\u00e7\u00e3o municipal, com muitas ideias, com reafirma\u00e7\u00e3o das convic\u00e7\u00f5es do nosso planejamento para a cidade e com ainda mais disposi\u00e7\u00e3o para trabalhar pelo desenvolvimento e progresso de Aracaju\u201d, afirmou o prefeito.<\/span><\/p>\n<div id=\"attachment_114186\" style=\"width: 609px\" class=\"wp-caption aligncenter\"><a href=\"https:\/\/senoticias.com.br\/se\/wp-content\/uploads\/2018\/07\/mar_5539-e1531845945907.jpg\"><img loading=\"lazy\" decoding=\"async\" aria-describedby=\"caption-attachment-114186\" class=\"wp-image-114186 size-full\" src=\"https:\/\/senoticias.com.br\/se\/wp-content\/uploads\/2018\/07\/mar_5539-e1531845945907.jpg\" alt=\"\" width=\"599\" height=\"400\" \/><\/a><p id=\"caption-attachment-114186\" class=\"wp-caption-text\">Foto: Marco Vieira<\/p><\/div>\n<p style=\"text-align: justify;\"><span style=\"color: #000000;\">Na cerim\u00f4nia, Edvaldo fez um agradecimento especial ao vereador Nitinho Vitale. \u201cObrigado pelo trabalho. Fui tranquilo viajar, porque sabia que a Prefeitura estava em boas m\u00e3os. Fico muito feliz pela C\u00e2mara poder assumir este espa\u00e7o, pois estreita os nossos la\u00e7os. O trabalho numa cidade \u00e9 conjunto, por isso \u00e9 t\u00e3o importante a contribui\u00e7\u00e3o de todos. Nitinho correspondeu \u00e0s expectativas. Tem talento, garra e capacidade\u201d, ressaltou.<\/span><\/p>\n<p style=\"text-align: justify;\"><span style=\"color: #000000;\">O presidente da C\u00e2mara agradeceu a oportunidade. \u201cS\u00f3 tenho a agradecer a todos. A equipe da Prefeitura \u00e9 maravilhosa. Como presidente do Poder Legislativo, agrade\u00e7o a gentileza\u201d, declarou Nitinho.<\/span><\/p>\n<p style=\"text-align: justify;\"><strong><span style=\"color: #000000;\">A viagem<\/span><\/strong><\/p>\n<p style=\"text-align: justify;\"><span style=\"color: #000000;\">O curso na Universidade de Columbia \u00e9 uma iniciativa in\u00e9dita que ofereceu aos prefeitos brasileiros e a diversas lideran\u00e7as p\u00fablicas, privadas e especialistas da gest\u00e3o p\u00fablica, ferramentas necess\u00e1rias para solu\u00e7\u00e3o de problemas e aprimoramento de resultados. Com foco em lideran\u00e7a, inova\u00e7\u00e3o e governan\u00e7a, o treinamento abordou temas como parcerias inovadoras, \u00e9tica p\u00fablica, desenvolvimento da for\u00e7a de trabalho, cidades inteligentes, democracia digital e sustentabilidade.<\/span><\/p>\n<p style=\"text-align: justify;\"><span style=\"color: #000000;\">A troca de experi\u00eancias foi considerada muito valiosa pelos participantes do curso na Universidade. Um dos palestrantes convidados, o prefeito de Los Angeles, Eric Garcetti, explicou, por exemplo, como foi a reforma da estrutura policial da cidade \u2013 a segunda maior dos Estados Unidos \u2013, que est\u00e1 conseguindo superar uma dura imagem e tornando-se modelo para o pa\u00eds. Outro convidado, o ex-vice-prefeito de Nova Iorque, Stephen Goldsmith, falou sobre smart cities e compartilhou com os participantes alguns aprendizados de seu tempo como prefeito.<\/span><\/p>\n<p style=\"text-align: justify;\"><span style=\"color: #000000;\">Os participantes puderam entender, tamb\u00e9m, sobre desafios atuais para a gest\u00e3o p\u00fablica, como o uso das m\u00eddias sociais, apresentado por Alexis Wichowski, secret\u00e1ria de Imprensa e consultora s\u00eanior de Comunica\u00e7\u00f5es no Departamento de Servi\u00e7os de Veteranos de Nova Iorque. Entre os pontos abordados pela especialista, estava formas de fazer diferen\u00e7a usando m\u00eddias sociais, despersonaliza\u00e7\u00e3o das m\u00eddias para o bem p\u00fablico, al\u00e9m de compartilhar as melhores pr\u00e1ticas e li\u00e7\u00f5es aprendidas.<\/span><\/p>\n<p style=\"text-align: justify;\"><span style=\"color: #000000;\">\u201cFoi uma experi\u00eancia \u00fanica. Discutimos temas atuais do poder municipal e tive contato com o que h\u00e1 de mais moderno para as cidades. Tratamos de planejamento, de busca de solu\u00e7\u00f5es para a \u00e1rea p\u00fablica. Foi bastante produtivo. Como tenho afirmado, as cidades ser\u00e3o o grande motor do desenvolvimento do s\u00e9culo XXI\u201d, comentou Edvaldo.<\/span><\/p>\n<p>&nbsp;<\/p>\n<p><a href=\"https:\/\/senoticias.com.br\/se\/wp-content\/uploads\/2018\/07\/Logomarca-fone-SE-4-2-1-1.jpg\"><img loading=\"lazy\" decoding=\"async\" class=\"aligncenter wp-image-114026 size-full\" src=\"https:\/\/senoticias.com.br\/se\/wp-content\/uploads\/2018\/07\/Logomarca-fone-SE-4-2-1-1.jpg\" alt=\"\" width=\"599\" height=\"78\" srcset=\"https:\/\/senoticias.com.br\/se\/wp-content\/uploads\/2018\/07\/Logomarca-fone-SE-4-2-1-1.jpg 599w, https:\/\/senoticias.com.br\/se\/wp-content\/uploads\/2018\/07\/Logomarca-fone-SE-4-2-1-1-300x39.jpg 300w\" sizes=\"(max-width: 599px) 100vw, 599px\" \/><\/a><\/p>\n<p>&nbsp;<\/p>\n<p><em><strong>Acompanhe tamb\u00e9m o SE Not\u00edcias no<\/strong><span class=\"apple-converted-space\"><b>\u00a0<\/b><\/span><a href=\"https:\/\/twitter.com\/Senoticias\" target=\"_blank\" rel=\"noopener\"><b>Twitter<\/b><\/a><strong>,<\/strong><span class=\"apple-converted-space\"><b>\u00a0<\/b><\/span><a href=\"https:\/\/www.facebook.com\/senoticias1\" target=\"_blank\" rel=\"noopener\"><b>Facebook<\/b><span class=\"apple-converted-space\"><b>\u00a0<\/b><\/span><\/a><strong>e no<\/strong><span class=\"apple-converted-space\"><b>\u00a0<\/b><\/span><a href=\"https:\/\/www.instagram.com\/senoticias\/\" target=\"_blank\" rel=\"noopener\"><b>Instagram<\/b><\/a><\/em><\/p>\n<p>Por Ag\u00eancia Aracaju de Not\u00edcias<\/p>\n","protected":false},"excerpt":{"rendered":"<p>O prefeito Edvaldo Nogueira reassumiu a gest\u00e3o municipal, na noite da \u00faltima segunda-feira, 16, em r\u00e1pida cerim\u00f4nia, em seu gabinete, no Centro Administrativo Alo\u00edsio Campos. Por 11 dias (entre 5 e 16 de julho), a cidade foi gerida pelo presidente da C\u00e2mara, vereador Nitinho Vitale. Neste per\u00edodo, Edvaldo esteve fora do pa\u00eds, em viagem aos [&hellip;]<\/p>\n","protected":false},"author":6553,"featured_media":0,"comment_status":"closed","ping_status":"closed","sticky":false,"template":"","format":"standard","meta":{"footnotes":""},"categories":[6],"tags":[339,1436,7607,2168,223,7694],"class_list":{"0":"post-114185","1":"post","2":"type-post","3":"status-publish","4":"format-standard","6":"category-politica","7":"tag-aracaju","8":"tag-edvaldo","9":"tag-eua","10":"tag-politica","11":"tag-sergipe","12":"tag-viagem"},"_links":{"self":[{"href":"https:\/\/senoticias.com.br\/se\/wp-json\/wp\/v2\/posts\/114185"}],"collection":[{"href":"https:\/\/senoticias.com.br\/se\/wp-json\/wp\/v2\/posts"}],"about":[{"href":"https:\/\/senoticias.com.br\/se\/wp-json\/wp\/v2\/types\/post"}],"author":[{"embeddable":true,"href":"https:\/\/senoticias.com.br\/se\/wp-json\/wp\/v2\/users\/6553"}],"replies":[{"embeddable":true,"href":"https:\/\/senoticias.com.br\/se\/wp-json\/wp\/v2\/comments?post=114185"}],"version-history":[{"count":0,"href":"https:\/\/senoticias.com.br\/se\/wp-json\/wp\/v2\/posts\/114185\/revisions"}],"wp:attachment":[{"href":"https:\/\/senoticias.com.br\/se\/wp-json\/wp\/v2\/media?parent=114185"}],"wp:term":[{"taxonomy":"category","embeddable":true,"href":"https:\/\/senoticias.com.br\/se\/wp-json\/wp\/v2\/categories?post=114185"},{"taxonomy":"post_tag","embeddable":true,"href":"https:\/\/senoticias.com.br\/se\/wp-json\/wp\/v2\/tags?post=114185"}],"curies":[{"name":"wp","href":"https:\/\/api.w.org\/{rel}","templated":true}]}}